{"id":74179,"date":"2025-11-17T15:29:22","date_gmt":"2025-11-17T18:29:22","guid":{"rendered":"https:\/\/www.paranapraia.com.br\/?p=74179"},"modified":"2025-11-17T15:29:25","modified_gmt":"2025-11-17T18:29:25","slug":"com-fim-da-capacitacao-estado-divulga-lista-dos-154-academicos-que-atuarao-no-verao-maior","status":"publish","type":"post","link":"https:\/\/www.paranapraia.com.br\/index.php\/2025\/11\/17\/com-fim-da-capacitacao-estado-divulga-lista-dos-154-academicos-que-atuarao-no-verao-maior\/","title":{"rendered":"Com fim da capacita\u00e7\u00e3o, Estado divulga lista dos 154 acad\u00eamicos que atuar\u00e3o no Ver\u00e3o Maior"},"content":{"rendered":"\n<p>A Secretaria de Estado do Esporte (SEES) concluiu, nesta semana, o processo de capacita\u00e7\u00e3o dos acad\u00eamicos selecionados para atuar no Ver\u00e3o Maior Paran\u00e1 2025\/26. Ap\u00f3s seis dias de atividades intensivas na Associa\u00e7\u00e3o Banestado, em Pontal do Paran\u00e1, foram definidos os&nbsp;<a href=\"https:\/\/www.esporte.pr.gov.br\/sites\/default\/arquivos_restritos\/files\/documento\/2025-11\/LISTA%20DE%20ACADEMICOS%20SELECIONADOS%20VER%C3%83O%202026.pdf\" target=\"_blank\" rel=\"noreferrer noopener\">154 aprovados que integrar\u00e3o as equipes dos postos fixos<\/a>&nbsp;e a\u00e7\u00f5es itinerantes ao longo da temporada, que ocorre entre 28 de dezembro e 2 de fevereiro.<\/p>\n\n\n\n<p>Ao todo, foram aprovados 112 acad\u00eamicos de Educa\u00e7\u00e3o F\u00edsica, 30 de Turismo e 12 de Comunica\u00e7\u00e3o, que agora passam a compor a linha de frente das atividades esportivas, recreativas, educativas e de atendimento ao p\u00fablico promovidas pelo Governo do Estado no Litoral e no Noroeste do Paran\u00e1.<\/p>\n\n\n\n<p>As equipes atuar\u00e3o em sete postos fixos no Litoral &#8211; Caiob\u00e1 e Riviera (Matinhos), Praia de Leste, Shangri-l\u00e1, Ipanema, Guaratuba &#8211; e a novidade desta edi\u00e7\u00e3o, o posto Paranagu\u00e1\/Ilha do Mel, al\u00e9m de tr\u00eas postos fixos no Noroeste (Porto Rico, Porto S\u00e3o Jos\u00e9 e Porto Maring\u00e1). Tamb\u00e9m far\u00e3o parte da programa\u00e7\u00e3o as equipes dos Palcos Sunset e dos Postos Itinerantes, que percorrer\u00e3o diversas praias com atividades esportivas e recreativas.<\/p>\n\n\n\n<p>Durante a imers\u00e3o realizada na Associa\u00e7\u00e3o Banestado, os acad\u00eamicos participaram de oficinas pr\u00e1ticas, palestras e atividades de simula\u00e7\u00e3o, preparadas por profissionais da SEES, SETU e demais \u00f3rg\u00e3os parceiros.&nbsp;<\/p>\n\n\n\n<p>Para o coordenador das a\u00e7\u00f5es da SEES no Ver\u00e3o Maior Paran\u00e1, Mauro Cachel, a etapa \u00e9 fundamental para garantir a qualidade das a\u00e7\u00f5es oferecidas durante a temporada. \u201c\u00c9 uma oportunidade de viv\u00eancia pr\u00e1tica e aprendizado em um dos maiores projetos do Estado, que une esporte, lazer e turismo em prol da popula\u00e7\u00e3o e do desenvolvimento regional\u201d, destacou.<\/p>\n\n\n\n<p>O diretor de Inova\u00e7\u00e3o e Desenvolvimento da SEES, Tiago Campos, refor\u00e7ou que o programa tamb\u00e9m funciona como porta de entrada para a forma\u00e7\u00e3o profissional. \u201cO Ver\u00e3o Maior \u00e9 uma grande vitrine do esporte e do turismo paranaense, e participar dele \u00e9 uma experi\u00eancia transformadora. Al\u00e9m de contribuir com um evento de impacto social e econ\u00f4mico, os acad\u00eamicos adquirem experi\u00eancia, responsabilidade e esp\u00edrito de equipe\u201d, afirmou.<\/p>\n\n\n\n<p><strong>TURISMO&nbsp;<\/strong>\u2013 A capacita\u00e7\u00e3o dos acad\u00eamicos de Turismo, realizada em parceria com a Secretaria de Estado do Turismo (Setu), abordou boas pr\u00e1ticas de recep\u00e7\u00e3o, informa\u00e7\u00e3o tur\u00edstica de qualidade e valoriza\u00e7\u00e3o das comunidades locais.&nbsp;<\/p>\n\n\n\n<p>O secret\u00e1rio estadual do Turismo, Leonaldo Paranhos, destacou a import\u00e2ncia da iniciativa. \u201cO Ver\u00e3o Maior Paran\u00e1 \u00e9 um exemplo de integra\u00e7\u00e3o e planejamento. Quando o Governo do Estado investe na forma\u00e7\u00e3o de quem estar\u00e1 na linha de frente, est\u00e1 investindo tamb\u00e9m em um turismo mais acolhedor, sustent\u00e1vel e profissional\u201d, ressaltou.<\/p>\n\n\n\n<p>J\u00e1 a coordenadora de Qualifica\u00e7\u00e3o do Turismo da Setu, Rafaela de Angelis Barros, lembrou que a prepara\u00e7\u00e3o \u00e9 essencial para fortalecer a imagem do Estado junto aos visitantes. \u201cA capacita\u00e7\u00e3o prepara nossos coordenadores e monitores para atender bem, informar corretamente e representar com orgulho o Paran\u00e1\u201d, afirmou.<\/p>\n\n\n\n<p><strong>PROGRAMA\u00c7\u00c3O CULTURAL<\/strong>\u00a0\u2013 A temporada 2025\/26 contar\u00e1 com uma programa\u00e7\u00e3o cultural robusta. Pelo edital dos Palcos Sunset, ser\u00e3o\u00a0selecionados 52 artistas paranaenses, que se apresentar\u00e3o em Caiob\u00e1, Guaratuba e Shangri-l\u00e1, no Litoral, e em Porto Rico e Porto S\u00e3o Jos\u00e9, no Noroeste. As apresenta\u00e7\u00f5es ocorrer\u00e3o de 2 a 31 de janeiro de 2026.<\/p>\n\n\n\n<p>Al\u00e9m disso, o calend\u00e1rio inclui\u00a0cinco finais de semana consecutivos de shows gratuitos, entre 9 de janeiro e 8 de fevereiro, com transmiss\u00e3o nacional do SBT, Band, TVCI, Banda B e TV Paran\u00e1 Turismo. A programa\u00e7\u00e3o ter\u00e1 nomes como Alok, Ana Castela, Belo, Z\u00e9 Neto e Cristiano, Paralamas do Sucesso, Gipsy Kings by Andre Reyes e Inner Circle.<\/p>\n\n\n\n<p>Integrado por diversas secretarias e \u00f3rg\u00e3os estaduais, o Ver\u00e3o Maior Paran\u00e1 oferece a\u00e7\u00f5es de lazer, esporte, turismo, sa\u00fade, seguran\u00e7a e servi\u00e7os \u00e0 popula\u00e7\u00e3o e visitantes. A edi\u00e7\u00e3o 2024\/2025 registrou n\u00fameros expressivos: 2,4 milh\u00f5es de atendimentos realizados pelos postos fixos e 1,8 milh\u00e3o de pessoas presentes nos grandes shows gratuitos.<\/p>\n\n\n\n<p>AEN\/PR<\/p>\n","protected":false},"excerpt":{"rendered":"<p>A Secretaria de Estado do Esporte (SEES) concluiu, nesta semana, o processo de capacita\u00e7\u00e3o dos acad\u00eamicos selecionados para atuar no Ver\u00e3o Maior Paran\u00e1 2025\/26. Ap\u00f3s seis dias de atividades intensivas na Associa\u00e7\u00e3o Banestado, em Pontal do Paran\u00e1, foram definidos os&nbsp;154 aprovados que integrar\u00e3o as equipes dos postos fixos&nbsp;e a\u00e7\u00f5es itinerantes ao longo da temporada, que [&hellip;]<\/p>\n","protected":false},"author":2,"featured_media":74180,"comment_status":"open","ping_status":"open","sticky":false,"template":"","format":"standard","meta":{"advanced_seo_description":"","jetpack_seo_html_title":"","jetpack_seo_noindex":false,"_jetpack_memberships_contains_paid_content":false,"footnotes":""},"categories":[40],"tags":[],"class_list":{"0":"post-74179","1":"post","2":"type-post","3":"status-publish","4":"format-standard","5":"has-post-thumbnail","7":"category-destaques"},"jetpack_featured_media_url":"https:\/\/www.paranapraia.com.br\/wp-content\/uploads\/2025\/11\/img_7193-scaled.jpg","jetpack_sharing_enabled":true,"_links":{"self":[{"href":"https:\/\/www.paranapraia.com.br\/index.php\/wp-json\/wp\/v2\/posts\/74179"}],"collection":[{"href":"https:\/\/www.paranapraia.com.br\/index.php\/wp-json\/wp\/v2\/posts"}],"about":[{"href":"https:\/\/www.paranapraia.com.br\/index.php\/wp-json\/wp\/v2\/types\/post"}],"author":[{"embeddable":true,"href":"https:\/\/www.paranapraia.com.br\/index.php\/wp-json\/wp\/v2\/users\/2"}],"replies":[{"embeddable":true,"href":"https:\/\/www.paranapraia.com.br\/index.php\/wp-json\/wp\/v2\/comments?post=74179"}],"version-history":[{"count":1,"href":"https:\/\/www.paranapraia.com.br\/index.php\/wp-json\/wp\/v2\/posts\/74179\/revisions"}],"predecessor-version":[{"id":74181,"href":"https:\/\/www.paranapraia.com.br\/index.php\/wp-json\/wp\/v2\/posts\/74179\/revisions\/74181"}],"wp:featuredmedia":[{"embeddable":true,"href":"https:\/\/www.paranapraia.com.br\/index.php\/wp-json\/wp\/v2\/media\/74180"}],"wp:attachment":[{"href":"https:\/\/www.paranapraia.com.br\/index.php\/wp-json\/wp\/v2\/media?parent=74179"}],"wp:term":[{"taxonomy":"category","embeddable":true,"href":"https:\/\/www.paranapraia.com.br\/index.php\/wp-json\/wp\/v2\/categories?post=74179"},{"taxonomy":"post_tag","embeddable":true,"href":"https:\/\/www.paranapraia.com.br\/index.php\/wp-json\/wp\/v2\/tags?post=74179"}],"curies":[{"name":"wp","href":"https:\/\/api.w.org\/{rel}","templated":true}]}}