{"id":74176,"date":"2025-11-17T12:51:58","date_gmt":"2025-11-17T15:51:58","guid":{"rendered":"https:\/\/www.paranapraia.com.br\/?p=74176"},"modified":"2025-11-17T12:52:01","modified_gmt":"2025-11-17T15:52:01","slug":"motos-a-partir-de-r-632-e-carros-de-r-12-mil-leilao-do-estado-abre-visitacao-na-terca-feira","status":"publish","type":"post","link":"https:\/\/www.paranapraia.com.br\/index.php\/2025\/11\/17\/motos-a-partir-de-r-632-e-carros-de-r-12-mil-leilao-do-estado-abre-visitacao-na-terca-feira\/","title":{"rendered":"Motos a partir de R$ 632 e carros de R$ 1,2 mil; leil\u00e3o do Estado abre visita\u00e7\u00e3o na ter\u00e7a-feira"},"content":{"rendered":"\n<p>As visitas para o leil\u00e3o de ve\u00edculos n\u00ba 14\/2025 do Governo do Paran\u00e1, o \u00faltimo deste ano, come\u00e7am nesta ter\u00e7a-feira (18) no p\u00e1tio do Instituto de Desenvolvimento Rural do Paran\u00e1 (IDR-PR), no bairro Santa C\u00e2ndida, em Curitiba. Ao todo, s\u00e3o 302 oportunidades para os interessados, com lotes distribu\u00eddos em sete cidades: Curitiba, S\u00e3o Jos\u00e9 dos Pinhais, Piraquara, Ponta Grossa, Londrina, Maring\u00e1 e Pai\u00e7andu.<\/p>\n\n\n\n<p>Os valores das motocicletas dispon\u00edveis come\u00e7am em R$ 632,85 (lote 6) e dos carros em R$ 1.219,95 (lote 51). Os interessados t\u00eam at\u00e9 28 de novembro para se inscrever no site do leiloeiro: www.kleiloes.com.br. A abertura de lances est\u00e1 prevista para o dia 24, \u00e0s 10h.&nbsp;Destes ve\u00edculos, 281 s\u00e3o recuper\u00e1veis e os outros 17 lotes s\u00e3o considerados sucatas.<\/p>\n\n\n\n<p>At\u00e9 o momento, em 2025, o Estado do Paran\u00e1 j\u00e1 arrecadou mais de R$ 10 milh\u00f5es com a aliena\u00e7\u00e3o de ve\u00edculos inserv\u00edveis ou desnecess\u00e1rios, atrav\u00e9s de leil\u00f5es que s\u00e3o gerenciados pela Secretaria da Administra\u00e7\u00e3o e da Previd\u00eancia, por meio do Departamento de Gest\u00e3o do Transporte Oficial (Deto\/Seap). Entre os ve\u00edculos dispon\u00edveis neste \u00faltimo leil\u00e3o do ano, destacam-se modelos de Ford Focus, Toyota Band, Agrale Marru\u00e1, micro-\u00f4nibus Marcopolo Volare e Kombi Picape.&nbsp;<\/p>\n\n\n\n<p>Para Luiz\u00e3o Goulart, secret\u00e1rio da Administra\u00e7\u00e3o e da Previd\u00eancia, o balan\u00e7o dos leil\u00f5es j\u00e1 realizados neste ano indica uma articula\u00e7\u00e3o importante para arrecadar recursos e limpar p\u00e1tios. \u201cAo liberar estes terrenos, eliminamos focos de doen\u00e7as como a dengue, al\u00e9m de arrecadar recursos para o Estado reinvestir onde \u00e9 mais necess\u00e1rio e estrat\u00e9gico\u201d, disse.<\/p>\n\n\n\n<p>Os lances de encerramento est\u00e3o programados para os dias 1.\u00ba, 02 e 03 de dezembro, dependendo do lote.<\/p>\n\n\n\n<p><strong>Confira locais, datas e hor\u00e1rios de visita\u00e7\u00e3o dos lotes:<\/strong><\/p>\n\n\n\n<p><strong>Lotes 01 a 23<\/strong><\/p>\n\n\n\n<p>Curitiba&nbsp;\u2013 P\u00e1tio do IDR-PR (Rua Engenheiro Gast\u00e3o Chaves, 162 &#8211; Santa C\u00e2ndida)<br>Data: 18\/11 (ter\u00e7a-feira), das 9h \u00e0s 12h e das 13h30h \u00e0s 17h<\/p>\n\n\n\n<p><strong>Lotes 24 a 177<\/strong><\/p>\n\n\n\n<p>S\u00e3o Jos\u00e9 dos Pinhais&nbsp;\u2013 P\u00e1tio da Pol\u00edcia Civil (Rua Vanderlei Moreno, 14.000 &#8211; Borda do Campo).<br>Data: 19\/11 (quarta-feira), das 9h \u00e0s 12h e das 13h30h \u00e0s 17h<\/p>\n\n\n\n<p><strong>Lotes 178 a 205<\/strong><\/p>\n\n\n\n<p>Piraquara&nbsp;\u2013 P\u00e1tio do Deppen (Rua Is\u00eddio Alves Ribeiro, s\/n &#8211; Planta Meireles).<br>Data: 24\/11 (segunda-feira), das 9h \u00e0s 12h e das 13h30h \u00e0s 17h<\/p>\n\n\n\n<p><strong>Lotes 206 a 224<\/strong><\/p>\n\n\n\n<p>Ponta Grossa&nbsp;\u2013 P\u00e1tio do Corpo de Bombeiros (Rua Maximiliano Magagnin, 564 \u2013 Car\u00e1 Car\u00e1).<br>Data: 25\/11 (ter\u00e7a-feira), das 9h \u00e0s 12h e das 13h30h \u00e0s 17h<\/p>\n\n\n\n<p><strong>Lotes 225 a 268<\/strong><\/p>\n\n\n\n<p>Londrina&nbsp;\u2013 P\u00e1tio do IDR-PR (Rua Rodovia Celso Garcia Cid, Km 375 &#8211; Conjunto Ernani Moura Lima II).<br>Data: 27\/11 (quinta-feira), das 9h \u00e0s 12h e das 13h30h \u00e0s 17h<\/p>\n\n\n\n<p><strong>Lotes 269 a 291<\/strong><\/p>\n\n\n\n<p>Maring\u00e1&nbsp;\u2013 P\u00e1tio da UEM (Av. Colombo, 5790 &#8211; Zona 7).<br>Data: 28\/11 (sexta-feira), das 9h \u00e0s 12h e das 13h30h \u00e0s 17h<\/p>\n\n\n\n<p><strong>Lotes 292 a 298<\/strong><\/p>\n\n\n\n<p>Pai\u00e7andu&nbsp;\u2013 P\u00e1tio do Deppen (Estrada Velha de Pai\u00e7andu, 2812 \u2013 Pai\u00e7andu).<br>Data: 28\/11 (sexta-feira), das 9h \u00e0s 12h e das 13h30h \u00e0s 17h<\/p>\n\n\n\n<p>AEN\/PR<\/p>\n","protected":false},"excerpt":{"rendered":"<p>As visitas para o leil\u00e3o de ve\u00edculos n\u00ba 14\/2025 do Governo do Paran\u00e1, o \u00faltimo deste ano, come\u00e7am nesta ter\u00e7a-feira (18) no p\u00e1tio do Instituto de Desenvolvimento Rural do Paran\u00e1 (IDR-PR), no bairro Santa C\u00e2ndida, em Curitiba. Ao todo, s\u00e3o 302 oportunidades para os interessados, com lotes distribu\u00eddos em sete cidades: Curitiba, S\u00e3o Jos\u00e9 dos [&hellip;]<\/p>\n","protected":false},"author":2,"featured_media":74177,"comment_status":"open","ping_status":"open","sticky":false,"template":"","format":"standard","meta":{"advanced_seo_description":"","jetpack_seo_html_title":"","jetpack_seo_noindex":false,"_jetpack_memberships_contains_paid_content":false,"footnotes":""},"categories":[40],"tags":[],"class_list":{"0":"post-74176","1":"post","2":"type-post","3":"status-publish","4":"format-standard","5":"has-post-thumbnail","7":"category-destaques"},"jetpack_featured_media_url":"https:\/\/www.paranapraia.com.br\/wp-content\/uploads\/2025\/11\/20251010_175008-scaled.jpg","jetpack_sharing_enabled":true,"_links":{"self":[{"href":"https:\/\/www.paranapraia.com.br\/index.php\/wp-json\/wp\/v2\/posts\/74176"}],"collection":[{"href":"https:\/\/www.paranapraia.com.br\/index.php\/wp-json\/wp\/v2\/posts"}],"about":[{"href":"https:\/\/www.paranapraia.com.br\/index.php\/wp-json\/wp\/v2\/types\/post"}],"author":[{"embeddable":true,"href":"https:\/\/www.paranapraia.com.br\/index.php\/wp-json\/wp\/v2\/users\/2"}],"replies":[{"embeddable":true,"href":"https:\/\/www.paranapraia.com.br\/index.php\/wp-json\/wp\/v2\/comments?post=74176"}],"version-history":[{"count":1,"href":"https:\/\/www.paranapraia.com.br\/index.php\/wp-json\/wp\/v2\/posts\/74176\/revisions"}],"predecessor-version":[{"id":74178,"href":"https:\/\/www.paranapraia.com.br\/index.php\/wp-json\/wp\/v2\/posts\/74176\/revisions\/74178"}],"wp:featuredmedia":[{"embeddable":true,"href":"https:\/\/www.paranapraia.com.br\/index.php\/wp-json\/wp\/v2\/media\/74177"}],"wp:attachment":[{"href":"https:\/\/www.paranapraia.com.br\/index.php\/wp-json\/wp\/v2\/media?parent=74176"}],"wp:term":[{"taxonomy":"category","embeddable":true,"href":"https:\/\/www.paranapraia.com.br\/index.php\/wp-json\/wp\/v2\/categories?post=74176"},{"taxonomy":"post_tag","embeddable":true,"href":"https:\/\/www.paranapraia.com.br\/index.php\/wp-json\/wp\/v2\/tags?post=74176"}],"curies":[{"name":"wp","href":"https:\/\/api.w.org\/{rel}","templated":true}]}}