{"id":74173,"date":"2025-11-17T12:48:52","date_gmt":"2025-11-17T15:48:52","guid":{"rendered":"https:\/\/www.paranapraia.com.br\/?p=74173"},"modified":"2025-11-17T12:48:57","modified_gmt":"2025-11-17T15:48:57","slug":"estado-lanca-edital-para-artistas-do-parana-se-apresentarem-nos-palcos-sunset-do-verao-maior","status":"publish","type":"post","link":"https:\/\/www.paranapraia.com.br\/index.php\/2025\/11\/17\/estado-lanca-edital-para-artistas-do-parana-se-apresentarem-nos-palcos-sunset-do-verao-maior\/","title":{"rendered":"Estado lan\u00e7a edital para artistas do Paran\u00e1 se apresentarem nos Palcos Sunset do Ver\u00e3o Maior"},"content":{"rendered":"\n<p>O Governo do Paran\u00e1, por meio da Secretaria de Estado da Cultura (SEEC) e do Palco Paran\u00e1, lan\u00e7ou nesta segunda-feira (17) o edital de chamamento p\u00fablico voltado a artistas paranaenses interessados em integrar a programa\u00e7\u00e3o dos Palcos Sunset do Ver\u00e3o Maior Paran\u00e1 2026. A iniciativa busca valorizar a produ\u00e7\u00e3o musical paranaense e garantir que o p\u00fablico que prestigia o ver\u00e3o nas praias do Litoral e nos balne\u00e1rios de \u00e1gua doce no Interior tenha acesso a uma programa\u00e7\u00e3o diversa, gratuita e de alta qualidade. O edital completo j\u00e1 est\u00e1 dispon\u00edvel no site do PalcoParan\u00e1 e pode ser acessado&nbsp;<strong><a href=\"https:\/\/www.palcoparana.pr.gov.br\/Pagina\/Editais\" target=\"_blank\" rel=\"noreferrer noopener\">AQUI<\/a>.<\/strong><\/p>\n\n\n\n<p>No total, 52 artistas paranaenses, de diferentes g\u00eaneros e estilos musicais, ser\u00e3o selecionados via edital para se apresentarem nos Palcos Sunset, que ser\u00e3o montados em Caiob\u00e1, Guaratuba e Shangri-l\u00e1 (Litoral), e nas cidades de Porto Rico e Porto S\u00e3o Jos\u00e9 (em S\u00e3o Pedro do Paran\u00e1), no Noroeste do Estado. Os shows acontecer\u00e3o de 2 a 31 de janeiro de 2026, durante a temporada do Ver\u00e3o Maior Paran\u00e1 2025\/26.<\/p>\n\n\n\n<p>O prazo de inscri\u00e7\u00e3o inicia nesta segunda-feira (17) e encerra \u00e0s 18h do dia 1\u00ba de dezembro de 2025. Os interessados devem enviar os documentos descritos em edital para o e-mail artistaspr@palcoparana.pr.gov.br. A inscri\u00e7\u00e3o ocorre com o envio por e-mail de toda a documenta\u00e7\u00e3o solicitada, juntamente com os anexos devidamente preenchidos e assinados de forma digital.<\/p>\n\n\n\n<p><strong>CACH\u00caS E CATEGORIAIS<\/strong>&nbsp;\u2013 Os cach\u00eas ser\u00e3o divididos em cinco categorias: 1) R$ 6.000,00; 2)&nbsp; R$ 12.000,00; 3) R$ 25.000,00; 4) 35.000,00; 5) R$ 45.000,00. A Categoria 1 \u00e9 voltada a artistas solo nascidos ou radicados em um dos munic\u00edpios que ir\u00e3o receber o Palco Sunset do Ver\u00e3o Maior. J\u00e1 as Categorias 2, 3, 4 e 5 s\u00e3o destinadas a grupos musicais ou bandas de qualquer parte do Paran\u00e1.<\/p>\n\n\n\n<p>Todo o processo de inscri\u00e7\u00e3o, an\u00e1lise de m\u00e9rito, recursos, habilita\u00e7\u00e3o, dilig\u00eancias e acompanhamento das propostas ser\u00e1 divulgado no site do&nbsp;<strong><a href=\"https:\/\/www.palcoparana.pr.gov.br\/\" target=\"_blank\" rel=\"noreferrer noopener\">PALCOPARAN\u00c1<\/a><\/strong>&nbsp;e no Di\u00e1rio Oficial do Estado.<\/p>\n\n\n\n<p>Os Palcos Sunset s\u00e3o espa\u00e7os especialmente voltados \u00e0 m\u00fasica paranaense e ao encontro entre p\u00fablico e artistas, funcionando como vitrines para a cena paranaense. O edital vai selecionar m\u00fasicos e bandas de diferentes estilos, com o objetivo de ampliar as oportunidades de circula\u00e7\u00e3o art\u00edstica no Estado.<\/p>\n\n\n\n<p>Para a secret\u00e1ria de Estado da Cultura, Luciana Casagrande Pereira, o edital materializa o compromisso do Governo do Paran\u00e1 com o fortalecimento da cadeia cultural e a valoriza\u00e7\u00e3o do trabalho art\u00edstico em todas as regi\u00f5es.<\/p>\n\n\n\n<p>\u201cO Ver\u00e3o Maior \u00e9 uma das a\u00e7\u00f5es mais abrangentes do Governo do Estado, e a presen\u00e7a dos artistas paranaenses nos Palcos Sunset traduz perfeitamente o esp\u00edrito do programa: celebrar a diversidade, o talento e a cultura do nosso povo. \u00c9 uma forma de aproximar o p\u00fablico da arte feita aqui e de reconhecer a import\u00e2ncia dos nossos m\u00fasicos e bandas para o desenvolvimento cultural do Paran\u00e1\u201d, destaca.<\/p>\n\n\n\n<p><strong>VER\u00c3O MAIOR PARAN\u00c1<\/strong>&nbsp;\u2013 O Ver\u00e3o Maior Paran\u00e1 \u00e9 uma a\u00e7\u00e3o integrada do Governo do Estado, reunindo diversas secretarias para promover lazer, bem-estar e desenvolvimento regional. Na \u00faltima edi\u00e7\u00e3o, o programa gerou impacto econ\u00f4mico de R$ 152,9 milh\u00f5es no PIB estadual, segundo o Instituto Paranaense de Desenvolvimento Econ\u00f4mico e Social (Ipardes). Foram 2.335 empregos diretos e indiretos, com acr\u00e9scimo de R$ 64,6 milh\u00f5es na massa salarial e R$ 13 milh\u00f5es em arrecada\u00e7\u00e3o adicional de ICMS \u2013 resultados de um investimento de R$ 128 milh\u00f5es em programa\u00e7\u00e3o e infraestrutura nas regi\u00f5es do Litoral e Noroeste.<\/p>\n\n\n\n<p><strong>Servi\u00e7o:<\/strong><\/p>\n\n\n\n<p>Edital de chamamento para artistas paranaenses tocarem nos Palcos Sunset do Ver\u00e3o Maior Paran\u00e1 2026<\/p>\n\n\n\n<p>Inscri\u00e7\u00f5es: de 17\/11 at\u00e9 as 18h do dia 01\/12\/25<\/p>\n\n\n\n<p>Edital completo dispon\u00edvel no site do PalcoParan\u00e1 em:&nbsp;<strong><a href=\"https:\/\/www.palcoparana.pr.gov.br\/Pagina\/Editais\" target=\"_blank\" rel=\"noreferrer noopener\">www.palcoparana.pr.gov.br\/Pagina\/Editais<\/a><\/strong><\/p>\n\n\n\n<p>Interessados devem enviar os documentos descritos em edital para o e-mail artistaspr@palcoparana.pr.gov.br.<\/p>\n\n\n\n<p>AEN\/PR<\/p>\n","protected":false},"excerpt":{"rendered":"<p>O Governo do Paran\u00e1, por meio da Secretaria de Estado da Cultura (SEEC) e do Palco Paran\u00e1, lan\u00e7ou nesta segunda-feira (17) o edital de chamamento p\u00fablico voltado a artistas paranaenses interessados em integrar a programa\u00e7\u00e3o dos Palcos Sunset do Ver\u00e3o Maior Paran\u00e1 2026. A iniciativa busca valorizar a produ\u00e7\u00e3o musical paranaense e garantir que o [&hellip;]<\/p>\n","protected":false},"author":2,"featured_media":74174,"comment_status":"open","ping_status":"open","sticky":false,"template":"","format":"standard","meta":{"advanced_seo_description":"","jetpack_seo_html_title":"","jetpack_seo_noindex":false,"_jetpack_memberships_contains_paid_content":false,"footnotes":""},"categories":[40],"tags":[],"class_list":{"0":"post-74173","1":"post","2":"type-post","3":"status-publish","4":"format-standard","5":"has-post-thumbnail","7":"category-destaques"},"jetpack_featured_media_url":"https:\/\/www.paranapraia.com.br\/wp-content\/uploads\/2025\/11\/20250115_agb_terezo_verao_maior-8geraldo_bubniak-scaled.jpg","jetpack_sharing_enabled":true,"_links":{"self":[{"href":"https:\/\/www.paranapraia.com.br\/index.php\/wp-json\/wp\/v2\/posts\/74173"}],"collection":[{"href":"https:\/\/www.paranapraia.com.br\/index.php\/wp-json\/wp\/v2\/posts"}],"about":[{"href":"https:\/\/www.paranapraia.com.br\/index.php\/wp-json\/wp\/v2\/types\/post"}],"author":[{"embeddable":true,"href":"https:\/\/www.paranapraia.com.br\/index.php\/wp-json\/wp\/v2\/users\/2"}],"replies":[{"embeddable":true,"href":"https:\/\/www.paranapraia.com.br\/index.php\/wp-json\/wp\/v2\/comments?post=74173"}],"version-history":[{"count":1,"href":"https:\/\/www.paranapraia.com.br\/index.php\/wp-json\/wp\/v2\/posts\/74173\/revisions"}],"predecessor-version":[{"id":74175,"href":"https:\/\/www.paranapraia.com.br\/index.php\/wp-json\/wp\/v2\/posts\/74173\/revisions\/74175"}],"wp:featuredmedia":[{"embeddable":true,"href":"https:\/\/www.paranapraia.com.br\/index.php\/wp-json\/wp\/v2\/media\/74174"}],"wp:attachment":[{"href":"https:\/\/www.paranapraia.com.br\/index.php\/wp-json\/wp\/v2\/media?parent=74173"}],"wp:term":[{"taxonomy":"category","embeddable":true,"href":"https:\/\/www.paranapraia.com.br\/index.php\/wp-json\/wp\/v2\/categories?post=74173"},{"taxonomy":"post_tag","embeddable":true,"href":"https:\/\/www.paranapraia.com.br\/index.php\/wp-json\/wp\/v2\/tags?post=74173"}],"curies":[{"name":"wp","href":"https:\/\/api.w.org\/{rel}","templated":true}]}}