{"id":74161,"date":"2025-11-16T13:16:30","date_gmt":"2025-11-16T16:16:30","guid":{"rendered":"https:\/\/www.paranapraia.com.br\/?p=74161"},"modified":"2025-11-16T13:16:33","modified_gmt":"2025-11-16T16:16:33","slug":"festa-do-rocio-reune-milhares-de-fieis-e-conta-com-apoio-de-servicos-e-infraestrutura-da-prefeitura-de-paranagua","status":"publish","type":"post","link":"https:\/\/www.paranapraia.com.br\/index.php\/2025\/11\/16\/festa-do-rocio-reune-milhares-de-fieis-e-conta-com-apoio-de-servicos-e-infraestrutura-da-prefeitura-de-paranagua\/","title":{"rendered":"Festa do Rocio re\u00fane milhares de fi\u00e9is e conta com apoio de servi\u00e7os e infraestrutura da Prefeitura de Paranagu\u00e1"},"content":{"rendered":"\n<p>A tradicional missa campal da Festa de Nossa Senhora do Rocio reuniu milhares de romeiros neste s\u00e1bado, dia 15, reafirmando Paranagu\u00e1 como ber\u00e7o da f\u00e9 e da hist\u00f3ria paranaense. Para receber o grande p\u00fablico, a Prefeitura de Paranagu\u00e1 apoiou a organiza\u00e7\u00e3o do Santu\u00e1rio e mobilizou equipes, estruturou servi\u00e7os e acompanhou cada etapa da prepara\u00e7\u00e3o da festa, garantindo seguran\u00e7a, organiza\u00e7\u00e3o e acolhimento aos devotos.&nbsp;<br>O reitor do Santu\u00e1rio, padre Dirson Gon\u00e7alves, resumiu o sentimento comum: \u201cEstou muito feliz com o resultado, \u00e9 sensa\u00e7\u00e3o de miss\u00e3o cumprida. A prefeitura foi fundamental, imposs\u00edvel realizar a festa sem esse apoio, com tantas secretarias ajudando e o prefeito Adriano e a vice-prefeita Fabiana sempre presentes\u201d, destacou.<\/p>\n\n\n\n<p>O prefeito Adriano Ramos participou da celebra\u00e7\u00e3o e agradeceu o envolvimento coletivo. \u201cFica aqui o meu agradecimento aos devotos e \u00e0s secretarias municipais que trabalharam ao longo de toda a festa. Continuem rezando por Paranagu\u00e1 e pelo Paran\u00e1\u201d, afirmou.&nbsp;<br>Ele destacou a import\u00e2ncia da cidade para o Estado. \u201cEstamos pisando no solo sagrado onde nasceu o Paran\u00e1. N\u00e3o existiria Curitiba, Londrina e Maring\u00e1 sem Paranagu\u00e1\u201d, disse, ressaltando ainda que \u201cs\u00e3o tantos investimentos e tantas not\u00edcias boas chegando\u201d.<\/p>\n\n\n\n<p>A vice-prefeita Fabiana Parro refor\u00e7ou a dimens\u00e3o afetiva da data. \u201cNovembro \u00e9 tempo de agradecer, e o dia 15 \u00e9 ainda mais especial. Minha primeira filha nasceu nesse dia, por isso tenho muitos motivos para agradecer a Nossa Senhora. A popula\u00e7\u00e3o pode ter certeza de que a nossa cidade \u00e9 muito aben\u00e7oada\u201d, declarou.<\/p>\n\n\n\n<p>Representando o governador Ratinho Junior, o vice-governador Darci Piana destacou a tradi\u00e7\u00e3o da celebra\u00e7\u00e3o. \u201cA Festa do Rocio \u00e9 a maior festa religiosa do Paran\u00e1. Nossa padroeira merece toda essa aten\u00e7\u00e3o, e fortalecer o turismo religioso \u00e9 essencial\u201d, afirmou.&nbsp;<br>O secret\u00e1rio das Cidades, Guto Silva, tamb\u00e9m destacou o impacto econ\u00f4mico e espiritual do evento. \u201cCelebrar Nossa Senhora do Rocio fortalece a f\u00e9 e movimenta a economia. O governo tem direcionado investimentos importantes ao litoral, e Paranagu\u00e1 tem recebido aten\u00e7\u00e3o especial\u201d, disse. Ele lembrou obras em andamento e planejadas para o munic\u00edpio, como a requalifica\u00e7\u00e3o da Rua da Praia, melhorias vi\u00e1rias e cerca de R$ 100 milh\u00f5es para a malha asf\u00e1ltica.<\/p>\n\n\n\n<p>O presidente da Assembleia Legislativa, Alexandre Curi, refor\u00e7ou a grandeza da festa e a parceria com o munic\u00edpio. \u201cNada melhor do que participar desta celebra\u00e7\u00e3o centen\u00e1ria. Hoje Paranagu\u00e1 vive sua maior parceria com o Governo do Estado, com novas obras, viadutos e o Porto cada vez mais forte. Quando o Porto vai bem, Paranagu\u00e1 vai bem\u201d, afirmou.&nbsp;<\/p>\n\n\n\n<p>J\u00e1 o deputado estadual Hussein Bakri destacou o atual momento da cidade. \u201cParanagu\u00e1 vive um momento fant\u00e1stico de revitaliza\u00e7\u00e3o. Vai ser a cidade que voc\u00eas sempre esperaram. Essa festa tradicional refor\u00e7a nosso compromisso\u201d, declarou Bakri.<\/p>\n\n\n\n<p>Atrativo de Relevante Interesse Tur\u00edstico&nbsp;<\/p>\n\n\n\n<p>Durante a missa, o Governo do Estado oficializou o Santu\u00e1rio Estadual de Nossa Senhora do Rocio como Atrativo de Relevante Interesse Tur\u00edstico (ARIT), concedendo classifica\u00e7\u00e3o Ouro o n\u00edvel mais alto previsto em lei. O reconhecimento refor\u00e7a a import\u00e2ncia hist\u00f3rica e religiosa do Santu\u00e1rio, al\u00e9m de abrir portas para novos investimentos por meio do DARIT, que estimula projetos tur\u00edsticos estruturados.<\/p>\n\n\n\n<p>A celebra\u00e7\u00e3o contou ainda com a presen\u00e7a de secret\u00e1rios municipais e vereadores, refor\u00e7ando a uni\u00e3o de esfor\u00e7os entre o munic\u00edpio e o estado para que a maior festa religiosa do Paran\u00e1 siga crescendo, fortalecendo a f\u00e9, o turismo e o desenvolvimento de Paranagu\u00e1.<\/p>\n\n\n\n<p>Assessoria<\/p>\n","protected":false},"excerpt":{"rendered":"<p>A tradicional missa campal da Festa de Nossa Senhora do Rocio reuniu milhares de romeiros neste s\u00e1bado, dia 15, reafirmando Paranagu\u00e1 como ber\u00e7o da f\u00e9 e da hist\u00f3ria paranaense. Para receber o grande p\u00fablico, a Prefeitura de Paranagu\u00e1 apoiou a organiza\u00e7\u00e3o do Santu\u00e1rio e mobilizou equipes, estruturou servi\u00e7os e acompanhou cada etapa da prepara\u00e7\u00e3o da [&hellip;]<\/p>\n","protected":false},"author":2,"featured_media":74162,"comment_status":"open","ping_status":"open","sticky":false,"template":"","format":"standard","meta":{"advanced_seo_description":"","jetpack_seo_html_title":"","jetpack_seo_noindex":false,"_jetpack_memberships_contains_paid_content":false,"footnotes":""},"categories":[40,77],"tags":[321],"class_list":{"0":"post-74161","1":"post","2":"type-post","3":"status-publish","4":"format-standard","5":"has-post-thumbnail","7":"category-destaques","8":"category-paranagua","9":"tag-paranagua"},"jetpack_featured_media_url":"https:\/\/www.paranapraia.com.br\/wp-content\/uploads\/2025\/11\/thumb-29.jpeg","jetpack_sharing_enabled":true,"_links":{"self":[{"href":"https:\/\/www.paranapraia.com.br\/index.php\/wp-json\/wp\/v2\/posts\/74161"}],"collection":[{"href":"https:\/\/www.paranapraia.com.br\/index.php\/wp-json\/wp\/v2\/posts"}],"about":[{"href":"https:\/\/www.paranapraia.com.br\/index.php\/wp-json\/wp\/v2\/types\/post"}],"author":[{"embeddable":true,"href":"https:\/\/www.paranapraia.com.br\/index.php\/wp-json\/wp\/v2\/users\/2"}],"replies":[{"embeddable":true,"href":"https:\/\/www.paranapraia.com.br\/index.php\/wp-json\/wp\/v2\/comments?post=74161"}],"version-history":[{"count":1,"href":"https:\/\/www.paranapraia.com.br\/index.php\/wp-json\/wp\/v2\/posts\/74161\/revisions"}],"predecessor-version":[{"id":74163,"href":"https:\/\/www.paranapraia.com.br\/index.php\/wp-json\/wp\/v2\/posts\/74161\/revisions\/74163"}],"wp:featuredmedia":[{"embeddable":true,"href":"https:\/\/www.paranapraia.com.br\/index.php\/wp-json\/wp\/v2\/media\/74162"}],"wp:attachment":[{"href":"https:\/\/www.paranapraia.com.br\/index.php\/wp-json\/wp\/v2\/media?parent=74161"}],"wp:term":[{"taxonomy":"category","embeddable":true,"href":"https:\/\/www.paranapraia.com.br\/index.php\/wp-json\/wp\/v2\/categories?post=74161"},{"taxonomy":"post_tag","embeddable":true,"href":"https:\/\/www.paranapraia.com.br\/index.php\/wp-json\/wp\/v2\/tags?post=74161"}],"curies":[{"name":"wp","href":"https:\/\/api.w.org\/{rel}","templated":true}]}}