{"id":74158,"date":"2025-11-15T21:03:20","date_gmt":"2025-11-16T00:03:20","guid":{"rendered":"https:\/\/www.paranapraia.com.br\/?p=74158"},"modified":"2025-11-15T21:03:22","modified_gmt":"2025-11-16T00:03:22","slug":"prefeitura-de-paranagua-promove-programacao-pelo-fim-da-violencia-contra-mulheres-e-meninas-em-diversos-espacos-da-cidade-2","status":"publish","type":"post","link":"https:\/\/www.paranapraia.com.br\/index.php\/2025\/11\/15\/prefeitura-de-paranagua-promove-programacao-pelo-fim-da-violencia-contra-mulheres-e-meninas-em-diversos-espacos-da-cidade-2\/","title":{"rendered":"Prefeitura de Paranagu\u00e1 promove programa\u00e7\u00e3o pelo fim da viol\u00eancia contra mulheres e meninas em diversos espa\u00e7os da cidade"},"content":{"rendered":"\n<p>A Prefeitura de Paranagu\u00e1 deu in\u00edcio, na \u00faltima ter\u00e7a-feira, dia 11, a uma programa\u00e7\u00e3o integrada de a\u00e7\u00f5es formativas, preventivas e de sensibiliza\u00e7\u00e3o voltadas ao enfrentamento da viol\u00eancia de g\u00eanero. As iniciativas comp\u00f5em os 21 Dias de Ativismo pelo Fim da Viol\u00eancia contra Mulheres e Meninas, mobiliza\u00e7\u00e3o internacional que segue at\u00e9 10 de dezembro e refor\u00e7a a import\u00e2ncia da preven\u00e7\u00e3o, da orienta\u00e7\u00e3o e da constru\u00e7\u00e3o coletiva de uma cultura de prote\u00e7\u00e3o e igualdade.<\/p>\n\n\n\n<p>A agenda municipal abrange os Centros de Refer\u00eancia de Assist\u00eancia Social (CRAS), equipamentos esportivos, sindicatos e espa\u00e7os p\u00fablicos da cidade, ampliando o alcance das a\u00e7\u00f5es para diferentes p\u00fablicos.<\/p>\n\n\n\n<p>A primeira atividade do ciclo foi o Curso de Multiplicadores pelo Fim da Viol\u00eancia contra Mulheres e Meninas, realizado no Instituto Superior do Litoral do Paran\u00e1 (Isulpar) e voltado a lideran\u00e7as comunit\u00e1rias, representantes da sociedade civil e pessoas j\u00e1 engajadas na pauta. A forma\u00e7\u00e3o continua nos dias 18 e 25, se encerrando com uma mesa tem\u00e1tica que contar\u00e1 com a participa\u00e7\u00e3o de autoridades.<\/p>\n\n\n\n<p><strong>A\u00e7\u00e3o no CRAS Porto dos Padres marcou in\u00edcio das atividades nos territ\u00f3rios<\/strong><\/p>\n\n\n\n<p>A primeira atividade realizada nos equipamentos socioassistenciais aconteceu no CRAS Porto dos Padres, onde a Secretaria Municipal da Mulher, Desenvolvimento Social e Igualdade Racial (Semdir) conduziu uma conversa aberta sobre o term\u00f4metro da viol\u00eancia e o ciclo da viol\u00eancia. O encontro reuniu mulheres, homens, pessoas com defici\u00eancia e demais integrantes dos grupos de conviv\u00eancia atendidos pelo servi\u00e7o.<\/p>\n\n\n\n<p>Segundo a superintendente da Mulher, Paula Torres, a proposta \u00e9 levar ao p\u00fablico acompanhado pelos CRAS uma abordagem acess\u00edvel, leve e acolhedora. \u201c\u00c9 uma conversa, n\u00e3o uma palestra. Trabalhamos de forma l\u00fadica um tema que \u00e9 s\u00e9rio, para que as pessoas consigam identificar sinais de viol\u00eancia, compreender seus direitos e conhecer os caminhos da rede de prote\u00e7\u00e3o. Durante esses dias, vamos percorrer todos os CRAS da cidade, refor\u00e7ando que a preven\u00e7\u00e3o tamb\u00e9m passa pela informa\u00e7\u00e3o e pela escuta&#8221;, disse.&nbsp;<\/p>\n\n\n\n<p>As visitas aos CRAS seguem um cronograma que inclui unidades nos bairros Porto dos Padres, Serraria do Rocha, Ilha dos Valadares, Vila Garcia, Nilson Neves e Alexandra, sempre com grupos do Servi\u00e7o de Conviv\u00eancia e Fortalecimento de V\u00ednculos.<\/p>\n\n\n\n<p><strong>Outras a\u00e7\u00f5es<\/strong><\/p>\n\n\n\n<p>Outras a\u00e7\u00f5es programadas para o per\u00edodo envolvem tamb\u00e9m a Secretaria Municipal de Esportes e Juventude (Sespor), com aulas abertas de defesa pessoal e de capoeira para mulheres, oferecidas na Arena Albertina Salmon em diferentes datas entre 24 de novembro e 10 de dezembro. As atividades, que j\u00e1 integram a programa\u00e7\u00e3o regular da Sespor, ganham refor\u00e7o durante o ciclo de mobiliza\u00e7\u00e3o e buscam fortalecer a autonomia das participantes, ampliar repert\u00f3rios de preven\u00e7\u00e3o e aproximar a popula\u00e7\u00e3o das pol\u00edticas p\u00fablicas j\u00e1 ofertadas pela cidade.<br>No dia 25 de novembro, data que marca o Dia Internacional pela Elimina\u00e7\u00e3o da Viol\u00eancia contra Mulheres, a Prefeitura promove duas a\u00e7\u00f5es de grande porte: uma carreata de sensibiliza\u00e7\u00e3o, com concentra\u00e7\u00e3o na Semdir \u00e0s 10h, e uma atividade especial no Isulpar \u00e0s 14h.<\/p>\n\n\n\n<p>Entre 2 e 5 de dezembro, equipes tamb\u00e9m estar\u00e3o em pra\u00e7as da cidade oferecendo atendimento e orienta\u00e7\u00e3o jur\u00eddica para mulheres, aproximando a rede de prote\u00e7\u00e3o dos territ\u00f3rios.<\/p>\n\n\n\n<p>A programa\u00e7\u00e3o se encerra com uma iniciativa voltada aos homens: a a\u00e7\u00e3o \u201cDe Homem para Homem\u201d, realizada em parceria com sindicatos de trabalhadores portu\u00e1rios avulsos, Portos do Paran\u00e1 e Secretaria de Estado de Seguran\u00e7a. A atividade acontece no dia 8 de dezembro, em local a ser definido, com uma fala direcionada aos trabalhadores portu\u00e1rios \u2014 p\u00fablico estrat\u00e9gico para ampliar a preven\u00e7\u00e3o e o enfrentamento da viol\u00eancia de g\u00eanero.<\/p>\n\n\n\n<p>Segundo Paula Torres, o enfrentamento \u00e0 viol\u00eancia exige reconhecer sua presen\u00e7a em diferentes contextos e realidades. \u201cA viol\u00eancia n\u00e3o escolhe lugar, idade, classe social ou territ\u00f3rio. Ela pode estar em sil\u00eancio dentro das casas, nos espa\u00e7os de trabalho, nas rela\u00e7\u00f5es afetivas e at\u00e9 mesmo nas estruturas sociais. Por isso estruturamos a\u00e7\u00f5es espec\u00edficas para cada p\u00fablico, construindo uma programa\u00e7\u00e3o que contempla forma\u00e7\u00e3o, di\u00e1logo, preven\u00e7\u00e3o e mobiliza\u00e7\u00e3o comunit\u00e1ria&#8221;, concluiu.<\/p>\n\n\n\n<p>Assessoria <\/p>\n","protected":false},"excerpt":{"rendered":"<p>A Prefeitura de Paranagu\u00e1 deu in\u00edcio, na \u00faltima ter\u00e7a-feira, dia 11, a uma programa\u00e7\u00e3o integrada de a\u00e7\u00f5es formativas, preventivas e de sensibiliza\u00e7\u00e3o voltadas ao enfrentamento da viol\u00eancia de g\u00eanero. As iniciativas comp\u00f5em os 21 Dias de Ativismo pelo Fim da Viol\u00eancia contra Mulheres e Meninas, mobiliza\u00e7\u00e3o internacional que segue at\u00e9 10 de dezembro e refor\u00e7a [&hellip;]<\/p>\n","protected":false},"author":2,"featured_media":74159,"comment_status":"open","ping_status":"open","sticky":false,"template":"","format":"standard","meta":{"advanced_seo_description":"","jetpack_seo_html_title":"","jetpack_seo_noindex":false,"_jetpack_memberships_contains_paid_content":false,"footnotes":""},"categories":[77],"tags":[321],"class_list":{"0":"post-74158","1":"post","2":"type-post","3":"status-publish","4":"format-standard","5":"has-post-thumbnail","7":"category-paranagua","8":"tag-paranagua"},"jetpack_featured_media_url":"https:\/\/www.paranapraia.com.br\/wp-content\/uploads\/2025\/11\/thumb-28.jpeg","jetpack_sharing_enabled":true,"_links":{"self":[{"href":"https:\/\/www.paranapraia.com.br\/index.php\/wp-json\/wp\/v2\/posts\/74158"}],"collection":[{"href":"https:\/\/www.paranapraia.com.br\/index.php\/wp-json\/wp\/v2\/posts"}],"about":[{"href":"https:\/\/www.paranapraia.com.br\/index.php\/wp-json\/wp\/v2\/types\/post"}],"author":[{"embeddable":true,"href":"https:\/\/www.paranapraia.com.br\/index.php\/wp-json\/wp\/v2\/users\/2"}],"replies":[{"embeddable":true,"href":"https:\/\/www.paranapraia.com.br\/index.php\/wp-json\/wp\/v2\/comments?post=74158"}],"version-history":[{"count":1,"href":"https:\/\/www.paranapraia.com.br\/index.php\/wp-json\/wp\/v2\/posts\/74158\/revisions"}],"predecessor-version":[{"id":74160,"href":"https:\/\/www.paranapraia.com.br\/index.php\/wp-json\/wp\/v2\/posts\/74158\/revisions\/74160"}],"wp:featuredmedia":[{"embeddable":true,"href":"https:\/\/www.paranapraia.com.br\/index.php\/wp-json\/wp\/v2\/media\/74159"}],"wp:attachment":[{"href":"https:\/\/www.paranapraia.com.br\/index.php\/wp-json\/wp\/v2\/media?parent=74158"}],"wp:term":[{"taxonomy":"category","embeddable":true,"href":"https:\/\/www.paranapraia.com.br\/index.php\/wp-json\/wp\/v2\/categories?post=74158"},{"taxonomy":"post_tag","embeddable":true,"href":"https:\/\/www.paranapraia.com.br\/index.php\/wp-json\/wp\/v2\/tags?post=74158"}],"curies":[{"name":"wp","href":"https:\/\/api.w.org\/{rel}","templated":true}]}}