{"id":74152,"date":"2025-11-15T20:56:01","date_gmt":"2025-11-15T23:56:01","guid":{"rendered":"https:\/\/www.paranapraia.com.br\/?p=74152"},"modified":"2025-11-15T20:56:03","modified_gmt":"2025-11-15T23:56:03","slug":"prefeitura-de-paranagua-inicia-tratativas-para-sediar-a-copa-brasil-de-tenis-de-mesa-em-2026","status":"publish","type":"post","link":"https:\/\/www.paranapraia.com.br\/index.php\/2025\/11\/15\/prefeitura-de-paranagua-inicia-tratativas-para-sediar-a-copa-brasil-de-tenis-de-mesa-em-2026\/","title":{"rendered":"Prefeitura de Paranagu\u00e1 inicia tratativas para sediar a Copa Brasil de T\u00eanis de Mesa em 2026"},"content":{"rendered":"\n<p>Paranagu\u00e1 vai sediar, em 2026, a Copa Brasil de T\u00eanis de Mesa, uma das principais competi\u00e7\u00f5es do calend\u00e1rio nacional da modalidade. A novidade foi anunciada nesta sexta-feira, dia 14, durante reuni\u00e3o entre o prefeito Adriano Ramos, o presidente da Federa\u00e7\u00e3o de T\u00eanis de Mesa do Paran\u00e1, Edson Marroque, e representantes locais do esporte, que iniciaram os preparativos para a realiza\u00e7\u00e3o do evento.<\/p>\n\n\n\n<p>Segundo o prefeito Adriano Ramos, a confirma\u00e7\u00e3o da etapa nacional em Paranagu\u00e1 representa um avan\u00e7o importante no fortalecimento do esporte na cidade. \u201c\u00c9 uma excelente not\u00edcia para o esporte de Paranagu\u00e1, especialmente para o t\u00eanis de mesa. Estamos iniciando as tratativas para que o munic\u00edpio possa sediar a Copa Brasil de T\u00eanis de Mesa, um evento de grande porte que deve atletas de todas as regi\u00f5es do pa\u00eds. Para n\u00f3s, \u00e9 motivo de orgulho receber uma competi\u00e7\u00e3o desta dimens\u00e3o e fortalecer, cada vez mais, a presen\u00e7a de Paranagu\u00e1 no cen\u00e1rio esportivo nacional\u201d, afirmou.<\/p>\n\n\n\n<p>A Copa Brasil \u00e9 organizada pela Confedera\u00e7\u00e3o Brasileira de T\u00eanis de Mesa (CBTM) e re\u00fane competidores de alto rendimento de diversas categorias, movimentando atletas, equipes, familiares, \u00e1rbitros e t\u00e9cnicos.<\/p>\n\n\n\n<p>O presidente da Federa\u00e7\u00e3o Paranaense de T\u00eanis de Mesa, Edson Marroque, destacou que a escolha pelo munic\u00edpio \u00e9 resultado de articula\u00e7\u00f5es constru\u00eddas ao longo dos \u00faltimos anos e pela consolida\u00e7\u00e3o da modalidade no Litoral.<\/p>\n\n\n\n<p>\u201cA Copa Brasil tem previs\u00e3o de ser realizada em mar\u00e7o de 2026. N\u00f3s j\u00e1 t\u00ednhamos a inten\u00e7\u00e3o de trazer o evento para o Litoral e, como hoje moro aqui, isso se tornou ainda mais poss\u00edvel. J\u00e1 existe uma parceria constru\u00edda com o professor Wallace Pires de Miranda, que trabalha o t\u00eanis de mesa na cidade, e v\u00ednhamos tratando dessa ideia desde o ano passado. Agora, com o apoio da Prefeitura, conseguimos avan\u00e7ar. \u00c9 um evento grande, com cerca de 1.500 participantes, e vem gente do Brasil inteiro\u201d, afirmou.<\/p>\n\n\n\n<p><strong>Paranagu\u00e1 no cen\u00e1rio nacional: impacto para atletas e para a cidade<\/strong><\/p>\n\n\n\n<p>Professor e t\u00e9cnico da Liga Litoral de T\u00eanis de Mesa, que recebe apoio da Secretaria Municipal de Esportes e Juventude (Sespor), Wallace Pires de Miranda refor\u00e7ou a import\u00e2ncia de trazer para Paranagu\u00e1 um evento esportivo de alcance nacional. \u201cComo morador de Paranagu\u00e1, eu acredito que a cidade deve receber grandes eventos. \u00c9 uma forma de colocar nosso munic\u00edpio cada vez mais em evid\u00eancia no cen\u00e1rio nacional. O atleta do Rio de Janeiro, de Cuiab\u00e1, de qualquer lugar do Brasil vai olhar o calend\u00e1rio e ver que a Copa Brasil ser\u00e1 realizada aqui. Isso \u00e9 motivo de orgulho. Gente do pa\u00eds inteiro vai conhecer Paranagu\u00e1\u201d, afirmou.<\/p>\n\n\n\n<p>Ele tamb\u00e9m destacou que o munic\u00edpio vive um momento de crescimento na modalidade. \u201cTemos atletas fort\u00edssimos, campe\u00f5es paranaenses, campe\u00f5es em eventos nacionais, campe\u00e3o escolar nacional. S\u00e3o jogadores que j\u00e1 conquistaram praticamente todas as categorias. A realiza\u00e7\u00e3o da Copa Brasil vai impulsionar ainda mais esse desenvolvimento, porque os atletas locais ter\u00e3o a chance de disputar aqui mesmo um evento de alto n\u00edvel\u201d, disse.<\/p>\n\n\n\n<p><strong>Jovens talentos se preparam para 2026<\/strong><\/p>\n\n\n\n<p>Um dos destaques da nova gera\u00e7\u00e3o \u00e9 o atleta Fernando Alves, de 12 anos, que acumula t\u00edtulos regionais e avan\u00e7a de categoria a cada competi\u00e7\u00e3o. \u201cEu acho muito legal trazer um campeonato desse tamanho para Paranagu\u00e1. A cidade vai ser mais reconhecida. Quero muito jogar e estou me preparando para isso. \u00c9 legal ver pessoas de v\u00e1rios lugares do Brasil vindo para c\u00e1\u201d, afirmou o jovem mesatenista.<\/p>\n\n\n\n<p>Fernando conquistou, em novembro, o t\u00edtulo da categoria Absoluto C em Curitiba e, na sequ\u00eancia, venceu tamb\u00e9m a categoria Absoluto B do Campeonato Paranaense de T\u00eanis de Mesa. Agora, o jovem atleta se prepara para alcan\u00e7ar a disputa do Absoluto A, a principal faixa classificat\u00f3ria da modalidade.<\/p>\n\n\n\n<p>Assessoria<\/p>\n","protected":false},"excerpt":{"rendered":"<p>Paranagu\u00e1 vai sediar, em 2026, a Copa Brasil de T\u00eanis de Mesa, uma das principais competi\u00e7\u00f5es do calend\u00e1rio nacional da modalidade. A novidade foi anunciada nesta sexta-feira, dia 14, durante reuni\u00e3o entre o prefeito Adriano Ramos, o presidente da Federa\u00e7\u00e3o de T\u00eanis de Mesa do Paran\u00e1, Edson Marroque, e representantes locais do esporte, que iniciaram [&hellip;]<\/p>\n","protected":false},"author":2,"featured_media":74153,"comment_status":"open","ping_status":"open","sticky":false,"template":"","format":"standard","meta":{"advanced_seo_description":"","jetpack_seo_html_title":"","jetpack_seo_noindex":false,"_jetpack_memberships_contains_paid_content":false,"footnotes":""},"categories":[40,77],"tags":[],"class_list":{"0":"post-74152","1":"post","2":"type-post","3":"status-publish","4":"format-standard","5":"has-post-thumbnail","7":"category-destaques","8":"category-paranagua"},"jetpack_featured_media_url":"https:\/\/www.paranapraia.com.br\/wp-content\/uploads\/2025\/11\/thumb-26.jpeg","jetpack_sharing_enabled":true,"_links":{"self":[{"href":"https:\/\/www.paranapraia.com.br\/index.php\/wp-json\/wp\/v2\/posts\/74152"}],"collection":[{"href":"https:\/\/www.paranapraia.com.br\/index.php\/wp-json\/wp\/v2\/posts"}],"about":[{"href":"https:\/\/www.paranapraia.com.br\/index.php\/wp-json\/wp\/v2\/types\/post"}],"author":[{"embeddable":true,"href":"https:\/\/www.paranapraia.com.br\/index.php\/wp-json\/wp\/v2\/users\/2"}],"replies":[{"embeddable":true,"href":"https:\/\/www.paranapraia.com.br\/index.php\/wp-json\/wp\/v2\/comments?post=74152"}],"version-history":[{"count":1,"href":"https:\/\/www.paranapraia.com.br\/index.php\/wp-json\/wp\/v2\/posts\/74152\/revisions"}],"predecessor-version":[{"id":74154,"href":"https:\/\/www.paranapraia.com.br\/index.php\/wp-json\/wp\/v2\/posts\/74152\/revisions\/74154"}],"wp:featuredmedia":[{"embeddable":true,"href":"https:\/\/www.paranapraia.com.br\/index.php\/wp-json\/wp\/v2\/media\/74153"}],"wp:attachment":[{"href":"https:\/\/www.paranapraia.com.br\/index.php\/wp-json\/wp\/v2\/media?parent=74152"}],"wp:term":[{"taxonomy":"category","embeddable":true,"href":"https:\/\/www.paranapraia.com.br\/index.php\/wp-json\/wp\/v2\/categories?post=74152"},{"taxonomy":"post_tag","embeddable":true,"href":"https:\/\/www.paranapraia.com.br\/index.php\/wp-json\/wp\/v2\/tags?post=74152"}],"curies":[{"name":"wp","href":"https:\/\/api.w.org\/{rel}","templated":true}]}}