{"id":74119,"date":"2025-11-13T20:14:03","date_gmt":"2025-11-13T23:14:03","guid":{"rendered":"https:\/\/www.paranapraia.com.br\/?p=74119"},"modified":"2025-11-13T20:14:06","modified_gmt":"2025-11-13T23:14:06","slug":"educacao-consulta-expansao-dos-modelos-civico-militar-e-parceiro-da-escola-em-novembro","status":"publish","type":"post","link":"https:\/\/www.paranapraia.com.br\/index.php\/2025\/11\/13\/educacao-consulta-expansao-dos-modelos-civico-militar-e-parceiro-da-escola-em-novembro\/","title":{"rendered":"Educa\u00e7\u00e3o consulta expans\u00e3o dos modelos c\u00edvico-militar e Parceiro da Escola em novembro"},"content":{"rendered":"\n<p>A Secretaria de Estado da Educa\u00e7\u00e3o do Paran\u00e1 (Seed-PR) vai realizar, nos dias 17 e 18 de novembro, entre 8h e 22h, consultas p\u00fablicas nas escolas da rede estadual para ouvir a comunidade sobre dois temas: a amplia\u00e7\u00e3o dos Col\u00e9gios C\u00edvico-Militares e a ades\u00e3o de unidades ao programa Parceiro da Escola. Poder\u00e3o participar pais ou respons\u00e1veis por alunos matriculados nos ensinos Fundamental e M\u00e9dio, al\u00e9m de estudantes maiores de 18 anos.<\/p>\n\n\n\n<p>Para votar, \u00e9 obrigat\u00f3ria a identifica\u00e7\u00e3o com documento oficial com foto, como RG, CNH, passaporte, Carteira de Trabalho, carteiras profissionais expedidas por conselhos de classe ou documentos de identifica\u00e7\u00e3o militar.<\/p>\n\n\n\n<p>Cada col\u00e9gio participante ser\u00e1 respons\u00e1vel por divulgar previamente \u00e0 comunidade escolar os hor\u00e1rios, locais e procedimentos para a vota\u00e7\u00e3o, garantindo ampla comunica\u00e7\u00e3o e facilita\u00e7\u00e3o da participa\u00e7\u00e3o. A consulta tem como objetivo assegurar transpar\u00eancia, participa\u00e7\u00e3o social e tomada de decis\u00e3o compartilhada sobre modelos de gest\u00e3o e organiza\u00e7\u00e3o escolar. Ao t\u00e9rmino do per\u00edodo do pleito, a apura\u00e7\u00e3o ser\u00e1 realizada com acompanhamento das equipes regionais de educa\u00e7\u00e3o.<\/p>\n\n\n\n<p>Para a expans\u00e3o dos Col\u00e9gios C\u00edvico-Militares, 50 institui\u00e7\u00f5es de ensino, de 34 cidades, ser\u00e3o consultadas para ingresso no modelo de ensino a partir do ano letivo de 2026. Elas re\u00fanem 21,3 mil alunos e foram selecionadas a partir de crit\u00e9rios t\u00e9cnicos definidos pela pr\u00f3pria Secretaria.<\/p>\n\n\n\n<p>N\u00e3o podem participar do programa escolas noturnas, CEEBJAs (Educa\u00e7\u00e3o de Jovens e Adultos), institui\u00e7\u00f5es ind\u00edgenas, quilombolas, conveniadas com APAE, itinerantes, de assentamentos ou com dualidade administrativa. Os col\u00e9gios agr\u00edcolas que tenham mais de 150 estudantes matriculados poder\u00e3o entrar no rol no futuro.<\/p>\n\n\n\n<p>As institui\u00e7\u00f5es de ensino est\u00e3o localizadas em Curitiba, Apucarana, Sab\u00e1udia, Arapongas, Engenheiro Beltr\u00e3o, Cafel\u00e2ndia, Cascavel, Vera Cruz do Oeste, Japur\u00e1, S\u00e3o Tom\u00e9, Assa\u00ed, Dois Vizinhos, Foz do Igua\u00e7u, Santa Terezinha de Itaipu, Marmeleiro, Guarapuava, Ivaipor\u00e3, Joaquim T\u00e1vora, Abati\u00e1, Laranjeiras do Sul, Loanda, Ita\u00fana do Sul, Pai\u00e7andu, Maring\u00e1, Lobato, Antonina, Guaratuba, Paranagu\u00e1, Pontal do Paran\u00e1, Nova Esperan\u00e7a, Ponta Grossa, Toledo, Umuarama e P\u00e9rola.<\/p>\n\n\n\n<p>J\u00e1 para as consultas veiculadas \u00e0 ades\u00e3o ao projeto Parceiro da Escola, um total de 96 escolas est\u00e3o aptas a participar. No total, tais institui\u00e7\u00f5es de ensino atendem cerca de 44,5 mil estudantes.<\/p>\n\n\n\n<p>Os col\u00e9gios est\u00e3o situados em 78 munic\u00edpios paranaenses: Almirante Tamandar\u00e9, Arauc\u00e1ria, Arapongas, Arapoti, Balsa Nova, Bandeirantes, Barbosa Ferraz, Boa Ventura de S\u00e3o Roque, Bocaiuva do Sul, Cafezal do Sul, Campina da Lagoa, Campina Grande do Sul, Campo Largo, Campo Mour\u00e3o, Carambe\u00ed, Cascavel, Castro, Cianorte, Cruz Machado, Curitiba, Diamante d\u2019Oeste, Diamante do Norte, Dois Vizinhos, Doutor Camargo, Fernandes Pinheiro, F\u00eanix, Foz do Igua\u00e7u, Foz do Jord\u00e3o, Francisco Alves, Francisco Beltr\u00e3o, Gua\u00edra, Guamiranga, Indian\u00f3polis, Jussara, Lapa, Laranjeiras do Sul, Loanda, Londrina, Luiziana, Mandirituba, Maring\u00e1, Mau\u00e1 da Serra, Mercedes, Moreira Sales, Nova Cantu, Nova F\u00e1tima, Nova Londrina, Nova Prata do Igua\u00e7u, Pato Bragado, Pato Branco, Perobal, Pinh\u00e3o, Pitanga, Planaltina do Paran\u00e1, Ponta Grossa, Pontal do Paran\u00e1, Porecatu, Prado Ferreira, Prudent\u00f3polis, Quer\u00eancia do Norte, Quedas do Igua\u00e7u, Reserva do Igua\u00e7u, Rio Azul, Roncador, Santa Helena, Santa Terezinha de Itaipu, S\u00e3o Jo\u00e3o, S\u00e3o Jos\u00e9 dos Pinhais, S\u00e3o Pedro do Igua\u00e7u, Sarandi, Tapejara, Tijucas do Sul, Toledo e Umuarama.<\/p>\n\n\n\n<p>\u201cO processo de consulta \u00e9 fundamental porque coloca a comunidade escolar no centro das decis\u00f5es. Nosso compromisso \u00e9 garantir que cada escola tenha o modelo de gest\u00e3o que melhor atenda \u00e0s suas necessidades, sempre com transpar\u00eancia, di\u00e1logo e participa\u00e7\u00e3o. Quando fam\u00edlias, estudantes e profissionais da educa\u00e7\u00e3o s\u00e3o ouvidos, o resultado \u00e9 uma escola mais forte e alinhada \u00e0s expectativas de quem vive o dia a dia da unidade\u201d, afirma o secret\u00e1rio de Estado da Educa\u00e7\u00e3o, Roni Miranda.<\/p>\n\n\n\n<p><strong>C\u00cdVICO-MILITARES<\/strong>&nbsp;\u2013 A partir do ano letivo de 2024, o Estado passou a contar com 312 escolas na modalidade. Destas, 106 aderiram ao modelo a partir de consultas p\u00fablicas feitas com a comunidade entre novembro e dezembro de 2023. Al\u00e9m destas, mais 12 escolas que funcionavam sob o modelo PECIM (de gest\u00e3o federal) tamb\u00e9m passaram a integrar os CCMs.<\/p>\n\n\n\n<p>Quase cinco anos ap\u00f3s sua implementa\u00e7\u00e3o, o modelo de ensino c\u00edvico-militar \u00e9 considerado um sucesso. Segundo pesquisa do instituto Paran\u00e1 Pesquisas, o modelo \u00e9\u00a0aprovado por 89,3% dos pais e respons\u00e1veis e 90,4% de professores e pedagogos. O grau de recomenda\u00e7\u00e3o do sistema educacional tamb\u00e9m \u00e9 significativo, com 85,9% pontuando que indicariam o modelo para outros pais.<\/p>\n\n\n\n<p>Os Col\u00e9gios C\u00edvico-Militares j\u00e1 est\u00e3o consolidados como sucesso entre as comunidades escolares que adotaram o modelo, mantendo alta demanda e fila de mais de 11 mil estudantes no aguardo de uma vaga. O sistema combina elementos da gest\u00e3o civil com a presen\u00e7a de profissionais militares da reserva (inativos) na administra\u00e7\u00e3o e na rotina escolar.<\/p>\n\n\n\n<p><strong>PARCEIRO DA ESCOLA&nbsp;<\/strong>\u2013 Implantado no ano de 2025, o Parceiro da Escola est\u00e1 atualmente presente em 82 col\u00e9gios, com cerca de 54,6 mil estudantes matriculados. O modelo tem como foco otimizar a gest\u00e3o administrativa e de infraestrutura das escolas estaduais por meio de parcerias com empresas especializadas.<\/p>\n\n\n\n<p>A proposta deste m\u00e9todo \u00e9 que diretores e educadores concentrem seus esfor\u00e7os na aprendizagem e no desenvolvimento pedag\u00f3gico, enquanto as empresas assumem atividades relacionadas \u00e0 manuten\u00e7\u00e3o predial, gest\u00e3o de servi\u00e7os, reposi\u00e7\u00e3o de funcion\u00e1rios e outras demandas operacionais.<\/p>\n\n\n\n<p>A parceria \u00e9 p\u00fablico-privada mant\u00e9m o ensino p\u00fablico gratuito e acess\u00edvel a todos os estudantes. A iniciativa tamb\u00e9m abre espa\u00e7o para a\u00e7\u00f5es que impactam diretamente no desenvolvimento educacional dos estudantes, incluindo a redu\u00e7\u00e3o de aulas vagas e a oferta de atividades complementares em contraturno. O foco do programa \u00e9 garantir que o ambiente escolar seja mais organizado, funcional e preparado para apoiar o trabalho pedag\u00f3gico.<\/p>\n\n\n\n<p>Segundo pesquisa da Radar Intelig\u00eancia, divulgada em julho deste ano, mais de 86% dos pais de estudantes dos col\u00e9gios contemplados no programa aprovam o primeiro semestre da mudan\u00e7a. O estudo ouviu cerca de 2000 pais e respons\u00e1veis, e aponta que 84,2% dos entrevistados recomendariam o modelo a outros pais e respons\u00e1veis.<\/p>\n\n\n\n<p>AEN\/PR<\/p>\n","protected":false},"excerpt":{"rendered":"<p>A Secretaria de Estado da Educa\u00e7\u00e3o do Paran\u00e1 (Seed-PR) vai realizar, nos dias 17 e 18 de novembro, entre 8h e 22h, consultas p\u00fablicas nas escolas da rede estadual para ouvir a comunidade sobre dois temas: a amplia\u00e7\u00e3o dos Col\u00e9gios C\u00edvico-Militares e a ades\u00e3o de unidades ao programa Parceiro da Escola. Poder\u00e3o participar pais ou [&hellip;]<\/p>\n","protected":false},"author":2,"featured_media":74120,"comment_status":"open","ping_status":"open","sticky":false,"template":"","format":"standard","meta":{"advanced_seo_description":"","jetpack_seo_html_title":"","jetpack_seo_noindex":false,"_jetpack_memberships_contains_paid_content":false,"footnotes":""},"categories":[72],"tags":[],"class_list":{"0":"post-74119","1":"post","2":"type-post","3":"status-publish","4":"format-standard","5":"has-post-thumbnail","7":"category-educacao"},"jetpack_featured_media_url":"https:\/\/www.paranapraia.com.br\/wp-content\/uploads\/2025\/11\/ccm_02_-_lucas_fermin.jpg","jetpack_sharing_enabled":true,"_links":{"self":[{"href":"https:\/\/www.paranapraia.com.br\/index.php\/wp-json\/wp\/v2\/posts\/74119"}],"collection":[{"href":"https:\/\/www.paranapraia.com.br\/index.php\/wp-json\/wp\/v2\/posts"}],"about":[{"href":"https:\/\/www.paranapraia.com.br\/index.php\/wp-json\/wp\/v2\/types\/post"}],"author":[{"embeddable":true,"href":"https:\/\/www.paranapraia.com.br\/index.php\/wp-json\/wp\/v2\/users\/2"}],"replies":[{"embeddable":true,"href":"https:\/\/www.paranapraia.com.br\/index.php\/wp-json\/wp\/v2\/comments?post=74119"}],"version-history":[{"count":1,"href":"https:\/\/www.paranapraia.com.br\/index.php\/wp-json\/wp\/v2\/posts\/74119\/revisions"}],"predecessor-version":[{"id":74121,"href":"https:\/\/www.paranapraia.com.br\/index.php\/wp-json\/wp\/v2\/posts\/74119\/revisions\/74121"}],"wp:featuredmedia":[{"embeddable":true,"href":"https:\/\/www.paranapraia.com.br\/index.php\/wp-json\/wp\/v2\/media\/74120"}],"wp:attachment":[{"href":"https:\/\/www.paranapraia.com.br\/index.php\/wp-json\/wp\/v2\/media?parent=74119"}],"wp:term":[{"taxonomy":"category","embeddable":true,"href":"https:\/\/www.paranapraia.com.br\/index.php\/wp-json\/wp\/v2\/categories?post=74119"},{"taxonomy":"post_tag","embeddable":true,"href":"https:\/\/www.paranapraia.com.br\/index.php\/wp-json\/wp\/v2\/tags?post=74119"}],"curies":[{"name":"wp","href":"https:\/\/api.w.org\/{rel}","templated":true}]}}