{"id":74113,"date":"2025-11-13T15:30:35","date_gmt":"2025-11-13T18:30:35","guid":{"rendered":"https:\/\/www.paranapraia.com.br\/?p=74113"},"modified":"2025-11-13T15:30:38","modified_gmt":"2025-11-13T18:30:38","slug":"morretes-sedia-encontro-regional-da-vigilancia-sanitaria-e-reforca-compromisso-com-a-saude-publica","status":"publish","type":"post","link":"https:\/\/www.paranapraia.com.br\/index.php\/2025\/11\/13\/morretes-sedia-encontro-regional-da-vigilancia-sanitaria-e-reforca-compromisso-com-a-saude-publica\/","title":{"rendered":"Morretes sedia encontro regional da Vigil\u00e2ncia Sanit\u00e1ria e refor\u00e7a compromisso com a sa\u00fade p\u00fablica"},"content":{"rendered":"\n<p>O evento da Vigil\u00e2ncia Sanit\u00e1ria realizado nesta quinta-feira (13) reuniu representantes dos sete munic\u00edpios do litoral paranaense em Morretes, em um encontro marcado pela integra\u00e7\u00e3o, troca de experi\u00eancias e planejamento conjunto. A abertura contou com a presen\u00e7a de autoridades municipais e estaduais, que destacaram a import\u00e2ncia do fortalecimento da Vigil\u00e2ncia Sanit\u00e1ria como instrumento essencial para a promo\u00e7\u00e3o e prote\u00e7\u00e3o da sa\u00fade p\u00fablica.<\/p>\n\n\n\n<p>Durante a cerim\u00f4nia, foi ressaltado o papel fundamental da Vigil\u00e2ncia Sanit\u00e1ria tanto no \u00e2mbito municipal &#8211;&nbsp;atuando diretamente na fiscaliza\u00e7\u00e3o, orienta\u00e7\u00e3o e controle de riscos \u00e0 sa\u00fade &#8211;&nbsp;quanto no estadual, com a coordena\u00e7\u00e3o de pol\u00edticas p\u00fablicas, apoio t\u00e9cnico e articula\u00e7\u00e3o entre os diferentes n\u00edveis de gest\u00e3o.<\/p>\n\n\n\n<p>A programa\u00e7\u00e3o teve in\u00edcio com uma homenagem aos 35 anos de atua\u00e7\u00e3o da Vigil\u00e2ncia Sanit\u00e1ria no litoral, relembrando sua trajet\u00f3ria, conquistas e desafios ao longo das d\u00e9cadas. Em seguida, foi apresentado um relato de viv\u00eancias pr\u00e1ticas da Vigil\u00e2ncia Sanit\u00e1ria do munic\u00edpio de Antonina, destacando experi\u00eancias exitosas e o cotidiano das a\u00e7\u00f5es de campo.<\/p>\n\n\n\n<p>Outro tema abordado foi a gest\u00e3o de riscos sanit\u00e1rios, enfatizando a import\u00e2ncia da preven\u00e7\u00e3o e do monitoramento cont\u00ednuo para garantir a seguran\u00e7a da popula\u00e7\u00e3o. Encerrando as apresenta\u00e7\u00f5es, discutiram-se as perspectivas e desafios para a Vigil\u00e2ncia Sanit\u00e1ria do litoral, com foco no fortalecimento das equipes, moderniza\u00e7\u00e3o das pr\u00e1ticas e amplia\u00e7\u00e3o da integra\u00e7\u00e3o entre os munic\u00edpios.<\/p>\n\n\n\n<p>O diretor da 1\u00aa Regional de Sa\u00fade, Leovaldo Bonfim, elogiou o desempenho de Morretes quando o assunto \u00e9 sa\u00fade.&nbsp;\u201cMorretes est\u00e1 sempre \u00e0 frente. Tudo o que a gente pede, s\u00e3o os primeiros a fazer, e&nbsp;o mais importante: fazem com qualidade\u201d, afirmou.<\/p>\n\n\n\n<p>As palavras foram recebidas com satisfa\u00e7\u00e3o pelo prefeito Junior Brindarolli, que refor\u00e7ou o compromisso da gest\u00e3o com a sa\u00fade p\u00fablica: &#8220;Fico muito feliz em ouvir esse reconhecimento da Primeira Regional de Sa\u00fade. Isso mostra que estamos no caminho certo, com uma equipe comprometida e atuando com seriedade para garantir a qualidade de vida da nossa popula\u00e7\u00e3o\u201d, destacou o chefe do executivo da cidade.<\/p>\n\n\n\n<p>O secret\u00e1rio Municipal de Sa\u00fade, Manoel Medeiros, tamb\u00e9m ressaltou o apoio da administra\u00e7\u00e3o municipal \u00e0s a\u00e7\u00f5es da Vigil\u00e2ncia Sanit\u00e1ria. \u201cA mensagem que eu recebo do nosso gestor \u00e9 sempre clara. Quando comunico que vamos tratar de um assunto sens\u00edvel ou delicado, o prefeito sempre diz:&nbsp;<em>\u2018fa\u00e7a o que a lei manda\u2019<\/em>. Isso nos d\u00e1 respaldo e confian\u00e7a para agir dentro dos princ\u00edpios da legalidade e da responsabilidade com a sa\u00fade p\u00fablica\u201d, afirmou.<\/p>\n\n\n\n<p>O encontro refor\u00e7ou o compromisso coletivo dos sete munic\u00edpios do litoral em promover a sa\u00fade p\u00fablica e aprimorar continuamente as a\u00e7\u00f5es da Vigil\u00e2ncia Sanit\u00e1ria. O momento tamb\u00e9m destacou a import\u00e2ncia do trabalho t\u00e9cnico qualificado, da coopera\u00e7\u00e3o entre as equipes e da constru\u00e7\u00e3o de estrat\u00e9gias conjuntas que garantam mais seguran\u00e7a e qualidade de vida para toda a popula\u00e7\u00e3o litor\u00e2nea.<\/p>\n\n\n\n<p>Assessoria<\/p>\n","protected":false},"excerpt":{"rendered":"<p>O evento da Vigil\u00e2ncia Sanit\u00e1ria realizado nesta quinta-feira (13) reuniu representantes dos sete munic\u00edpios do litoral paranaense em Morretes, em um encontro marcado pela integra\u00e7\u00e3o, troca de experi\u00eancias e planejamento conjunto. A abertura contou com a presen\u00e7a de autoridades municipais e estaduais, que destacaram a import\u00e2ncia do fortalecimento da Vigil\u00e2ncia Sanit\u00e1ria como instrumento essencial para [&hellip;]<\/p>\n","protected":false},"author":2,"featured_media":74114,"comment_status":"open","ping_status":"open","sticky":false,"template":"","format":"standard","meta":{"advanced_seo_description":"","jetpack_seo_html_title":"","jetpack_seo_noindex":false,"_jetpack_memberships_contains_paid_content":false,"footnotes":""},"categories":[40,125],"tags":[729],"class_list":{"0":"post-74113","1":"post","2":"type-post","3":"status-publish","4":"format-standard","5":"has-post-thumbnail","7":"category-destaques","8":"category-morretes","9":"tag-morretes"},"jetpack_featured_media_url":"https:\/\/www.paranapraia.com.br\/wp-content\/uploads\/2025\/11\/thumb_400x400_vigilancia-saude-2.jpg","jetpack_sharing_enabled":true,"_links":{"self":[{"href":"https:\/\/www.paranapraia.com.br\/index.php\/wp-json\/wp\/v2\/posts\/74113"}],"collection":[{"href":"https:\/\/www.paranapraia.com.br\/index.php\/wp-json\/wp\/v2\/posts"}],"about":[{"href":"https:\/\/www.paranapraia.com.br\/index.php\/wp-json\/wp\/v2\/types\/post"}],"author":[{"embeddable":true,"href":"https:\/\/www.paranapraia.com.br\/index.php\/wp-json\/wp\/v2\/users\/2"}],"replies":[{"embeddable":true,"href":"https:\/\/www.paranapraia.com.br\/index.php\/wp-json\/wp\/v2\/comments?post=74113"}],"version-history":[{"count":1,"href":"https:\/\/www.paranapraia.com.br\/index.php\/wp-json\/wp\/v2\/posts\/74113\/revisions"}],"predecessor-version":[{"id":74115,"href":"https:\/\/www.paranapraia.com.br\/index.php\/wp-json\/wp\/v2\/posts\/74113\/revisions\/74115"}],"wp:featuredmedia":[{"embeddable":true,"href":"https:\/\/www.paranapraia.com.br\/index.php\/wp-json\/wp\/v2\/media\/74114"}],"wp:attachment":[{"href":"https:\/\/www.paranapraia.com.br\/index.php\/wp-json\/wp\/v2\/media?parent=74113"}],"wp:term":[{"taxonomy":"category","embeddable":true,"href":"https:\/\/www.paranapraia.com.br\/index.php\/wp-json\/wp\/v2\/categories?post=74113"},{"taxonomy":"post_tag","embeddable":true,"href":"https:\/\/www.paranapraia.com.br\/index.php\/wp-json\/wp\/v2\/tags?post=74113"}],"curies":[{"name":"wp","href":"https:\/\/api.w.org\/{rel}","templated":true}]}}