{"id":74107,"date":"2025-11-13T11:07:36","date_gmt":"2025-11-13T14:07:36","guid":{"rendered":"https:\/\/www.paranapraia.com.br\/?p=74107"},"modified":"2025-11-13T13:48:19","modified_gmt":"2025-11-13T16:48:19","slug":"uniao-premia-portos-do-parana-com-selo-prata-de-sustentabilidade-na-cop30","status":"publish","type":"post","link":"https:\/\/www.paranapraia.com.br\/index.php\/2025\/11\/13\/uniao-premia-portos-do-parana-com-selo-prata-de-sustentabilidade-na-cop30\/","title":{"rendered":"Uni\u00e3o premia Portos do Paran\u00e1 com selo prata de sustentabilidade na COP30"},"content":{"rendered":"\n<p>O Minist\u00e9rio de Portos e Aeroportos (MPor) premiou a Portos do Paran\u00e1 com o Selo Prata de Sustentabilidade durante a Confer\u00eancia das Na\u00e7\u00f5es Unidas sobre Mudan\u00e7as Clim\u00e1ticas (COP30). A cerim\u00f4nia de entrega do Selo de Sustentabilidade 2025 ocorreu nesta quarta-feira (12) e integra uma pol\u00edtica governamental voltada a estimular boas pr\u00e1ticas ambientais, sociais e de governan\u00e7a (ESG) nas empresas. Na ocasi\u00e3o, tamb\u00e9m foi lan\u00e7ado o livro \u201cN\u00f3s e a natureza: somos um com o planeta\u201d, da escritora Aline Campos, com ilustra\u00e7\u00f5es de Luana Chinaglia.<\/p>\n\n\n\n<p>A cerim\u00f4nia marcou a consolida\u00e7\u00e3o do Pacto pela Sustentabilidade, institu\u00eddo pela Portaria n\u00ba 58\/2025. A iniciativa reconhece e incentiva organiza\u00e7\u00f5es do setor a adotarem pr\u00e1ticas alinhadas aos princ\u00edpios ESG em suas opera\u00e7\u00f5es.<\/p>\n\n\n\n<p>A Portos do Paran\u00e1 apresentou planos de a\u00e7\u00e3o baseados nos eixos Meio Ambiente, Desenvolvimento Social e Governan\u00e7a, que foram avaliados tecnicamente pelo Minist\u00e9rio. Conforme o desempenho obtido, as organiza\u00e7\u00f5es receberam o selo nas categorias Bronze, Prata, Ouro ou Diamante. Nesta primeira edi\u00e7\u00e3o, 63 empresas participaram do programa, e 36 foram premiadas.<\/p>\n\n\n\n<p>O diretor de Meio Ambiente da Portos do Paran\u00e1, Jo\u00e3o Paulo Santana, participou do painel \u201cA\u00e7\u00e3o clim\u00e1tica urbana e cidades sustent\u00e1veis\u201d nesta quarta. O projeto apresentado no evento foi o Invent\u00e1rio da Pegada de Carbono da Portos do Paran\u00e1, entregue este ano pela Fundaci\u00f3n Valenciaport, da Espanha, que revela as emiss\u00f5es de gases de efeito estufa (GEE) dos portos paranaenses.<\/p>\n\n\n\n<p>Em 2023, per\u00edodo analisado pela pesquisa, as atividades do complexo portu\u00e1rio dos portos do Paran\u00e1 emitiram cerca de 678 mil toneladas de CO\u2082, distribu\u00eddas entre tr\u00eas escopos de an\u00e1lise. O Escopo 1 refere-se \u00e0s emiss\u00f5es diretas da Autoridade Portu\u00e1ria e representou apenas 2,7% do total.<\/p>\n\n\n\n<p>O Escopo 2 contempla as emiss\u00f5es indiretas associadas ao consumo de energia el\u00e9trica, somando 0,1%. J\u00e1 o Escopo 3 inclui as emiss\u00f5es indiretas provenientes de outras atividades relacionadas \u00e0s opera\u00e7\u00f5es portu\u00e1rias \u2014 como terminais, modais de transporte terrestre, servi\u00e7os de apoio portu\u00e1rio e navios \u2014 totalizando 97,1% das emiss\u00f5es de gases de efeito estufa.<\/p>\n\n\n\n<p>A pr\u00f3xima etapa ser\u00e1 o desenvolvimento do Plano de Descarboniza\u00e7\u00e3o da Comunidade Portu\u00e1ria. \u201cEstamos somando esfor\u00e7os para reduzir as emiss\u00f5es de gases de efeito estufa e atingir as metas da Agenda 2030 e tamb\u00e9m de 2050 para descarboniza\u00e7\u00e3o\u201d, destacou o diretor.<\/p>\n\n\n\n<p>AEN<\/p>\n","protected":false},"excerpt":{"rendered":"<p>O Minist\u00e9rio de Portos e Aeroportos (MPor) premiou a Portos do Paran\u00e1 com o Selo Prata de Sustentabilidade durante a Confer\u00eancia das Na\u00e7\u00f5es Unidas sobre Mudan\u00e7as Clim\u00e1ticas (COP30). A cerim\u00f4nia de entrega do Selo de Sustentabilidade 2025 ocorreu nesta quarta-feira (12) e integra uma pol\u00edtica governamental voltada a estimular boas pr\u00e1ticas ambientais, sociais e de [&hellip;]<\/p>\n","protected":false},"author":2,"featured_media":74108,"comment_status":"open","ping_status":"open","sticky":false,"template":"","format":"standard","meta":{"advanced_seo_description":"","jetpack_seo_html_title":"","jetpack_seo_noindex":false,"_jetpack_memberships_contains_paid_content":false,"footnotes":""},"categories":[40,74],"tags":[319],"class_list":{"0":"post-74107","1":"post","2":"type-post","3":"status-publish","4":"format-standard","5":"has-post-thumbnail","7":"category-destaques","8":"category-setor-portuario","9":"tag-parana"},"jetpack_featured_media_url":"https:\/\/www.paranapraia.com.br\/wp-content\/uploads\/2025\/11\/jonilton_lima_mpor.jpg","jetpack_sharing_enabled":true,"_links":{"self":[{"href":"https:\/\/www.paranapraia.com.br\/index.php\/wp-json\/wp\/v2\/posts\/74107"}],"collection":[{"href":"https:\/\/www.paranapraia.com.br\/index.php\/wp-json\/wp\/v2\/posts"}],"about":[{"href":"https:\/\/www.paranapraia.com.br\/index.php\/wp-json\/wp\/v2\/types\/post"}],"author":[{"embeddable":true,"href":"https:\/\/www.paranapraia.com.br\/index.php\/wp-json\/wp\/v2\/users\/2"}],"replies":[{"embeddable":true,"href":"https:\/\/www.paranapraia.com.br\/index.php\/wp-json\/wp\/v2\/comments?post=74107"}],"version-history":[{"count":1,"href":"https:\/\/www.paranapraia.com.br\/index.php\/wp-json\/wp\/v2\/posts\/74107\/revisions"}],"predecessor-version":[{"id":74109,"href":"https:\/\/www.paranapraia.com.br\/index.php\/wp-json\/wp\/v2\/posts\/74107\/revisions\/74109"}],"wp:featuredmedia":[{"embeddable":true,"href":"https:\/\/www.paranapraia.com.br\/index.php\/wp-json\/wp\/v2\/media\/74108"}],"wp:attachment":[{"href":"https:\/\/www.paranapraia.com.br\/index.php\/wp-json\/wp\/v2\/media?parent=74107"}],"wp:term":[{"taxonomy":"category","embeddable":true,"href":"https:\/\/www.paranapraia.com.br\/index.php\/wp-json\/wp\/v2\/categories?post=74107"},{"taxonomy":"post_tag","embeddable":true,"href":"https:\/\/www.paranapraia.com.br\/index.php\/wp-json\/wp\/v2\/tags?post=74107"}],"curies":[{"name":"wp","href":"https:\/\/api.w.org\/{rel}","templated":true}]}}