{"id":73951,"date":"2025-11-05T11:23:55","date_gmt":"2025-11-05T14:23:55","guid":{"rendered":"https:\/\/www.paranapraia.com.br\/?p=73951"},"modified":"2025-11-05T11:23:58","modified_gmt":"2025-11-05T14:23:58","slug":"novembro-azul-procura-tardia-por-tratamento-tem-reflexos-graves-na-saude-dos-homens","status":"publish","type":"post","link":"https:\/\/www.paranapraia.com.br\/index.php\/2025\/11\/05\/novembro-azul-procura-tardia-por-tratamento-tem-reflexos-graves-na-saude-dos-homens\/","title":{"rendered":"Novembro Azul: procura tardia por tratamento tem reflexos graves na sa\u00fade dos homens"},"content":{"rendered":"\n<p>No Paran\u00e1, os homens s\u00e3o maioria em quase todas as causas de \u00f3bito e em praticamente todas as faixas et\u00e1rias at\u00e9 os 80 anos, segundo dados do Minist\u00e9rio da Sa\u00fade. Eles tamb\u00e9m s\u00e3o maioria em n\u00fameros totais, como mostra o levantamento da Secretaria da Sa\u00fade do Paran\u00e1 (Sesa), para pessoas de 20 a 59 anos. No Paran\u00e1, em 2025, dos 15.656 \u00f3bitos, 66% foram homens.<\/p>\n\n\n\n<p>Entre cinco doen\u00e7as que atingem homens e mulheres, em 2025 no Paran\u00e1, apenas nas neoplasias h\u00e1 predomin\u00e2ncia feminina. De acordo com dados do Sistema de Informa\u00e7\u00e3o da Mortalidade (SIM), homens morrem mais de doen\u00e7as dos aparelhos circulat\u00f3rio e digestivo, doen\u00e7as infecciosas ou parasit\u00e1rias e o maior motivo de mortes masculinas s\u00e3o as causas externas de morbidade e mortalidade: situa\u00e7\u00f5es de viol\u00eancia como homic\u00eddios, acidentes, quedas e afogamentos.<\/p>\n\n\n\n<p>De acordo com a Secretaria da Sa\u00fade, um dos pontos de aten\u00e7\u00e3o \u00e9 porque homens demoram mais para constatar problemas por falta de h\u00e1bito de consulta.<\/p>\n\n\n\n<p>\u201cOs homens ainda procuram os servi\u00e7os de sa\u00fade apenas em situa\u00e7\u00f5es extremas, quando o problema j\u00e1 est\u00e1 avan\u00e7ado. Isso aumenta o risco de complica\u00e7\u00f5es e de mortalidade por doen\u00e7as que poderiam ser evitadas ou controladas com diagn\u00f3stico precoce\u201d, alerta o secret\u00e1rio estadual da Sa\u00fade, Beto Preto. \u201cO primeiro passo \u00e9 reconhecer que o homem n\u00e3o \u00e9 invenc\u00edvel. Prevenir \u00e9 a melhor forma de viver mais e melhor. O Governo do Estado trabalha continuamente para oferecer acesso, acolhimento e pol\u00edticas p\u00fablicas que incentivem o autocuidado e a promo\u00e7\u00e3o da sa\u00fade masculina\u201d.<\/p>\n\n\n\n<ul class=\"wp-block-list\">\n<li>Estudos recentes do Minist\u00e9rio da Sa\u00fade apontam que os homens t\u00eam maior risco de morte por doen\u00e7as cr\u00f4nicas n\u00e3o transmiss\u00edveis (DCNT) \u2013 especialmente cardiovasculares, respirat\u00f3rias cr\u00f4nicas, c\u00e2ncer e diabetes \u2013 com taxas 40% a 50% mais altas que as das mulheres.<\/li>\n<\/ul>\n\n\n\n<p>Essa diferen\u00e7a do n\u00famero de \u00f3bitos \u00e9 explicada em grande parte por h\u00e1bitos inadequados, falta de preven\u00e7\u00e3o e resist\u00eancia masculina em procurar os servi\u00e7os de sa\u00fade. Os n\u00fameros n\u00e3o s\u00e3o apenas reflexos de fatores biol\u00f3gicos, mas tamb\u00e9m quest\u00f5es culturais e sociais, que associam masculinidade \u00e0 invulnerabilidade e \u00e9 um dos temas do Novembro Azul.<\/p>\n\n\n\n<p>O Governo do Paran\u00e1, por meio da Sesa, mant\u00e9m a\u00e7\u00f5es cont\u00ednuas para promover o cuidado integral da sa\u00fade masculina. Em setembro deste ano, foi realizado o curso \u201cO cuidado \u00e0 sa\u00fade do homem em contexto de viol\u00eancia e prote\u00e7\u00e3o de meninas e mulheres na Aten\u00e7\u00e3o Prim\u00e1ria \u00e0 Sa\u00fade\u201d, voltado \u00e0 capacita\u00e7\u00e3o de profissionais de sa\u00fade para abordar o tema com sensibilidade e aten\u00e7\u00e3o.<\/p>\n\n\n\n<p>A Sesa ainda refor\u00e7a medidas essenciais de preven\u00e7\u00e3o e promo\u00e7\u00e3o da sa\u00fade, como monitorar a press\u00e3o arterial regularmente, manter alimenta\u00e7\u00e3o saud\u00e1vel e pr\u00e1tica de atividades f\u00edsicas, abandonar o tabagismo, reduzir o consumo de \u00e1lcool e participar das campanhas de vacina\u00e7\u00e3o.<\/p>\n\n\n\n<p>Tamb\u00e9m \u00e9 importante realizar exames peri\u00f3dicos e testes r\u00e1pidos para ISTs, dispon\u00edveis gratuitamente nas Unidades B\u00e1sicas de Sa\u00fade (UBS) e Centros de Testagem e Aconselhamento (CTA), com resultados em at\u00e9 30 minutos. Al\u00e9m das UBS e dos CTAs, os homens contam com Centros de Aten\u00e7\u00e3o Psicossocial (CAPS), unidades especializadas, programas de reabilita\u00e7\u00e3o e projetos voltados ao bem-estar f\u00edsico e mental em todo o Estado.<\/p>\n\n\n\n<p><strong>PROCURA TARDIA<\/strong>&nbsp;\u2013 Em 2025, de janeiro a setembro, apenas 28% dos atendimentos individuais realizados na faixa et\u00e1ria de 20 a 59 anos na Aten\u00e7\u00e3o Prim\u00e1ria \u00e0 Sa\u00fade do Paran\u00e1 (APS) foram destinados a homens. O n\u00famero do Paran\u00e1 reflete a subutiliza\u00e7\u00e3o dos servi\u00e7os b\u00e1sicos, mesmo quando dispon\u00edveis.<\/p>\n\n\n\n<p>As consequ\u00eancias dessa aus\u00eancia preventiva aparecem nas estat\u00edsticas de interna\u00e7\u00f5es por doen\u00e7as que poderiam ser evitadas com acompanhamento m\u00e9dico regular. De janeiro a agosto de 2025, os homens representaram: 72,7% das interna\u00e7\u00f5es por doen\u00e7as imunopreven\u00edveis, 53,3% por pneumonias bacterianas, 55,8% por angina, 54,3% por insufici\u00eancia card\u00edaca e 60,1% por infec\u00e7\u00f5es de pele e tecido subcut\u00e2neo.<\/p>\n\n\n\n<p>O c\u00e2ncer bucal, por exemplo, \u00e9 3,6 vezes mais comum entre homens no Paran\u00e1. As estimativas do Instituto Nacional do C\u00e2ncer (INCA)&nbsp; mostram que o Estado registra 920 casos, em m\u00e9dia, por ano; 720 s\u00e3o em homens e 200 em mulheres.<\/p>\n\n\n\n<p>O levantamento recente da Sesa, com base no Sistema de Informa\u00e7\u00e3o da Aten\u00e7\u00e3o B\u00e1sica (Sisab), mostra que, entre janeiro e setembro de 2025, os principais atendimentos masculinos foram: 1 milh\u00e3o por hipertens\u00e3o arterial, 560 mil por diabetes, 442 mil em sa\u00fade mental, 109 mil para tabagismo, 49 mil para obesidade, 47 mil para alcoolismo e 18 mil em sa\u00fade sexual e reprodutiva.<\/p>\n\n\n\n<p>Foto: Marcelo Camargo\/Ag\u00eancia Brasil<\/p>\n\n\n\n<p>AEN\/PR<\/p>\n","protected":false},"excerpt":{"rendered":"<p>No Paran\u00e1, os homens s\u00e3o maioria em quase todas as causas de \u00f3bito e em praticamente todas as faixas et\u00e1rias at\u00e9 os 80 anos, segundo dados do Minist\u00e9rio da Sa\u00fade. Eles tamb\u00e9m s\u00e3o maioria em n\u00fameros totais, como mostra o levantamento da Secretaria da Sa\u00fade do Paran\u00e1 (Sesa), para pessoas de 20 a 59 anos. [&hellip;]<\/p>\n","protected":false},"author":2,"featured_media":73952,"comment_status":"open","ping_status":"open","sticky":false,"template":"","format":"standard","meta":{"advanced_seo_description":"","jetpack_seo_html_title":"","jetpack_seo_noindex":false,"_jetpack_memberships_contains_paid_content":false,"footnotes":""},"categories":[40,50],"tags":[],"class_list":{"0":"post-73951","1":"post","2":"type-post","3":"status-publish","4":"format-standard","5":"has-post-thumbnail","7":"category-destaques","8":"category-saude"},"jetpack_featured_media_url":"https:\/\/www.paranapraia.com.br\/wp-content\/uploads\/2025\/11\/1017574-df_28112016-img_5636.jpg","jetpack_sharing_enabled":true,"_links":{"self":[{"href":"https:\/\/www.paranapraia.com.br\/index.php\/wp-json\/wp\/v2\/posts\/73951"}],"collection":[{"href":"https:\/\/www.paranapraia.com.br\/index.php\/wp-json\/wp\/v2\/posts"}],"about":[{"href":"https:\/\/www.paranapraia.com.br\/index.php\/wp-json\/wp\/v2\/types\/post"}],"author":[{"embeddable":true,"href":"https:\/\/www.paranapraia.com.br\/index.php\/wp-json\/wp\/v2\/users\/2"}],"replies":[{"embeddable":true,"href":"https:\/\/www.paranapraia.com.br\/index.php\/wp-json\/wp\/v2\/comments?post=73951"}],"version-history":[{"count":1,"href":"https:\/\/www.paranapraia.com.br\/index.php\/wp-json\/wp\/v2\/posts\/73951\/revisions"}],"predecessor-version":[{"id":73953,"href":"https:\/\/www.paranapraia.com.br\/index.php\/wp-json\/wp\/v2\/posts\/73951\/revisions\/73953"}],"wp:featuredmedia":[{"embeddable":true,"href":"https:\/\/www.paranapraia.com.br\/index.php\/wp-json\/wp\/v2\/media\/73952"}],"wp:attachment":[{"href":"https:\/\/www.paranapraia.com.br\/index.php\/wp-json\/wp\/v2\/media?parent=73951"}],"wp:term":[{"taxonomy":"category","embeddable":true,"href":"https:\/\/www.paranapraia.com.br\/index.php\/wp-json\/wp\/v2\/categories?post=73951"},{"taxonomy":"post_tag","embeddable":true,"href":"https:\/\/www.paranapraia.com.br\/index.php\/wp-json\/wp\/v2\/tags?post=73951"}],"curies":[{"name":"wp","href":"https:\/\/api.w.org\/{rel}","templated":true}]}}