{"id":73947,"date":"2025-11-05T11:20:20","date_gmt":"2025-11-05T14:20:20","guid":{"rendered":"https:\/\/www.paranapraia.com.br\/?p=73947"},"modified":"2025-11-05T11:20:22","modified_gmt":"2025-11-05T14:20:22","slug":"prefeitura-de-paranagua-realiza-primeira-capacitacao-de-motoristas-de-aplicativo-para-atendimento-inclusivo","status":"publish","type":"post","link":"https:\/\/www.paranapraia.com.br\/index.php\/2025\/11\/05\/prefeitura-de-paranagua-realiza-primeira-capacitacao-de-motoristas-de-aplicativo-para-atendimento-inclusivo\/","title":{"rendered":"Prefeitura de Paranagu\u00e1 realiza primeira capacita\u00e7\u00e3o de motoristas de aplicativo para atendimento inclusivo"},"content":{"rendered":"\n<p>Paranagu\u00e1 deu um passo in\u00e9dito rumo \u00e0 inclus\u00e3o e \u00e0 acessibilidade. Nesta ter\u00e7a-feira, dia 4, a Prefeitura promoveu a primeira capacita\u00e7\u00e3o da Rota Inclusiva, voltada a motoristas do aplicativo Litoral Mob, em parceria com a Secretaria Municipal de Inclus\u00e3o (Semi). O curso tem como objetivo preparar condutores para oferecer um atendimento mais acolhedor, acess\u00edvel e respeitoso \u00e0s pessoas com defici\u00eancia, garantindo o direito de ir e vir com dignidade.<\/p>\n\n\n\n<p>O prefeito Adriano Ramos destacou o car\u00e1ter pioneiro da a\u00e7\u00e3o, que aproxima o Poder P\u00fablico das demandas reais das fam\u00edlias que convivem com a defici\u00eancia. \u201c\u00c9 um momento importante para Paranagu\u00e1, para as fam\u00edlias que t\u00eam pessoas com defici\u00eancia. Esses motoristas est\u00e3o recebendo forma\u00e7\u00e3o para entender e lidar com situa\u00e7\u00f5es que exigem mais cuidado e aten\u00e7\u00e3o. \u00c9 um marco hist\u00f3rico, um avan\u00e7o na inclus\u00e3o que nos deixa muito satisfeitos\u201d, afirmou.<\/p>\n\n\n\n<p>O prefeito tamb\u00e9m ressaltou que, ap\u00f3s a capacita\u00e7\u00e3o, os motoristas certificados ter\u00e3o um selo de identifica\u00e7\u00e3o no aplicativo e as pessoas com defici\u00eancia cadastradas ter\u00e3o 20% de desconto nas viagens, um incentivo que simboliza o compromisso do munic\u00edpio com a igualdade de oportunidades.<\/p>\n\n\n\n<p><strong>Forma\u00e7\u00e3o voltada \u00e0 empatia e respeito<\/strong><\/p>\n\n\n\n<p>A vice-prefeita Fabiana Parro destacou que a iniciativa \u00e9 mais do que um curso t\u00e9cnico \u2014 \u00e9 um processo de conscientiza\u00e7\u00e3o sobre as diferen\u00e7as humanas. \u201cQuando falamos em inclus\u00e3o, estamos falando em conhecer o outro. Essa capacita\u00e7\u00e3o ensina a lidar com as diversas realidades das pessoas com defici\u00eancia \u2014 visual, auditiva, intelectual ou f\u00edsica. O respeito come\u00e7a pelo conhecimento. Uma Paranagu\u00e1 de todos se faz quando todos s\u00e3o acolhidos\u201d, enfatizou.<\/p>\n\n\n\n<p>O ciclo de forma\u00e7\u00f5es ser\u00e1 realizado semanalmente, com aulas ministradas por profissionais da Secretaria de Inclus\u00e3o, entre eles a pr\u00f3pria secret\u00e1ria Isabelle Dias, que conduziu o primeiro encontro com o aux\u00edlio da int\u00e9rprete de Libras Nice Christino. \u201c\u00c9 um marco hist\u00f3rico, a primeira capacita\u00e7\u00e3o da Rota Inclusiva na cidade. Queremos que os motoristas compreendam que acessibilidade \u00e9 um direito de todos e que pequenas atitudes podem transformar o dia de quem enfrenta barreiras invis\u00edveis\u201d, destacou Isabelle.<\/p>\n\n\n\n<p>Durante o encontro, a secret\u00e1ria tamb\u00e9m explicou conceitos fundamentais da Lei Brasileira de Inclus\u00e3o (Lei n\u00ba 13.146\/2015), abordando o uso correto da terminologia \u2014 como \u201cpessoa com defici\u00eancia\u201d em vez de \u201cportador de defici\u00eancia\u201d ou \u201cnecessidades especiais\u201d &#8211; e refor\u00e7ando a import\u00e2ncia da empatia e da escuta ativa.<\/p>\n\n\n\n<p><strong>Parceria com motoristas e benef\u00edcios \u00e0 comunidade<\/strong><\/p>\n\n\n\n<p>A a\u00e7\u00e3o \u00e9 fruto de uma parceria direta com o grupo Litoral Drivers, que re\u00fane cerca de 500 motoristas em Paranagu\u00e1. O l\u00edder do grupo e motorista do aplicativo, Adalberto Carlos de Freitas (Beto Freitas), explicou que a ideia nasceu da conviv\u00eancia com fam\u00edlias de pessoas com defici\u00eancia e das dificuldades enfrentadas por elas no transporte di\u00e1rio.<\/p>\n\n\n\n<p>\u201cNem sempre o motorista entende o comportamento de um passageiro com autismo ou com alguma limita\u00e7\u00e3o f\u00edsica. Essa forma\u00e7\u00e3o abre a mente dos profissionais e humaniza o atendimento. Al\u00e9m disso, o aplicativo isentou a taxa de servi\u00e7o e vai oferecer 20% de desconto para usu\u00e1rios com carteirinha da pessoa com defici\u00eancia\u201d, disse.<\/p>\n\n\n\n<p>As capacita\u00e7\u00f5es ocorrer\u00e3o todas as ter\u00e7as-feiras, das 14h \u00e0s 16h, na sede da Secretaria de Inclus\u00e3o, e ter\u00e3o continuidade at\u00e9 o fim do ano. A expectativa \u00e9 que cerca de 30 motoristas participem do primeiro ciclo e recebam o certificado oficial de condutores acess\u00edveis.<\/p>\n\n\n\n<p>Com o lan\u00e7amento da Rota Inclusiva, Paranagu\u00e1 consolida uma pol\u00edtica p\u00fablica de inclus\u00e3o no transporte urbano, fortalecendo o papel do Munic\u00edpio na constru\u00e7\u00e3o de uma cidade mais justa, emp\u00e1tica e acolhedora. \u201cQuando o olhar muda, a cidade muda junto\u201d, resumiu o prefeito Adriano Ramos.<\/p>\n\n\n\n<p>Prefeitura de Paranagu\u00e1 <\/p>\n","protected":false},"excerpt":{"rendered":"<p>Paranagu\u00e1 deu um passo in\u00e9dito rumo \u00e0 inclus\u00e3o e \u00e0 acessibilidade. Nesta ter\u00e7a-feira, dia 4, a Prefeitura promoveu a primeira capacita\u00e7\u00e3o da Rota Inclusiva, voltada a motoristas do aplicativo Litoral Mob, em parceria com a Secretaria Municipal de Inclus\u00e3o (Semi). O curso tem como objetivo preparar condutores para oferecer um atendimento mais acolhedor, acess\u00edvel e [&hellip;]<\/p>\n","protected":false},"author":2,"featured_media":73949,"comment_status":"open","ping_status":"open","sticky":false,"template":"","format":"standard","meta":{"advanced_seo_description":"","jetpack_seo_html_title":"","jetpack_seo_noindex":false,"_jetpack_memberships_contains_paid_content":false,"footnotes":""},"categories":[77],"tags":[],"class_list":{"0":"post-73947","1":"post","2":"type-post","3":"status-publish","4":"format-standard","5":"has-post-thumbnail","7":"category-paranagua"},"jetpack_featured_media_url":"https:\/\/www.paranapraia.com.br\/wp-content\/uploads\/2025\/11\/20359.jpg","jetpack_sharing_enabled":true,"_links":{"self":[{"href":"https:\/\/www.paranapraia.com.br\/index.php\/wp-json\/wp\/v2\/posts\/73947"}],"collection":[{"href":"https:\/\/www.paranapraia.com.br\/index.php\/wp-json\/wp\/v2\/posts"}],"about":[{"href":"https:\/\/www.paranapraia.com.br\/index.php\/wp-json\/wp\/v2\/types\/post"}],"author":[{"embeddable":true,"href":"https:\/\/www.paranapraia.com.br\/index.php\/wp-json\/wp\/v2\/users\/2"}],"replies":[{"embeddable":true,"href":"https:\/\/www.paranapraia.com.br\/index.php\/wp-json\/wp\/v2\/comments?post=73947"}],"version-history":[{"count":1,"href":"https:\/\/www.paranapraia.com.br\/index.php\/wp-json\/wp\/v2\/posts\/73947\/revisions"}],"predecessor-version":[{"id":73950,"href":"https:\/\/www.paranapraia.com.br\/index.php\/wp-json\/wp\/v2\/posts\/73947\/revisions\/73950"}],"wp:featuredmedia":[{"embeddable":true,"href":"https:\/\/www.paranapraia.com.br\/index.php\/wp-json\/wp\/v2\/media\/73949"}],"wp:attachment":[{"href":"https:\/\/www.paranapraia.com.br\/index.php\/wp-json\/wp\/v2\/media?parent=73947"}],"wp:term":[{"taxonomy":"category","embeddable":true,"href":"https:\/\/www.paranapraia.com.br\/index.php\/wp-json\/wp\/v2\/categories?post=73947"},{"taxonomy":"post_tag","embeddable":true,"href":"https:\/\/www.paranapraia.com.br\/index.php\/wp-json\/wp\/v2\/tags?post=73947"}],"curies":[{"name":"wp","href":"https:\/\/api.w.org\/{rel}","templated":true}]}}