{"id":73942,"date":"2025-11-05T11:19:49","date_gmt":"2025-11-05T14:19:49","guid":{"rendered":"https:\/\/www.paranapraia.com.br\/?p=73942"},"modified":"2025-11-05T11:28:03","modified_gmt":"2025-11-05T14:28:03","slug":"amamentacao-o-ato-de-amor-ciencia-e-conexao-que-transforma-vidas","status":"publish","type":"post","link":"https:\/\/www.paranapraia.com.br\/index.php\/2025\/11\/05\/amamentacao-o-ato-de-amor-ciencia-e-conexao-que-transforma-vidas\/","title":{"rendered":"Amamenta\u00e7\u00e3o: O ato de amor, ci\u00eancia e conex\u00e3o que transforma vidas"},"content":{"rendered":"\n<p><em>Por Aressa Henrique \u2014 Consultora em Amamenta\u00e7\u00e3o e Especialista em Sa\u00fade Materno-Infantil<\/em><\/p>\n\n\n\n<p>Ol\u00e1, mam\u00e3es! Sejam bem-vindas. Aqui voc\u00eas encontrar\u00e3o conte\u00fados ricos, baseados em ci\u00eancia, experi\u00eancia e muito carinho, sobre tudo o que envolve esse momento t\u00e3o especial da maternidade. Este \u00e9 um espa\u00e7o para aprender, se acolher e descobrir que cuidar do beb\u00ea tamb\u00e9m \u00e9 cuidar de si mesma. Vamos juntas falar sobre amamenta\u00e7\u00e3o, v\u00ednculo, sa\u00fade e bem-estar \u2014 temas que transformam a rotina, fortalecem o amor e ajudam a viver essa fase com leveza e confian\u00e7a.<\/p>\n\n\n\n<p>O Padr\u00e3o ouro da nutri\u00e7\u00e3o: diretrizes inegoci\u00e1veis da OMS<br>Amamentar \u00e9 um dos gestos mais profundos e transformadores que uma m\u00e3e pode viver. \u00c9 o primeiro elo entre m\u00e3e e filho, uma troca de afeto que ultrapassa o alimento e se transforma em linguagem, v\u00ednculo e confian\u00e7a. Apesar de ser um processo natural, a amamenta\u00e7\u00e3o nem sempre acontece de forma instintiva.<\/p>\n\n\n\n<p>O aleitamento materno \u00e9 a interven\u00e7\u00e3o de sa\u00fade p\u00fablica de maior impacto na redu\u00e7\u00e3o da mortalidade infantil. Essa n\u00e3o \u00e9 apenas uma declara\u00e7\u00e3o de amor, mas uma diretriz global endossada pelas maiores autoridades de sa\u00fade do mundo.<\/p>\n\n\n\n<p>A Organiza\u00e7\u00e3o Mundial da Sa\u00fade (OMS) e o Fundo das Na\u00e7\u00f5es Unidas para a Inf\u00e2ncia (UNICEF) s\u00e3o categ\u00f3ricos em suas recomenda\u00e7\u00f5es:<\/p>\n\n\n\n<ul class=\"wp-block-list\">\n<li>Aleitamento Materno Exclusivo (AME) at\u00e9 os 6 meses: O beb\u00ea deve receber somente o leite da m\u00e3e nos seus primeiros seis meses de vida. O leite materno supre todas as necessidades nutricionais e h\u00eddricas do beb\u00ea. Amamenta\u00e7\u00e3o complementada at\u00e9 2 anos ou mais<\/li>\n<\/ul>\n\n\n\n<p>A partir dos seis meses, o aleitamento deve ser mantido e complementado com alimentos saud\u00e1veis e seguros, seguindo at\u00e9 os 2 anos de idade ou mais, conforme o desejo da m\u00e3e e da crian\u00e7a.<\/p>\n\n\n\n<p>O leite materno: O primeiro superalimento e a primeira vacina<\/p>\n\n\n\n<p>O colostro (o primeiro leite produzido ap\u00f3s o parto) \u00e9 o alimento ideal. A OMS o chama de &#8220;primeira vacina&#8221;, por ser riqu\u00edssimo em anticorpos que protegem o beb\u00ea contra infec\u00e7\u00f5es.<\/p>\n\n\n\n<p>Os benef\u00edcios cientificamente comprovados: SBP em foco<\/p>\n\n\n\n<p>A Sociedade Brasileira de Pediatria (SBP) refor\u00e7a a import\u00e2ncia do aleitamento materno e destaca seus benef\u00edcios inestim\u00e1veis, tanto para o beb\u00ea quanto para a m\u00e3e:<\/p>\n\n\n\n<p>Para a crian\u00e7a (sa\u00fade e desenvolvimento):<\/p>\n\n\n\n<p>Prote\u00e7\u00e3o contra doen\u00e7as: A crian\u00e7a amamentada est\u00e1 protegida contra alergias e infec\u00e7\u00f5es como diarreias, pneumonias, otites e meningites.<\/p>\n\n\n\n<p>Sa\u00fade em longo prazo: O aleitamento materno ajuda a prevenir sobrepeso, obesidade e diabetes tipo 2. Estudos referenciados pela OPAS\/OMS indicam que ele reduz em 13% o risco de sobrepeso e obesidade.<\/p>\n\n\n\n<p>Desenvolvimento cognitivo: Adultos amamentados na inf\u00e2ncia podem ter indicadores de desenvolvimento cognitivo superiores.<\/p>\n\n\n\n<p>Para a M\u00e3e (Recupera\u00e7\u00e3o e Preven\u00e7\u00e3o):<br>Recupera\u00e7\u00e3o p\u00f3s-parto: Amamentar auxilia nas contra\u00e7\u00f5es uterinas, diminuindo o risco de hemorragia.<\/p>\n\n\n\n<p>Prote\u00e7\u00e3o contra c\u00e2ncer: A amamenta\u00e7\u00e3o reduz as chances de a mulher desenvolver c\u00e2ncer de mama, ov\u00e1rio e colo do \u00fatero.<\/p>\n\n\n\n<p>V\u00ednculo e apego: Fortalece o la\u00e7o afetivo e a seguran\u00e7a do apego entre m\u00e3e e filho.<\/p>\n\n\n\n<p>Portanto, o aleitamento materno \u00e9 uma estrat\u00e9gia de sa\u00fade essencial que gera benef\u00edcios duradouros e inestim\u00e1veis para toda a vida.<\/p>\n\n\n\n<p>O suporte profissional: A chave para a manuten\u00e7\u00e3o do AME<\/p>\n\n\n\n<p>Os dados brasileiros de aleitamento mostram que muitas m\u00e3es precisam de ajuda para cruzar a linha dos 6 meses de aleitamento materno exclusivo (AME).<\/p>\n\n\n\n<p>Se o Brasil est\u00e1 em 45,8% de AME, isso revela que a maioria das m\u00e3es n\u00e3o consegue mant\u00ea-lo pelo per\u00edodo ideal, geralmente devido a dor, inseguran\u00e7a e falta de informa\u00e7\u00e3o t\u00e9cnica nos primeiros meses.<\/p>\n\n\n\n<p>O mundo e o Brasil precisam que mais m\u00e3es amamentem exclusivamente at\u00e9 os 6 meses, e para isso, o acompanhamento cont\u00ednuo e t\u00e9cnico \u00e9 indispens\u00e1vel. O nosso servi\u00e7o \u00e9 um investimento direto na sa\u00fade do beb\u00ea e na conquista da m\u00e3e.<\/p>\n\n\n\n<p>N\u00e3o deixe que as dificuldades do dia a dia roubem os benef\u00edcios do AME de voc\u00ea e do seu beb\u00ea.<\/p>\n\n\n\n<p>Queremos que voc\u00ea fa\u00e7a parte dos 45,8% de sucesso e ajude a elevar essa taxa no Brasil!<\/p>\n\n\n\n<p>\ud83d\udcac<em> Sobre a Autora<br>Aressa Henrique \u00e9 consultora especializada em amamenta\u00e7\u00e3o, com 15 anos de experi\u00eancia na \u00e1rea materno-infantil. Com forma\u00e7\u00e3o t\u00e9cnica e abordagem humanizada, \u00e9 p\u00f3s-graduada em Aleitamento Materno. Oferece atendimentos personalizados voltados \u00e0 amamenta\u00e7\u00e3o, desmame, laserterapia, taping e furinho humanizado. J\u00e1 acompanhou mais de mil fam\u00edlias em suas jornadas, transformando desafios em experi\u00eancias de amor e confian\u00e7a.<\/em><\/p>\n\n\n\n<ul class=\"wp-block-list\">\n<li>\ud83d\udccdAtendimentos presenciais e online<\/li>\n\n\n\n<li>\ud83d\udcac WhatsApp: (41) 984286385<\/li>\n\n\n\n<li>\ud83d\udcf8 Instagram: @aressa.consultorianursing<br>Entre em contato e agende sua consultoria de acompanhamento.<\/li>\n<\/ul>\n","protected":false},"excerpt":{"rendered":"<p>Por Aressa Henrique \u2014 Consultora em Amamenta\u00e7\u00e3o e Especialista em Sa\u00fade Materno-Infantil Ol\u00e1, mam\u00e3es! Sejam bem-vindas. Aqui voc\u00eas encontrar\u00e3o conte\u00fados ricos, baseados em ci\u00eancia, experi\u00eancia e muito carinho, sobre tudo o que envolve esse momento t\u00e3o especial da maternidade. Este \u00e9 um espa\u00e7o para aprender, se acolher e descobrir que cuidar do beb\u00ea tamb\u00e9m \u00e9 [&hellip;]<\/p>\n","protected":false},"author":2,"featured_media":73946,"comment_status":"open","ping_status":"open","sticky":false,"template":"","format":"standard","meta":{"advanced_seo_description":"","jetpack_seo_html_title":"","jetpack_seo_noindex":false,"_jetpack_memberships_contains_paid_content":false,"footnotes":""},"categories":[40,77],"tags":[1495,1496,321],"class_list":{"0":"post-73942","1":"post","2":"type-post","3":"status-publish","4":"format-standard","5":"has-post-thumbnail","7":"category-destaques","8":"category-paranagua","9":"tag-aressa","10":"tag-consultora-de-amamentacao","11":"tag-paranagua"},"jetpack_featured_media_url":"https:\/\/www.paranapraia.com.br\/wp-content\/uploads\/2025\/11\/Design-sem-nome_20251105_111819_0000.png","jetpack_sharing_enabled":true,"_links":{"self":[{"href":"https:\/\/www.paranapraia.com.br\/index.php\/wp-json\/wp\/v2\/posts\/73942"}],"collection":[{"href":"https:\/\/www.paranapraia.com.br\/index.php\/wp-json\/wp\/v2\/posts"}],"about":[{"href":"https:\/\/www.paranapraia.com.br\/index.php\/wp-json\/wp\/v2\/types\/post"}],"author":[{"embeddable":true,"href":"https:\/\/www.paranapraia.com.br\/index.php\/wp-json\/wp\/v2\/users\/2"}],"replies":[{"embeddable":true,"href":"https:\/\/www.paranapraia.com.br\/index.php\/wp-json\/wp\/v2\/comments?post=73942"}],"version-history":[{"count":3,"href":"https:\/\/www.paranapraia.com.br\/index.php\/wp-json\/wp\/v2\/posts\/73942\/revisions"}],"predecessor-version":[{"id":73955,"href":"https:\/\/www.paranapraia.com.br\/index.php\/wp-json\/wp\/v2\/posts\/73942\/revisions\/73955"}],"wp:featuredmedia":[{"embeddable":true,"href":"https:\/\/www.paranapraia.com.br\/index.php\/wp-json\/wp\/v2\/media\/73946"}],"wp:attachment":[{"href":"https:\/\/www.paranapraia.com.br\/index.php\/wp-json\/wp\/v2\/media?parent=73942"}],"wp:term":[{"taxonomy":"category","embeddable":true,"href":"https:\/\/www.paranapraia.com.br\/index.php\/wp-json\/wp\/v2\/categories?post=73942"},{"taxonomy":"post_tag","embeddable":true,"href":"https:\/\/www.paranapraia.com.br\/index.php\/wp-json\/wp\/v2\/tags?post=73942"}],"curies":[{"name":"wp","href":"https:\/\/api.w.org\/{rel}","templated":true}]}}