{"id":73918,"date":"2025-11-04T14:00:04","date_gmt":"2025-11-04T17:00:04","guid":{"rendered":"https:\/\/www.paranapraia.com.br\/?p=73918"},"modified":"2025-11-04T14:00:07","modified_gmt":"2025-11-04T17:00:07","slug":"chuvas-do-fim-de-semana-ja-bateram-recorde-de-novembro-e-continuam-ao-longo-da-semana","status":"publish","type":"post","link":"https:\/\/www.paranapraia.com.br\/index.php\/2025\/11\/04\/chuvas-do-fim-de-semana-ja-bateram-recorde-de-novembro-e-continuam-ao-longo-da-semana\/","title":{"rendered":"Chuvas do fim de semana j\u00e1 bateram recorde de novembro e continuam ao longo da semana"},"content":{"rendered":"\n<p>O fim de semana foi marcado por temporais severos no Paran\u00e1, que agora\u00a0demanda resposta \u00e1gil do Estado com a libera\u00e7\u00e3o de R$ 50 milh\u00f5es para auxiliar as prefeituras na reconstru\u00e7\u00e3o. Em apenas dois dias, tr\u00eas esta\u00e7\u00f5es meteorol\u00f3gicas do Sistema de Tecnologia e Monitoramento Ambiental do Paran\u00e1 (Simepar) chegaram ao volume hist\u00f3rico de chuvas para todo o m\u00eas de novembro. As rajadas de vento superaram os 90 km\/h. A previs\u00e3o do tempo indica que, ao longo da semana, a chuva continuar\u00e1 no Estado de forma mais irregular.\u00a0<\/p>\n\n\n\n<p>O volume de chuvas foi t\u00e3o alto que, em apenas dois dias, Campo Mour\u00e3o, Cianorte e Santa Helena j\u00e1 ultrapassaram a m\u00e9dia hist\u00f3rica de acumulado de chuva para novembro. Em Campo Mour\u00e3o, onde historicamente em novembro o acumulado de chuva \u00e9 de 128,8 mm, j\u00e1 choveu 147 mm. Em Cianorte, onde no m\u00eas chove em m\u00e9dia 100,1 mm, j\u00e1 choveu 127,8 mm. J\u00e1 em Santa Helena, onde em novembro historicamente chove um acumulado de 152,5 mm, j\u00e1 choveu 210,6 mm.<\/p>\n\n\n\n<p>As rajadas de vento tamb\u00e9m foram intensas. No domingo, Corn\u00e9lio Proc\u00f3pio registrou rajada de 95,5 km\/h \u00e0s 2h, e Santo Ant\u00f4nio da Platina registrou 91 km\/h \u00e0 0h. Houve registro de granizo em v\u00e1rias cidades, entre elas Mandaguari, Jandaia do Sul, Cianorte, Mandagua\u00e7u, Entre Rios do Oeste, Planalto e Campo Mour\u00e3o.<\/p>\n\n\n\n<p>\u201cEssas tempestades foram formadas e se desenvolveram, associadas \u00e0 combina\u00e7\u00e3o de calor e umidade, que estavam elevados na atmosfera, e tamb\u00e9m a intensifica\u00e7\u00e3o de uma \u00e1rea de baixa press\u00e3o atmosf\u00e9rica, entre Paraguai e Norte-Argentina, e mesmo sobre o estado do Paran\u00e1\u201d, explica Reinaldo Kneib, meteorologista do Simepar.<\/p>\n\n\n\n<p>A chuva continuou desde a madrugada desta segunda-feira, por\u00e9m de forma irregular. At\u00e9 as 10h15, o acumulado de chuva j\u00e1 chegou a 55,6 mm em C\u00e2ndido de Abreu, 39,6 mm em Ubirat\u00e3, e 20 mm em Cianorte.&nbsp;<\/p>\n\n\n\n<p>\u201cAo longo da tarde, as instabilidades se intensificam, provocando precipita\u00e7\u00f5es localmente fortes e bem distribu\u00eddas, com destaque para as regi\u00f5es Norte, Campos Gerais e Leste, onde os modelos indicam maior atividade convectiva\u201d, explica Bianca de \u00c2ngelo, meteorologista do Simepar.<\/p>\n\n\n\n<p>Apesar da chuva, as temperaturas permanecem elevadas, chegando perto dos 30\u00b0C no Oeste do Estado, especialmente em cidades como Alt\u00f4nia, Santa Helena e Foz do Igua\u00e7u. J\u00e1 no Leste, os valores s\u00e3o mais amenos, em torno dos 22\u00b0C.<\/p>\n\n\n\n<p><strong>A PARTIR DE TER\u00c7A&nbsp;<\/strong>\u2013&nbsp;Na ter\u00e7a-feira, as chuvas reduzem. No Oeste, o sol volta a predominar favorecendo a eleva\u00e7\u00e3o das temperaturas, que devem ultrapassar os 30\u00b0C. No Leste, o sol aparece entre nuvens principalmente no per\u00edodo da tarde. H\u00e1 possibilidade de chuva fraca, especialmente no Litoral.<\/p>\n\n\n\n<p>A chuva volta com for\u00e7a ao Estado na quarta-feira. \u201cA forma\u00e7\u00e3o de um novo sistema de baixa press\u00e3o sobre o Paraguai deve provocar chuvas intensas no Oeste paranaense, que avan\u00e7am em dire\u00e7\u00e3o \u00e0s demais regi\u00f5es ao longo do dia, perdendo for\u00e7a gradualmente\u201d, detalha Bianca. As temperaturas apresentam leve queda, mas as m\u00e1ximas permanecem acima dos 25\u00b0C.<\/p>\n\n\n\n<p>Na quinta-feira, a intensidade das precipita\u00e7\u00f5es diminui, mas ainda s\u00e3o esperadas pancadas de chuva isoladas em todo o Estado, com maior concentra\u00e7\u00e3o na regi\u00e3o Oeste.<\/p>\n\n\n\n<p>AEN\/PR<\/p>\n","protected":false},"excerpt":{"rendered":"<p>O fim de semana foi marcado por temporais severos no Paran\u00e1, que agora\u00a0demanda resposta \u00e1gil do Estado com a libera\u00e7\u00e3o de R$ 50 milh\u00f5es para auxiliar as prefeituras na reconstru\u00e7\u00e3o. Em apenas dois dias, tr\u00eas esta\u00e7\u00f5es meteorol\u00f3gicas do Sistema de Tecnologia e Monitoramento Ambiental do Paran\u00e1 (Simepar) chegaram ao volume hist\u00f3rico de chuvas para todo [&hellip;]<\/p>\n","protected":false},"author":2,"featured_media":73919,"comment_status":"open","ping_status":"open","sticky":false,"template":"","format":"standard","meta":{"advanced_seo_description":"","jetpack_seo_html_title":"","jetpack_seo_noindex":false,"_jetpack_memberships_contains_paid_content":false,"footnotes":""},"categories":[40],"tags":[],"class_list":{"0":"post-73918","1":"post","2":"type-post","3":"status-publish","4":"format-standard","5":"has-post-thumbnail","7":"category-destaques"},"jetpack_featured_media_url":"https:\/\/www.paranapraia.com.br\/wp-content\/uploads\/2025\/11\/whatsapp_image_2025-11-03_at_11.58.00.jpg","jetpack_sharing_enabled":true,"_links":{"self":[{"href":"https:\/\/www.paranapraia.com.br\/index.php\/wp-json\/wp\/v2\/posts\/73918"}],"collection":[{"href":"https:\/\/www.paranapraia.com.br\/index.php\/wp-json\/wp\/v2\/posts"}],"about":[{"href":"https:\/\/www.paranapraia.com.br\/index.php\/wp-json\/wp\/v2\/types\/post"}],"author":[{"embeddable":true,"href":"https:\/\/www.paranapraia.com.br\/index.php\/wp-json\/wp\/v2\/users\/2"}],"replies":[{"embeddable":true,"href":"https:\/\/www.paranapraia.com.br\/index.php\/wp-json\/wp\/v2\/comments?post=73918"}],"version-history":[{"count":1,"href":"https:\/\/www.paranapraia.com.br\/index.php\/wp-json\/wp\/v2\/posts\/73918\/revisions"}],"predecessor-version":[{"id":73920,"href":"https:\/\/www.paranapraia.com.br\/index.php\/wp-json\/wp\/v2\/posts\/73918\/revisions\/73920"}],"wp:featuredmedia":[{"embeddable":true,"href":"https:\/\/www.paranapraia.com.br\/index.php\/wp-json\/wp\/v2\/media\/73919"}],"wp:attachment":[{"href":"https:\/\/www.paranapraia.com.br\/index.php\/wp-json\/wp\/v2\/media?parent=73918"}],"wp:term":[{"taxonomy":"category","embeddable":true,"href":"https:\/\/www.paranapraia.com.br\/index.php\/wp-json\/wp\/v2\/categories?post=73918"},{"taxonomy":"post_tag","embeddable":true,"href":"https:\/\/www.paranapraia.com.br\/index.php\/wp-json\/wp\/v2\/tags?post=73918"}],"curies":[{"name":"wp","href":"https:\/\/api.w.org\/{rel}","templated":true}]}}