{"id":73915,"date":"2025-11-04T13:56:44","date_gmt":"2025-11-04T16:56:44","guid":{"rendered":"https:\/\/www.paranapraia.com.br\/?p=73915"},"modified":"2025-11-04T13:56:46","modified_gmt":"2025-11-04T16:56:46","slug":"prefeitura-de-paranagua-recebe-imagem-peregrina-de-nossa-senhora-do-rocio-em-celebracao-especial","status":"publish","type":"post","link":"https:\/\/www.paranapraia.com.br\/index.php\/2025\/11\/04\/prefeitura-de-paranagua-recebe-imagem-peregrina-de-nossa-senhora-do-rocio-em-celebracao-especial\/","title":{"rendered":"Prefeitura de Paranagu\u00e1 recebe imagem peregrina de Nossa Senhora do Rocio em celebra\u00e7\u00e3o especial"},"content":{"rendered":"\n<p>Nesta segunda-feira, dia 3, o p\u00e1tio do Pal\u00e1cio S\u00e3o Jos\u00e9 se transformou em um espa\u00e7o de ora\u00e7\u00e3o e emo\u00e7\u00e3o. A Prefeitura de Paranagu\u00e1 recebeu a visita da imagem peregrina de Nossa Senhora do Rocio, Padroeira do Paran\u00e1, em uma missa ecum\u00eanica que marcou a programa\u00e7\u00e3o oficial da 212\u00aa Festa do Rocio &#8211; uma das maiores manifesta\u00e7\u00f5es religiosas e culturais do Sul do pa\u00eds.<\/p>\n\n\n\n<p>A celebra\u00e7\u00e3o foi conduzida pelo reitor do Santu\u00e1rio Estadual, padre Dirson Gon\u00e7alves, que lembrou a origem da devo\u00e7\u00e3o \u00e0 Nossa Senhora do Rocio, nascida em Paranagu\u00e1 em 1648, quando uma pequena imagem foi encontrada por um pescador nas \u00e1guas da ba\u00eda. \u201cComo pode toda uma hist\u00f3ria nascer a partir de uma imagem desse tamanhozinho? Foi aqui que o povo come\u00e7ou a rezar, e os milagres come\u00e7aram a acontecer. \u00c9 uma hist\u00f3ria de f\u00e9, de resist\u00eancia e de amor \u00e0 nossa terra\u201d, afirmou.<\/p>\n\n\n\n<p>Padre Dirson destacou que o Santu\u00e1rio celebra, em 2025, 80 anos de presen\u00e7a mission\u00e1ria em Paranagu\u00e1, e defendeu a valoriza\u00e7\u00e3o do turismo religioso na cidade. \u201cTemos uma rel\u00edquia em Paranagu\u00e1, uma imagem sagrada que precisa ser conhecida pelo Brasil e pelo mundo. Assim como F\u00e1tima, Lourdes, Aparecida e Guadalupe, Paranagu\u00e1 tem tudo para ser um grande polo de f\u00e9 e devo\u00e7\u00e3o\u201d, disse.<\/p>\n\n\n\n<p>O sacerdote tamb\u00e9m agradeceu o apoio da Prefeitura na organiza\u00e7\u00e3o da festa, que envolve todas as secretarias municipais. \u201cA festa do Rocio \u00e9 t\u00e3o grande que seria imposs\u00edvel realiz\u00e1-la sem o apoio de tantos parceiros. A Prefeitura tem sido uma grande aliada, colocando suas equipes de cultura, turismo, sa\u00fade, obras e educa\u00e7\u00e3o \u00e0 disposi\u00e7\u00e3o. \u00c9 um trabalho conjunto, feito com muito carinho\u201d, ressaltou.<\/p>\n\n\n\n<p><strong>Emo\u00e7\u00e3o e gratid\u00e3o na sede do Executivo<\/strong><\/p>\n\n\n\n<p>O prefeito Adriano Ramos participou do momento de f\u00e9 e refor\u00e7ou a parceria entre o Munic\u00edpio e o Santu\u00e1rio do Rocio. \u201cEsse \u00e9 um momento de reflex\u00e3o, de renova\u00e7\u00e3o espiritual e de fortalecimento da nossa miss\u00e3o de servir. Que essas b\u00ean\u00e7\u00e3os toquem nossos cora\u00e7\u00f5es e nos deem sabedoria para continuar trabalhando por Paranagu\u00e1\u201d, afirmou.<\/p>\n\n\n\n<p>Adriano destacou ainda a dimens\u00e3o estadual da festa e a import\u00e2ncia da coopera\u00e7\u00e3o institucional. \u201cA Festa do Rocio movimenta o turismo, a economia e a f\u00e9. Milhares de pessoas de todo o pa\u00eds v\u00eam a Paranagu\u00e1, e a Prefeitura est\u00e1 de portas abertas para contribuir, garantindo estrutura, seguran\u00e7a e acolhimento aos romeiros e visitantes\u201d, disse o chefe do Executivo.<\/p>\n\n\n\n<p>Durante a celebra\u00e7\u00e3o, a vice-prefeita Fabiana Parro se emocionou ao falar sobre sua devo\u00e7\u00e3o pessoal \u00e0 Nossa Senhora do Rocio e sobre a import\u00e2ncia da presen\u00e7a da imagem na Prefeitura. \u201cN\u00e3o tem como n\u00e3o me emocionar. Nossa Senhora esteve comigo em muitas batalhas, em momentos de doen\u00e7a, de dificuldades e de vit\u00f3rias. Trazer essa ben\u00e7\u00e3o para o espa\u00e7o onde tomamos decis\u00f5es t\u00e3o importantes \u00e9 uma forma de gratid\u00e3o\u201d, declarou.<\/p>\n\n\n\n<p>Fabiana destacou ainda o car\u00e1ter simb\u00f3lico da celebra\u00e7\u00e3o. \u201cA Prefeitura n\u00e3o \u00e9 apenas o prefeito e a vice. \u00c9 uma grande equipe que trabalha diariamente por Paranagu\u00e1. Que Nossa Senhora aben\u00e7oe cada servidor, cada decis\u00e3o, para que possamos realmente transformar a vida das pessoas\u201d, afirmou.<\/p>\n\n\n\n<p><strong>Programa\u00e7\u00e3o da 212\u00aa Festa do Rocio<\/strong><\/p>\n\n\n\n<p>A programa\u00e7\u00e3o segue intensa at\u00e9 o dia 16 de novembro, com novenas di\u00e1rias, prociss\u00f5es tem\u00e1ticas, eventos culturais e esportivos. Entre os destaques est\u00e3o:<\/p>\n\n\n\n<p><strong>&#8211; Novena da Padroeira:&nbsp;<\/strong>de 6 a 14 de novembro, com missas \u00e0s 6h, 9h, 12h, 14h, 16h e 19h.<br><strong>&#8211; Prociss\u00e3o Mar\u00edtima:&nbsp;<\/strong>dia 10, com sa\u00edda da Par\u00f3quia dos Navegantes e b\u00ean\u00e7\u00e3o das embarca\u00e7\u00f5es.<br><strong>&#8211; Romarias e prociss\u00f5es tem\u00e1ticas:&nbsp;<\/strong>de cavaleiros, caminhoneiros, ciclistas e crian\u00e7as.<br><strong>&#8211; Grande Prociss\u00e3o:<\/strong>&nbsp;dia 15, \u00e0s 16h, saindo do Santu\u00e1rio at\u00e9 a Catedral de Nossa Senhora do Ros\u00e1rio.<br><strong>&#8211; Prociss\u00e3o Luminosa:<\/strong>&nbsp;dia 16, encerrando os festejos com a devolu\u00e7\u00e3o da imagem \u00e0 igreja do Rocio.<\/p>\n\n\n\n<p>Padre Dirson convidou toda a popula\u00e7\u00e3o a participar. \u201cA pra\u00e7a j\u00e1 est\u00e1 linda, a programa\u00e7\u00e3o est\u00e1 repleta de atividades e ora\u00e7\u00f5es. Que esse tempo de festa seja de renova\u00e7\u00e3o da f\u00e9 e de uni\u00e3o para todos os parnanguaras&#8221;, concluiu.<\/p>\n\n\n\n<p>Prefeitura de Paranagu\u00e1 <\/p>\n","protected":false},"excerpt":{"rendered":"<p>Nesta segunda-feira, dia 3, o p\u00e1tio do Pal\u00e1cio S\u00e3o Jos\u00e9 se transformou em um espa\u00e7o de ora\u00e7\u00e3o e emo\u00e7\u00e3o. A Prefeitura de Paranagu\u00e1 recebeu a visita da imagem peregrina de Nossa Senhora do Rocio, Padroeira do Paran\u00e1, em uma missa ecum\u00eanica que marcou a programa\u00e7\u00e3o oficial da 212\u00aa Festa do Rocio &#8211; uma das maiores [&hellip;]<\/p>\n","protected":false},"author":2,"featured_media":73916,"comment_status":"open","ping_status":"open","sticky":false,"template":"","format":"standard","meta":{"advanced_seo_description":"","jetpack_seo_html_title":"","jetpack_seo_noindex":false,"_jetpack_memberships_contains_paid_content":false,"footnotes":""},"categories":[77],"tags":[],"class_list":{"0":"post-73915","1":"post","2":"type-post","3":"status-publish","4":"format-standard","5":"has-post-thumbnail","7":"category-paranagua"},"jetpack_featured_media_url":"https:\/\/www.paranapraia.com.br\/wp-content\/uploads\/2025\/11\/20328-scaled.jpg","jetpack_sharing_enabled":true,"_links":{"self":[{"href":"https:\/\/www.paranapraia.com.br\/index.php\/wp-json\/wp\/v2\/posts\/73915"}],"collection":[{"href":"https:\/\/www.paranapraia.com.br\/index.php\/wp-json\/wp\/v2\/posts"}],"about":[{"href":"https:\/\/www.paranapraia.com.br\/index.php\/wp-json\/wp\/v2\/types\/post"}],"author":[{"embeddable":true,"href":"https:\/\/www.paranapraia.com.br\/index.php\/wp-json\/wp\/v2\/users\/2"}],"replies":[{"embeddable":true,"href":"https:\/\/www.paranapraia.com.br\/index.php\/wp-json\/wp\/v2\/comments?post=73915"}],"version-history":[{"count":1,"href":"https:\/\/www.paranapraia.com.br\/index.php\/wp-json\/wp\/v2\/posts\/73915\/revisions"}],"predecessor-version":[{"id":73917,"href":"https:\/\/www.paranapraia.com.br\/index.php\/wp-json\/wp\/v2\/posts\/73915\/revisions\/73917"}],"wp:featuredmedia":[{"embeddable":true,"href":"https:\/\/www.paranapraia.com.br\/index.php\/wp-json\/wp\/v2\/media\/73916"}],"wp:attachment":[{"href":"https:\/\/www.paranapraia.com.br\/index.php\/wp-json\/wp\/v2\/media?parent=73915"}],"wp:term":[{"taxonomy":"category","embeddable":true,"href":"https:\/\/www.paranapraia.com.br\/index.php\/wp-json\/wp\/v2\/categories?post=73915"},{"taxonomy":"post_tag","embeddable":true,"href":"https:\/\/www.paranapraia.com.br\/index.php\/wp-json\/wp\/v2\/tags?post=73915"}],"curies":[{"name":"wp","href":"https:\/\/api.w.org\/{rel}","templated":true}]}}