{"id":73911,"date":"2025-11-04T07:39:04","date_gmt":"2025-11-04T10:39:04","guid":{"rendered":"https:\/\/www.paranapraia.com.br\/?p=73911"},"modified":"2025-11-04T07:39:07","modified_gmt":"2025-11-04T10:39:07","slug":"tse-adia-julgamento-do-prefeito-rudao-gimenes-e-nova-data-e-marcada-para-17-de-novembro","status":"publish","type":"post","link":"https:\/\/www.paranapraia.com.br\/index.php\/2025\/11\/04\/tse-adia-julgamento-do-prefeito-rudao-gimenes-e-nova-data-e-marcada-para-17-de-novembro\/","title":{"rendered":"TSE adia julgamento do prefeito Rud\u00e3o Gimenes e nova data \u00e9 marcada para 17 de novembro"},"content":{"rendered":"\n<p>O Tribunal Superior Eleitoral (TSE) decidiu adiar o julgamento do prefeito de Pontal do Paran\u00e1, Rud\u00e3o Gimenes, que agora ser\u00e1 conclu\u00eddo no dia 17 de novembro. A sess\u00e3o, que j\u00e1 contava com tr\u00eas votos favor\u00e1veis ao prefeito, foi interrompida ap\u00f3s uma das desembargadoras pedir vistas do processo, solicitando mais tempo para an\u00e1lise dos autos.<\/p>\n\n\n\n<p>Com o pedido, o presidente do TSE determinou a suspens\u00e3o moment\u00e2nea da vota\u00e7\u00e3o, marcando a nova data para que o caso seja retomado e finalizado. O processo tem gerado grande expectativa no munic\u00edpio, que acompanha de perto cada movimenta\u00e7\u00e3o em Bras\u00edlia.<\/p>\n\n\n\n<p>Na sess\u00e3o anterior, os ministros analisavam o recurso referente \u00e0 situa\u00e7\u00e3o eleitoral do prefeito, que vem sendo discutido desde inst\u00e2ncias inferiores. O cen\u00e1rio, at\u00e9 o momento, \u00e9 considerado favor\u00e1vel a Rud\u00e3o, j\u00e1 que a maioria dos votos proferidos at\u00e9 agora apontam para a n\u00e3o cassa\u00e7\u00e3o do mandato.<\/p>\n\n\n\n<p>A not\u00edcia repercutiu fortemente em Pontal do Paran\u00e1. Moradores, lideran\u00e7as pol\u00edticas e servidores p\u00fablicos demonstraram otimismo com o andamento do julgamento, destacando o trabalho que a atual gest\u00e3o tem realizado em \u00e1reas como infraestrutura, educa\u00e7\u00e3o, turismo e mobilidade.<\/p>\n\n\n\n<p>Rud\u00e3o Gimenes segue no cargo, conduzindo normalmente a administra\u00e7\u00e3o municipal. O prefeito \u00e9 amplamente reconhecido pela popula\u00e7\u00e3o por promover melhorias vis\u00edveis em toda a cidade e por manter um di\u00e1logo constante com a comunidade.<\/p>\n\n\n\n<p>A expectativa \u00e9 que, com os votos j\u00e1 registrados e o hist\u00f3rico do processo, o desfecho do julgamento confirme a absolvi\u00e7\u00e3o e a continuidade de Rud\u00e3o \u00e0 frente da Prefeitura de Pontal do Paran\u00e1. A decis\u00e3o final ser\u00e1 conhecida no pr\u00f3ximo dia 17 de novembro, quando o TSE retomar\u00e1 oficialmente a vota\u00e7\u00e3o.<\/p>\n\n\n\n<p>Reda\u00e7\u00e3o <\/p>\n","protected":false},"excerpt":{"rendered":"<p>O Tribunal Superior Eleitoral (TSE) decidiu adiar o julgamento do prefeito de Pontal do Paran\u00e1, Rud\u00e3o Gimenes, que agora ser\u00e1 conclu\u00eddo no dia 17 de novembro. A sess\u00e3o, que j\u00e1 contava com tr\u00eas votos favor\u00e1veis ao prefeito, foi interrompida ap\u00f3s uma das desembargadoras pedir vistas do processo, solicitando mais tempo para an\u00e1lise dos autos. Com [&hellip;]<\/p>\n","protected":false},"author":2,"featured_media":73912,"comment_status":"open","ping_status":"open","sticky":false,"template":"","format":"standard","meta":{"advanced_seo_description":"","jetpack_seo_html_title":"","jetpack_seo_noindex":false,"_jetpack_memberships_contains_paid_content":false,"footnotes":""},"categories":[40,65],"tags":[318],"class_list":{"0":"post-73911","1":"post","2":"type-post","3":"status-publish","4":"format-standard","5":"has-post-thumbnail","7":"category-destaques","8":"category-pontal-do-parana","9":"tag-pontal-do-parana"},"jetpack_featured_media_url":"https:\/\/www.paranapraia.com.br\/wp-content\/uploads\/2025\/11\/FB_IMG_1762252546245.jpg","jetpack_sharing_enabled":true,"_links":{"self":[{"href":"https:\/\/www.paranapraia.com.br\/index.php\/wp-json\/wp\/v2\/posts\/73911"}],"collection":[{"href":"https:\/\/www.paranapraia.com.br\/index.php\/wp-json\/wp\/v2\/posts"}],"about":[{"href":"https:\/\/www.paranapraia.com.br\/index.php\/wp-json\/wp\/v2\/types\/post"}],"author":[{"embeddable":true,"href":"https:\/\/www.paranapraia.com.br\/index.php\/wp-json\/wp\/v2\/users\/2"}],"replies":[{"embeddable":true,"href":"https:\/\/www.paranapraia.com.br\/index.php\/wp-json\/wp\/v2\/comments?post=73911"}],"version-history":[{"count":1,"href":"https:\/\/www.paranapraia.com.br\/index.php\/wp-json\/wp\/v2\/posts\/73911\/revisions"}],"predecessor-version":[{"id":73913,"href":"https:\/\/www.paranapraia.com.br\/index.php\/wp-json\/wp\/v2\/posts\/73911\/revisions\/73913"}],"wp:featuredmedia":[{"embeddable":true,"href":"https:\/\/www.paranapraia.com.br\/index.php\/wp-json\/wp\/v2\/media\/73912"}],"wp:attachment":[{"href":"https:\/\/www.paranapraia.com.br\/index.php\/wp-json\/wp\/v2\/media?parent=73911"}],"wp:term":[{"taxonomy":"category","embeddable":true,"href":"https:\/\/www.paranapraia.com.br\/index.php\/wp-json\/wp\/v2\/categories?post=73911"},{"taxonomy":"post_tag","embeddable":true,"href":"https:\/\/www.paranapraia.com.br\/index.php\/wp-json\/wp\/v2\/tags?post=73911"}],"curies":[{"name":"wp","href":"https:\/\/api.w.org\/{rel}","templated":true}]}}