{"id":73908,"date":"2025-11-03T12:10:54","date_gmt":"2025-11-03T15:10:54","guid":{"rendered":"https:\/\/www.paranapraia.com.br\/?p=73908"},"modified":"2025-11-03T12:10:55","modified_gmt":"2025-11-03T15:10:55","slug":"prefeitura-de-paranagua-promove-capacitacao-para-multiplicadores-no-enfrentamento-a-violencia-contra-mulheres-e-meninas","status":"publish","type":"post","link":"https:\/\/www.paranapraia.com.br\/index.php\/2025\/11\/03\/prefeitura-de-paranagua-promove-capacitacao-para-multiplicadores-no-enfrentamento-a-violencia-contra-mulheres-e-meninas\/","title":{"rendered":"Prefeitura de Paranagu\u00e1 promove capacita\u00e7\u00e3o para multiplicadores no enfrentamento \u00e0 viol\u00eancia contra mulheres e meninas"},"content":{"rendered":"\n<p>A Prefeitura de Paranagu\u00e1 est\u00e1 com inscri\u00e7\u00f5es abertas para a Capacita\u00e7\u00e3o de Multiplicadores pelo Fim da Viol\u00eancia contra Mulheres e Meninas, um projeto voltado \u00e0 forma\u00e7\u00e3o de profissionais, lideran\u00e7as comunit\u00e1rias e cidad\u00e3os comprometidos com a promo\u00e7\u00e3o da igualdade de g\u00eanero e o enfrentamento \u00e0 viol\u00eancia.<\/p>\n\n\n\n<p>A capacita\u00e7\u00e3o ser\u00e1 realizada nos dias 11, 18 e 25 de novembro, sempre \u00e0s 14h, no Instituto Superior do Litoral do Paran\u00e1 (ISULPAR), e ministrada pela professora Larissa Hack, do Instituto Batom. O curso integra a agenda da Secretaria Municipal da Mulher, Desenvolvimento Social e Igualdade Racial (Semdir), pelo M\u00eas de Combate \u00e0 Viol\u00eancia contra a Mulher, que marca o Dia Internacional pela Elimina\u00e7\u00e3o da Viol\u00eancia contra Mulheres e Meninas, celebrado em 25 de novembro.<\/p>\n\n\n\n<p><strong>Forma\u00e7\u00e3o para o enfrentamento da viol\u00eancia<\/strong><\/p>\n\n\n\n<p>De acordo com a secret\u00e1ria Carolina Miranda de Louren\u00e7o, a proposta da capacita\u00e7\u00e3o \u00e9 ampliar o alcance das a\u00e7\u00f5es de preven\u00e7\u00e3o e acolhimento, fortalecendo a atua\u00e7\u00e3o da rede municipal de prote\u00e7\u00e3o. \u201cQueremos que cada participante se torne um agente multiplicador, levando o conhecimento para dentro das comunidades, das institui\u00e7\u00f5es e dos espa\u00e7os de trabalho. O combate \u00e0 viol\u00eancia exige uni\u00e3o, empatia e informa\u00e7\u00e3o\u201d, destacou.<\/p>\n\n\n\n<p>Durante as aulas, ser\u00e3o abordados temas essenciais para a compreens\u00e3o e enfrentamento das desigualdades de g\u00eanero, como direitos das mulheres, lutas e conquistas, vieses inconscientes no manejo da v\u00edtima de viol\u00eancia dom\u00e9stica, fortalecimento da rede de prote\u00e7\u00e3o, emancipa\u00e7\u00e3o financeira e economia do cuidado, al\u00e9m da apresenta\u00e7\u00e3o do protocolo \u2018N\u00e3o \u00e9 N\u00e3o: Mulheres Seguras\u2019 (Lei 14.786\/23).<\/p>\n\n\n\n<p><strong>O que \u00e9 o Protocolo \u201cN\u00e3o \u00e9 N\u00e3o\u201d<\/strong><\/p>\n\n\n\n<p>Sancionado em dezembro de 2023, o Protocolo \u201cN\u00e3o \u00e9 N\u00e3o\u201d estabelece diretrizes nacionais para a preven\u00e7\u00e3o ao constrangimento e \u00e0 viol\u00eancia contra mulheres em casas noturnas, shows e eventos com venda de bebidas alco\u00f3licas. A lei garante que toda mulher que se sinta assediada ou violentada nesses espa\u00e7os seja imediatamente protegida e acolhida, com atendimento humanizado e afastamento do agressor.<\/p>\n\n\n\n<p>O protocolo tamb\u00e9m institui o Selo \u201cN\u00e3o \u00e9 N\u00e3o \u2013 Mulheres Seguras\u201d, concedido a estabelecimentos que adotam pr\u00e1ticas de preven\u00e7\u00e3o, atendimento e prote\u00e7\u00e3o \u00e0s v\u00edtimas, e prev\u00ea campanhas educativas e forma\u00e7\u00f5es peri\u00f3dicas para trabalhadores do setor de entretenimento. A medida refor\u00e7a o compromisso p\u00fablico e privado na cria\u00e7\u00e3o de ambientes seguros para mulheres, estimulando a responsabilidade compartilhada no enfrentamento \u00e0 viol\u00eancia de g\u00eanero.<\/p>\n\n\n\n<p><strong>Certifica\u00e7\u00e3o e engajamento social<\/strong><\/p>\n\n\n\n<p>Os participantes receber\u00e3o certificado de conclus\u00e3o e estar\u00e3o aptos a multiplicar os conhecimentos adquiridos, contribuindo para a constru\u00e7\u00e3o de uma sociedade mais justa, segura e igualit\u00e1ria.<\/p>\n\n\n\n<p>As inscri\u00e7\u00f5es s\u00e3o gratuitas e podem ser realizadas pelo formul\u00e1rio online&nbsp;<a href=\"https:\/\/forms.gle\/tzFSsDwkS42gixBh7\" target=\"_blank\" rel=\"noreferrer noopener\">clicando aqui<\/a>.&nbsp;<\/p>\n\n\n\n<p>Prefeitura de Paranagu\u00e1 <\/p>\n","protected":false},"excerpt":{"rendered":"<p>A Prefeitura de Paranagu\u00e1 est\u00e1 com inscri\u00e7\u00f5es abertas para a Capacita\u00e7\u00e3o de Multiplicadores pelo Fim da Viol\u00eancia contra Mulheres e Meninas, um projeto voltado \u00e0 forma\u00e7\u00e3o de profissionais, lideran\u00e7as comunit\u00e1rias e cidad\u00e3os comprometidos com a promo\u00e7\u00e3o da igualdade de g\u00eanero e o enfrentamento \u00e0 viol\u00eancia. A capacita\u00e7\u00e3o ser\u00e1 realizada nos dias 11, 18 e 25 [&hellip;]<\/p>\n","protected":false},"author":2,"featured_media":73909,"comment_status":"open","ping_status":"open","sticky":false,"template":"","format":"standard","meta":{"advanced_seo_description":"","jetpack_seo_html_title":"","jetpack_seo_noindex":false,"_jetpack_memberships_contains_paid_content":false,"footnotes":""},"categories":[77],"tags":[],"class_list":{"0":"post-73908","1":"post","2":"type-post","3":"status-publish","4":"format-standard","5":"has-post-thumbnail","7":"category-paranagua"},"jetpack_featured_media_url":"https:\/\/www.paranapraia.com.br\/wp-content\/uploads\/2025\/11\/20322.jpg","jetpack_sharing_enabled":true,"_links":{"self":[{"href":"https:\/\/www.paranapraia.com.br\/index.php\/wp-json\/wp\/v2\/posts\/73908"}],"collection":[{"href":"https:\/\/www.paranapraia.com.br\/index.php\/wp-json\/wp\/v2\/posts"}],"about":[{"href":"https:\/\/www.paranapraia.com.br\/index.php\/wp-json\/wp\/v2\/types\/post"}],"author":[{"embeddable":true,"href":"https:\/\/www.paranapraia.com.br\/index.php\/wp-json\/wp\/v2\/users\/2"}],"replies":[{"embeddable":true,"href":"https:\/\/www.paranapraia.com.br\/index.php\/wp-json\/wp\/v2\/comments?post=73908"}],"version-history":[{"count":1,"href":"https:\/\/www.paranapraia.com.br\/index.php\/wp-json\/wp\/v2\/posts\/73908\/revisions"}],"predecessor-version":[{"id":73910,"href":"https:\/\/www.paranapraia.com.br\/index.php\/wp-json\/wp\/v2\/posts\/73908\/revisions\/73910"}],"wp:featuredmedia":[{"embeddable":true,"href":"https:\/\/www.paranapraia.com.br\/index.php\/wp-json\/wp\/v2\/media\/73909"}],"wp:attachment":[{"href":"https:\/\/www.paranapraia.com.br\/index.php\/wp-json\/wp\/v2\/media?parent=73908"}],"wp:term":[{"taxonomy":"category","embeddable":true,"href":"https:\/\/www.paranapraia.com.br\/index.php\/wp-json\/wp\/v2\/categories?post=73908"},{"taxonomy":"post_tag","embeddable":true,"href":"https:\/\/www.paranapraia.com.br\/index.php\/wp-json\/wp\/v2\/tags?post=73908"}],"curies":[{"name":"wp","href":"https:\/\/api.w.org\/{rel}","templated":true}]}}