{"id":73905,"date":"2025-11-03T12:08:05","date_gmt":"2025-11-03T15:08:05","guid":{"rendered":"https:\/\/www.paranapraia.com.br\/?p=73905"},"modified":"2025-11-03T12:08:07","modified_gmt":"2025-11-03T15:08:07","slug":"paranagua-e-vice-campea-da-taca-das-favelas-2025-e-faz-historia-no-futebol-feminino","status":"publish","type":"post","link":"https:\/\/www.paranapraia.com.br\/index.php\/2025\/11\/03\/paranagua-e-vice-campea-da-taca-das-favelas-2025-e-faz-historia-no-futebol-feminino\/","title":{"rendered":"Paranagu\u00e1 \u00e9 vice-campe\u00e3 da Ta\u00e7a das Favelas 2025 e faz hist\u00f3ria no futebol feminino"},"content":{"rendered":"\n<p>Paranagu\u00e1 voltou a brilhar no cen\u00e1rio esportivo paranaense. No dia 26 de outubro, a equipe feminina formada por atletas da Ilha dos Valadares conquistou o vice-campeonato da Ta\u00e7a das Favelas 2025, considerada a maior competi\u00e7\u00e3o de futebol entre comunidades do mundo. A grande final foi disputada contra o time do Jardim Gabineto, da capital, no Est\u00e1dio Durival Britto e Silva (Vila Capanema), em Curitiba.<\/p>\n\n\n\n<p>Apesar do placar favor\u00e1vel \u00e0s curitibanas, o desempenho das jogadoras parnanguaras foi motivo de orgulho para toda a cidade. Dentro e fora de campo, o time demonstrou garra, uni\u00e3o e talento, levando o nome de Paranagu\u00e1 e da Ilha dos Valadares ao p\u00f3dio de uma competi\u00e7\u00e3o reconhecida nacionalmente.<\/p>\n\n\n\n<p>A hist\u00f3ria dessas atletas come\u00e7ou dentro de um projeto social no Col\u00e9gio Cid\u00e1lia Rebello Gomes, na Ilha dos Valadares. A iniciativa, voltada \u00e0 inclus\u00e3o e \u00e0 forma\u00e7\u00e3o esportiva de meninas da comunidade, logo deu resultados. As jovens atletas conquistaram t\u00edtulos importantes, como o Bom de Bola municipal e os Jogos Escolares Regionais, o que motivou a amplia\u00e7\u00e3o do projeto e a cria\u00e7\u00e3o de uma equipe de futebol de campo.<\/p>\n\n\n\n<p>\u201cNosso projeto come\u00e7ou em 2018 com o futebol feminino em Paranagu\u00e1. Hoje, a Ilha dos Valadares \u00e9 a nossa casa e a nossa comunidade. Ao longo desses anos, fomos conquistando espa\u00e7o, especialmente no beach soccer, onde nos tornamos tetracampe\u00e3s paranaenses. A Ta\u00e7a das Favelas sempre foi um sonho, e este ano, gra\u00e7as a Deus, conseguimos essa vaga t\u00e3o desejada. Nosso trabalho come\u00e7ou com um projeto social no Col\u00e9gio Cid\u00e1lia Rebello Gomes, onde as meninas j\u00e1 mostravam seu potencial. Isso nos motivou a continuar acreditando e mostrando os talentos da nossa amada ilha\u201d, conta a dirigente e atleta Magali Fernandes Martins Pereira.<\/p>\n\n\n\n<p>A Ta\u00e7a das Favelas Paran\u00e1 2025 come\u00e7ou no dia 16 de agosto, no campo do Pilarzinho, em Curitiba, reunindo 24 equipes femininas de todo o Estado. O torneio \u00e9 uma etapa regional da competi\u00e7\u00e3o nacional, que desde 2012 mobiliza comunidades de todo o Brasil.<\/p>\n\n\n\n<p>Para o secret\u00e1rio municipal de Esportes, Silvio Lucas, o resultado alcan\u00e7ado por Paranagu\u00e1 representa muito mais do que uma conquista esportiva.<\/p>\n\n\n\n<p>\u201cA Ta\u00e7a das Favelas \u00e9 uma competi\u00e7\u00e3o grandiosa, que existe desde 2012 e, em 2022, ganhou ainda mais for\u00e7a ao se tornar nacional. Nesta edi\u00e7\u00e3o de 2025, Paranagu\u00e1 foi muito bem representada pelas meninas da Ilha dos Valadares, que mostraram novamente a for\u00e7a e o talento da mulher parnanguara, chegando at\u00e9 a final da etapa regional. A Secretaria de Esportes reafirma seu compromisso de apoiar e valorizar nossas atletas, pois o esporte \u00e9 e deve ser para todos\u201d, destacou.<\/p>\n\n\n\n<p>O diretor da Juventude da Secretaria Municipal de Esportes, Neto Louren\u00e7o, tamb\u00e9m comemorou o desempenho das atletas.<\/p>\n\n\n\n<p>\u201cAs meninas de Paranagu\u00e1 deram um verdadeiro show na Ta\u00e7a das Favelas! Representando com garra o bairro Valadares, mostraram talento, uni\u00e3o e muita determina\u00e7\u00e3o dentro de campo. Cada jogada foi marcada por emo\u00e7\u00e3o e orgulho, levando o nome de Paranagu\u00e1 para todo o Brasil. Elas provaram que o futebol feminino da nossa cidade tem for\u00e7a, brilho e futuro\u201d, afirmou.<\/p>\n\n\n\n<p>Mais do que o segundo lugar, a trajet\u00f3ria das meninas da Ilha dos Valadares reafirma o poder transformador do esporte e a for\u00e7a do futebol feminino em Paranagu\u00e1 \u2014 uma vit\u00f3ria coletiva que inspira novas gera\u00e7\u00f5es e enche de orgulho todo o Litoral do Paran\u00e1.<\/p>\n\n\n\n<p>Prefeitura de Paranagu\u00e1<\/p>\n","protected":false},"excerpt":{"rendered":"<p>Paranagu\u00e1 voltou a brilhar no cen\u00e1rio esportivo paranaense. No dia 26 de outubro, a equipe feminina formada por atletas da Ilha dos Valadares conquistou o vice-campeonato da Ta\u00e7a das Favelas 2025, considerada a maior competi\u00e7\u00e3o de futebol entre comunidades do mundo. A grande final foi disputada contra o time do Jardim Gabineto, da capital, no [&hellip;]<\/p>\n","protected":false},"author":2,"featured_media":73906,"comment_status":"open","ping_status":"open","sticky":false,"template":"","format":"standard","meta":{"advanced_seo_description":"","jetpack_seo_html_title":"","jetpack_seo_noindex":false,"_jetpack_memberships_contains_paid_content":false,"footnotes":""},"categories":[77],"tags":[],"class_list":{"0":"post-73905","1":"post","2":"type-post","3":"status-publish","4":"format-standard","5":"has-post-thumbnail","7":"category-paranagua"},"jetpack_featured_media_url":"https:\/\/www.paranapraia.com.br\/wp-content\/uploads\/2025\/11\/20317.jpg","jetpack_sharing_enabled":true,"_links":{"self":[{"href":"https:\/\/www.paranapraia.com.br\/index.php\/wp-json\/wp\/v2\/posts\/73905"}],"collection":[{"href":"https:\/\/www.paranapraia.com.br\/index.php\/wp-json\/wp\/v2\/posts"}],"about":[{"href":"https:\/\/www.paranapraia.com.br\/index.php\/wp-json\/wp\/v2\/types\/post"}],"author":[{"embeddable":true,"href":"https:\/\/www.paranapraia.com.br\/index.php\/wp-json\/wp\/v2\/users\/2"}],"replies":[{"embeddable":true,"href":"https:\/\/www.paranapraia.com.br\/index.php\/wp-json\/wp\/v2\/comments?post=73905"}],"version-history":[{"count":1,"href":"https:\/\/www.paranapraia.com.br\/index.php\/wp-json\/wp\/v2\/posts\/73905\/revisions"}],"predecessor-version":[{"id":73907,"href":"https:\/\/www.paranapraia.com.br\/index.php\/wp-json\/wp\/v2\/posts\/73905\/revisions\/73907"}],"wp:featuredmedia":[{"embeddable":true,"href":"https:\/\/www.paranapraia.com.br\/index.php\/wp-json\/wp\/v2\/media\/73906"}],"wp:attachment":[{"href":"https:\/\/www.paranapraia.com.br\/index.php\/wp-json\/wp\/v2\/media?parent=73905"}],"wp:term":[{"taxonomy":"category","embeddable":true,"href":"https:\/\/www.paranapraia.com.br\/index.php\/wp-json\/wp\/v2\/categories?post=73905"},{"taxonomy":"post_tag","embeddable":true,"href":"https:\/\/www.paranapraia.com.br\/index.php\/wp-json\/wp\/v2\/tags?post=73905"}],"curies":[{"name":"wp","href":"https:\/\/api.w.org\/{rel}","templated":true}]}}