{"id":73901,"date":"2025-11-03T12:05:15","date_gmt":"2025-11-03T15:05:15","guid":{"rendered":"https:\/\/www.paranapraia.com.br\/?p=73901"},"modified":"2025-11-03T12:05:17","modified_gmt":"2025-11-03T15:05:17","slug":"casamento-comunitario-reune-casais-de-pontal-do-parana-neste-sabado","status":"publish","type":"post","link":"https:\/\/www.paranapraia.com.br\/index.php\/2025\/11\/03\/casamento-comunitario-reune-casais-de-pontal-do-parana-neste-sabado\/","title":{"rendered":"Casamento Comunit\u00e1rio re\u00fane casais de Pontal do Paran\u00e1 neste s\u00e1bado"},"content":{"rendered":"\n<p>Quarta edi\u00e7\u00e3o do evento garante acesso gratuito ao casamento civil<\/p>\n\n\n\n<p>O Casamento Comunit\u00e1rio de Pontal do Paran\u00e1 ser\u00e1 realizado neste s\u00e1bado (08), no espa\u00e7o<br>AB Eventos, localizado na Avenida Marginal, 1318, na Praia de Leste. A programa\u00e7\u00e3o come\u00e7a \u00e0s 14h com a assinatura das certid\u00f5es pelos casais, e a cerim\u00f4nia est\u00e1 marcada para \u00e0s 16h. Ao todo, 68 casais v\u00e3o oficializar a uni\u00e3o nesta edi\u00e7\u00e3o.<\/p>\n\n\n\n<p>O evento \u00e9 uma parceria entre o programa Justi\u00e7a no Bairro e a Prefeitura de Pontal do Paran\u00e1. Idealizado pela desembargadora do Tribunal de Justi\u00e7a do Paran\u00e1 (TJPR), Joeci Machado Camargo. O programa existe desde 2021 e j\u00e1 possibilitou mais de 45 mil casamentos em todo o estado.<\/p>\n\n\n\n<p>No munic\u00edpio, esta ser\u00e1 a quarta edi\u00e7\u00e3o do Casamento Comunit\u00e1rio dedicada aos moradores de Pontal, al\u00e9m de duas anteriormente realizadas na Ligga Arena, em Curitiba.<br>A iniciativa garante que os casais possam oficializar a uni\u00e3o sem custos, contribuindo para que a formaliza\u00e7\u00e3o da fam\u00edlia e os direitos civis estejam ao alcance de todos.<\/p>\n\n\n\n<p>O matrim\u00f4nio representa um passo importante na vida a dois, reunindo prop\u00f3sitos e planos que se fortalecem com o registro civil. Ao unir diferentes hist\u00f3rias em um s\u00f3 evento, o Casamento Comunit\u00e1rio marca um cap\u00edtulo especial para muitos moradores, que encontram na iniciativa a chance de tornar real um sonho muitas vezes adiado.<\/p>\n\n\n\n<p>Fotos: Prefeitura Municipal de Pontal Do Paran\u00e1<\/p>\n","protected":false},"excerpt":{"rendered":"<p>Quarta edi\u00e7\u00e3o do evento garante acesso gratuito ao casamento civil O Casamento Comunit\u00e1rio de Pontal do Paran\u00e1 ser\u00e1 realizado neste s\u00e1bado (08), no espa\u00e7oAB Eventos, localizado na Avenida Marginal, 1318, na Praia de Leste. A programa\u00e7\u00e3o come\u00e7a \u00e0s 14h com a assinatura das certid\u00f5es pelos casais, e a cerim\u00f4nia est\u00e1 marcada para \u00e0s 16h. Ao [&hellip;]<\/p>\n","protected":false},"author":2,"featured_media":73903,"comment_status":"open","ping_status":"open","sticky":false,"template":"","format":"standard","meta":{"advanced_seo_description":"","jetpack_seo_html_title":"","jetpack_seo_noindex":false,"_jetpack_memberships_contains_paid_content":false,"footnotes":""},"categories":[65],"tags":[],"class_list":{"0":"post-73901","1":"post","2":"type-post","3":"status-publish","4":"format-standard","5":"has-post-thumbnail","7":"category-pontal-do-parana"},"jetpack_featured_media_url":"https:\/\/www.paranapraia.com.br\/wp-content\/uploads\/2025\/11\/FB_IMG_1762182172170-1.jpg","jetpack_sharing_enabled":true,"_links":{"self":[{"href":"https:\/\/www.paranapraia.com.br\/index.php\/wp-json\/wp\/v2\/posts\/73901"}],"collection":[{"href":"https:\/\/www.paranapraia.com.br\/index.php\/wp-json\/wp\/v2\/posts"}],"about":[{"href":"https:\/\/www.paranapraia.com.br\/index.php\/wp-json\/wp\/v2\/types\/post"}],"author":[{"embeddable":true,"href":"https:\/\/www.paranapraia.com.br\/index.php\/wp-json\/wp\/v2\/users\/2"}],"replies":[{"embeddable":true,"href":"https:\/\/www.paranapraia.com.br\/index.php\/wp-json\/wp\/v2\/comments?post=73901"}],"version-history":[{"count":1,"href":"https:\/\/www.paranapraia.com.br\/index.php\/wp-json\/wp\/v2\/posts\/73901\/revisions"}],"predecessor-version":[{"id":73904,"href":"https:\/\/www.paranapraia.com.br\/index.php\/wp-json\/wp\/v2\/posts\/73901\/revisions\/73904"}],"wp:featuredmedia":[{"embeddable":true,"href":"https:\/\/www.paranapraia.com.br\/index.php\/wp-json\/wp\/v2\/media\/73903"}],"wp:attachment":[{"href":"https:\/\/www.paranapraia.com.br\/index.php\/wp-json\/wp\/v2\/media?parent=73901"}],"wp:term":[{"taxonomy":"category","embeddable":true,"href":"https:\/\/www.paranapraia.com.br\/index.php\/wp-json\/wp\/v2\/categories?post=73901"},{"taxonomy":"post_tag","embeddable":true,"href":"https:\/\/www.paranapraia.com.br\/index.php\/wp-json\/wp\/v2\/tags?post=73901"}],"curies":[{"name":"wp","href":"https:\/\/api.w.org\/{rel}","templated":true}]}}