{"id":73898,"date":"2025-11-03T12:01:31","date_gmt":"2025-11-03T15:01:31","guid":{"rendered":"https:\/\/www.paranapraia.com.br\/?p=73898"},"modified":"2025-11-03T12:01:33","modified_gmt":"2025-11-03T15:01:33","slug":"estado-destina-r-50-milhoes-para-fundo-de-calamidade-e-amplia-apoio-a-municipios-atingidos-por-temporais","status":"publish","type":"post","link":"https:\/\/www.paranapraia.com.br\/index.php\/2025\/11\/03\/estado-destina-r-50-milhoes-para-fundo-de-calamidade-e-amplia-apoio-a-municipios-atingidos-por-temporais\/","title":{"rendered":"Estado destina R$ 50 milh\u00f5es para fundo de calamidade e amplia apoio a munic\u00edpios atingidos por temporais"},"content":{"rendered":"\n<p>O governador Carlos Massa Ratinho Junior autorizou nesta segunda-feira (3) o repasse de R$ 50 milh\u00f5es do Tesouro Estadual ao Fundo Estadual para Calamidades P\u00fablicas (Fecap), medida que vai garantir apoio imediato aos munic\u00edpios paranaenses atingidos pelos fortes temporais do \u00faltimo fim de semana.<\/p>\n\n\n\n<p>A decis\u00e3o foi definida durante reuni\u00e3o no Pal\u00e1cio Igua\u00e7u com secret\u00e1rios de Estado e prefeitos das cidades afetadas, que discutiram as medidas j\u00e1 adotadas e as pr\u00f3ximas a\u00e7\u00f5es para auxiliar as fam\u00edlias afetadas. Os prefeitos relataram casas destelhadas e pr\u00e9dios p\u00fablicos e estradas danificadas, entre outros eventos.<\/p>\n\n\n\n<p>Segundo o governador, o foco inicial das a\u00e7\u00f5es ser\u00e1 nos 38 munic\u00edpios mais atingidos. At\u00e9 o momento, 13 munic\u00edpios j\u00e1 sinalizaram que enviar\u00e3o ao Estado os pedidos para decretar situa\u00e7\u00e3o de emerg\u00eancia, medida que permite o acesso mais r\u00e1pido a recursos, al\u00e9m de facilitar contrata\u00e7\u00f5es emergenciais de obras e servi\u00e7os essenciais.<\/p>\n\n\n\n<p>\u201cEstamos destinando R$ 50 milh\u00f5es para o Fecap para que o Estado possa apoiar de forma imediata as prefeituras nas a\u00e7\u00f5es de recupera\u00e7\u00e3o. Esse recurso pode ser usado, por exemplo, para a compra de \u00f3leo diesel para os maquin\u00e1rios municipais, limpeza de ruas, abastecimento de caminh\u00f5es-pipa e reparos em estradas rurais\u201d, afirmou Ratinho Junior.&nbsp;<\/p>\n\n\n\n<p>Criado em outubro de 2023, o Fundo Estadual para Calamidades P\u00fablicas tem a fun\u00e7\u00e3o de apoiar a\u00e7\u00f5es de resposta e recupera\u00e7\u00e3o a desastres naturais em todo o Paran\u00e1. Em maio deste ano, o governador sancionou uma lei que ampliou a abrang\u00eancia do fundo, permitindo tamb\u00e9m o uso dos recursos em obras de preven\u00e7\u00e3o e mitiga\u00e7\u00e3o de riscos, al\u00e9m daquelas de apoio ap\u00f3s os desastres. Desde sua cria\u00e7\u00e3o o Estado j\u00e1 havia repassado R$ 61,2 milh\u00f5es para 102 munic\u00edpios, em diferentes situa\u00e7\u00f5es de emerg\u00eancia.&nbsp;<\/p>\n\n\n\n<p>Em outra a\u00e7\u00e3o, a Fomento Paran\u00e1 vai criar uma linha de cr\u00e9dito a juro zero, subsidiado pelo Estado, que vai disponibilizar at\u00e9 R$ 10 mil a fam\u00edlias que tiveram suas casas danificadas possam fazer reparos.&nbsp;As empresas que foram afetadas tamb\u00e9m ter\u00e3o apoio do Estado por meio do Banco Regional de Desenvolvimento do Extremo Sul (BRDE), que vai disponibilizar uma linha de cr\u00e9dito com juros subsidiados. O objetivo \u00e9 apoiar a reconstru\u00e7\u00e3o de barrac\u00f5es, reposi\u00e7\u00e3o de maquin\u00e1rio e retomada de atividades produtivas nas cidades atingidas o mais breve poss\u00edvel.&nbsp;<\/p>\n\n\n\n<p>Al\u00e9m do aporte financeiro, o Departamento de Estradas de Rodagem (DER\/PR) vai disponibilizar cerca de 20 m\u00e1quinas e operadores para auxiliar na reconstru\u00e7\u00e3o de vias e pontes em diferentes regi\u00f5es. A Secretaria de Infraestrutura e Log\u00edstica (Seil) tamb\u00e9m colocou \u00e0 disposi\u00e7\u00e3o recursos para reconstru\u00e7\u00e3o de pontes, bueiros e pontilh\u00f5es danificados pelas chuvas.<\/p>\n\n\n\n<p>De acordo com o balan\u00e7o do DER\/PR, 20 ocorr\u00eancias foram registradas na malha estadual em raz\u00e3o dos temporais, principalmente quedas de \u00e1rvores e escorregamentos de aterro. Doze j\u00e1 foram solucionadas por administra\u00e7\u00e3o direta ou contratos em andamento, e oito seguem em fase de contrata\u00e7\u00e3o para reparos, sem nenhum ponto de rodovia interditado.<\/p>\n\n\n\n<p>&#8220;Com essa rede de apoio conseguimos atender rapidamente as nossas cidades. Estamos acompanhando a situa\u00e7\u00e3o desde os alertas das chuvas e agora colocamos todas as equipes \u00e0 disposi\u00e7\u00e3o para recuperar pr\u00e9dios p\u00fablicos, casas, \u00e1reas rurais e todos que foram impactados no Paran\u00e1&#8221;, complementou Ratinho Junior.<\/p>\n\n\n\n<p><strong>APOIO \u00c0 POPULA\u00c7\u00c3O&nbsp;<\/strong>\u2013 A Defesa Civil Estadual j\u00e1 iniciou, desde domingo (2), o envio de ajuda humanit\u00e1ria, com a distribui\u00e7\u00e3o de telhas, colch\u00f5es, kits de higiene e limpeza, kits dormit\u00f3rio, lonas e cestas b\u00e1sicas a partir das solicita\u00e7\u00f5es feitas pelos munic\u00edpios. O \u00f3rg\u00e3o tamb\u00e9m mant\u00e9m estoque de 100 mil telhas para atendimento emergencial das fam\u00edlias que tiveram casas danificadas.<\/p>\n\n\n\n<p>Durante a reuni\u00e3o, a Defesa Civil tamb\u00e9m orientou as cidades sobre a documenta\u00e7\u00e3o necess\u00e1ria para acessar recursos, com reconhecimento do estado de emerg\u00eancia. No site tamb\u00e9m \u00e9 poss\u00edvel\u00a0cadastrar o telefone para receber alertas de eventos extremos.<\/p>\n\n\n\n<p>\u201cAs equipes regionais da Defesa Civil, junto com o Corpo de Bombeiros, est\u00e3o desde o in\u00edcio das ocorr\u00eancias trabalhando junto com as prefeituras para atender as demandas dos munic\u00edpios. Houve muitos danos no campo, na agricultura, e tamb\u00e9m nas cidades, tanto nas casas como nos pr\u00e9dios p\u00fablicos, como em creches, escolas e pa\u00e7os municipais\u201d, explicou o coordenador estadual da Defesa Civil, coronel Fernando Sh\u00fcnig.<\/p>\n\n\n\n<p>Ele ressaltou que, al\u00e9m do apoio nas cidades, a Coordenadoria Estadual da Defesa Civil tamb\u00e9m est\u00e1 enviando kits de ajuda humanit\u00e1ria \u00e0s cidades afetadas. \u201cNo mesmo dia das ocorr\u00eancias entregamos lonas \u00e0s fam\u00edlias que tiveram as casas destelhadas, para um atendimento emergencial, ent\u00e3o j\u00e1 iniciamos no domingo o envio de telhas e kits de higi\u00eane, limpeza e dormit\u00f3rio. Tamb\u00e9m podemos disponibilizar colch\u00f5es para quem precisar\u201d, explicou.<\/p>\n\n\n\n<p><strong>SITUA\u00c7\u00c3O NOS MUNIC\u00cdPIOS<\/strong>&nbsp;\u2013 De acordo com o \u00faltimo boletim da Coordenadoria Estadual da Defesa Civil, mais de 32 mil pessoas foram afetadas pelos temporais. 284 pessoas est\u00e3o desabrigadas \u2013 ou seja, precisaram deixar suas casas e est\u00e3o em abrigos p\u00fablicos \u2013 e 3.968 est\u00e3o desalojadas, hospedadas temporariamente em casas de familiares ou amigos.<\/p>\n\n\n\n<p>As chuvas atingiram praticamente todas as regi\u00f5es do Estado, com maior intensidade no Norte, Noroeste e Oeste. Em alguns munic\u00edpios, como Santa Helena, o acumulado de chuva chegou a 138,6 mil\u00edmetros, pr\u00f3ximo da m\u00e9dia hist\u00f3rica de todo o m\u00eas de novembro.<\/p>\n\n\n\n<p>Em Jandaia do Sul, no Vale do Iva\u00ed, houve registro de granizo com pedras de at\u00e9 100 gramas, e em Corn\u00e9lio Proc\u00f3pio, os ventos chegaram a 95 km\/h. Rajadas acima de 50 km\/h foram registradas em ao menos 15 munic\u00edpios.<\/p>\n\n\n\n<p><strong>RECUPERA\u00c7\u00c3O DA REDE EL\u00c9TRICA<\/strong>&nbsp;\u2013 As equipes da Copel trabalham desde a noite de domingo (2) para restabelecer o fornecimento de energia nas regi\u00f5es mais afetadas. Mais de 24 mil unidades consumidoras j\u00e1 tiveram o servi\u00e7o normalizado nas regi\u00f5es Norte, Noroeste e Oeste.<\/p>\n\n\n\n<p>Durante o pico dos temporais, cerca de 59 mil domic\u00edlios ficaram sem energia devido \u00e0 queda de torres e postes e aos danos severos na rede el\u00e9trica. Na manh\u00e3 desta segunda-feira, 34,7 mil unidades ainda estavam desligadas, com 2,8 mil frentes de servi\u00e7o em andamento em todo o Estado.<\/p>\n\n\n\n<p>Os temporais derrubaram seis torres de alta tens\u00e3o e causaram danos a subesta\u00e7\u00f5es e mais de 115 postes em cidades como Alvorada do Sul, Prado Ferreira, Santa F\u00e9 e Porecatu. As equipes seguem atuando na substitui\u00e7\u00e3o das estruturas e na reconstru\u00e7\u00e3o de redes destru\u00eddas por ventos e quedas de \u00e1rvores.&nbsp;<\/p>\n\n\n\n<p>Usu\u00e1rios que ainda estejam com falta de energia podem informar o problema pelo aplicativo da companhia, site ou pelo WhatsApp (41) 3013-8973.<\/p>\n\n\n\n<p>AEN\/PR<\/p>\n","protected":false},"excerpt":{"rendered":"<p>O governador Carlos Massa Ratinho Junior autorizou nesta segunda-feira (3) o repasse de R$ 50 milh\u00f5es do Tesouro Estadual ao Fundo Estadual para Calamidades P\u00fablicas (Fecap), medida que vai garantir apoio imediato aos munic\u00edpios paranaenses atingidos pelos fortes temporais do \u00faltimo fim de semana. A decis\u00e3o foi definida durante reuni\u00e3o no Pal\u00e1cio Igua\u00e7u com secret\u00e1rios [&hellip;]<\/p>\n","protected":false},"author":2,"featured_media":73899,"comment_status":"open","ping_status":"open","sticky":false,"template":"","format":"standard","meta":{"advanced_seo_description":"","jetpack_seo_html_title":"","jetpack_seo_noindex":false,"_jetpack_memberships_contains_paid_content":false,"footnotes":""},"categories":[40],"tags":[],"class_list":{"0":"post-73898","1":"post","2":"type-post","3":"status-publish","4":"format-standard","5":"has-post-thumbnail","7":"category-destaques"},"jetpack_featured_media_url":"https:\/\/www.paranapraia.com.br\/wp-content\/uploads\/2025\/11\/foto-1-scaled.jpg","jetpack_sharing_enabled":true,"_links":{"self":[{"href":"https:\/\/www.paranapraia.com.br\/index.php\/wp-json\/wp\/v2\/posts\/73898"}],"collection":[{"href":"https:\/\/www.paranapraia.com.br\/index.php\/wp-json\/wp\/v2\/posts"}],"about":[{"href":"https:\/\/www.paranapraia.com.br\/index.php\/wp-json\/wp\/v2\/types\/post"}],"author":[{"embeddable":true,"href":"https:\/\/www.paranapraia.com.br\/index.php\/wp-json\/wp\/v2\/users\/2"}],"replies":[{"embeddable":true,"href":"https:\/\/www.paranapraia.com.br\/index.php\/wp-json\/wp\/v2\/comments?post=73898"}],"version-history":[{"count":1,"href":"https:\/\/www.paranapraia.com.br\/index.php\/wp-json\/wp\/v2\/posts\/73898\/revisions"}],"predecessor-version":[{"id":73900,"href":"https:\/\/www.paranapraia.com.br\/index.php\/wp-json\/wp\/v2\/posts\/73898\/revisions\/73900"}],"wp:featuredmedia":[{"embeddable":true,"href":"https:\/\/www.paranapraia.com.br\/index.php\/wp-json\/wp\/v2\/media\/73899"}],"wp:attachment":[{"href":"https:\/\/www.paranapraia.com.br\/index.php\/wp-json\/wp\/v2\/media?parent=73898"}],"wp:term":[{"taxonomy":"category","embeddable":true,"href":"https:\/\/www.paranapraia.com.br\/index.php\/wp-json\/wp\/v2\/categories?post=73898"},{"taxonomy":"post_tag","embeddable":true,"href":"https:\/\/www.paranapraia.com.br\/index.php\/wp-json\/wp\/v2\/tags?post=73898"}],"curies":[{"name":"wp","href":"https:\/\/api.w.org\/{rel}","templated":true}]}}