{"id":73885,"date":"2025-11-01T20:22:35","date_gmt":"2025-11-01T23:22:35","guid":{"rendered":"https:\/\/www.paranapraia.com.br\/?p=73885"},"modified":"2025-11-01T20:27:04","modified_gmt":"2025-11-01T23:27:04","slug":"jovem-escritora-parnanguara-e-imortal-pela-segunda-vez","status":"publish","type":"post","link":"https:\/\/www.paranapraia.com.br\/index.php\/2025\/11\/01\/jovem-escritora-parnanguara-e-imortal-pela-segunda-vez\/","title":{"rendered":"Jovem escritora parnanguara \u00e9 imortal pela segunda vez"},"content":{"rendered":"\n<p>Natural de Paranagu\u00e1, a escritora e advogada, Cec\u00edlia Leal tomou posse na Academia de Artes, Ci\u00eancias e Letras do Brasil (ACILBRAS) na sexta-feira, dia 31 de outubro de 2025.<\/p>\n\n\n\n<p><br>A escritora Cec\u00edlia Ferreira Leal, natural de Paranagu\u00e1 (PR), foi empossada como membro imortal da Academia de Artes, Ci\u00eancias e Letras do Brasil (ACILBRAS), durante cerim\u00f4nia solene que marcou a instala\u00e7\u00e3o da seccional paranaense da institui\u00e7\u00e3o, no dia 31 de outubro de 2025, \u00e0s 19h, no Centro Paranaense Feminino de Cultura, em Curitiba.<\/p>\n\n\n\n<figure class=\"wp-block-image size-large\"><img loading=\"lazy\" decoding=\"async\" width=\"1024\" height=\"768\" src=\"https:\/\/www.paranapraia.com.br\/wp-content\/uploads\/2025\/11\/1000900483-1024x768.jpg\" alt=\"\" class=\"wp-image-73887\" srcset=\"https:\/\/www.paranapraia.com.br\/wp-content\/uploads\/2025\/11\/1000900483-1024x768.jpg 1024w, https:\/\/www.paranapraia.com.br\/wp-content\/uploads\/2025\/11\/1000900483-300x225.jpg 300w, https:\/\/www.paranapraia.com.br\/wp-content\/uploads\/2025\/11\/1000900483-768x576.jpg 768w, https:\/\/www.paranapraia.com.br\/wp-content\/uploads\/2025\/11\/1000900483-696x522.jpg 696w, https:\/\/www.paranapraia.com.br\/wp-content\/uploads\/2025\/11\/1000900483-1068x801.jpg 1068w, https:\/\/www.paranapraia.com.br\/wp-content\/uploads\/2025\/11\/1000900483.jpg 1280w\" sizes=\"(max-width: 1024px) 100vw, 1024px\" \/><\/figure>\n\n\n\n<p><br>Com apenas 26 anos, Cec\u00edlia Leal \u00e9 um dos nomes mais jovens a integrar o quadro acad\u00eamico da ACILBRAS, entidade de reconhecimento nacional e internacional dedicada \u00e0 valoriza\u00e7\u00e3o da arte, da ci\u00eancia e da literatura brasileira. O ingresso representa o reconhecimento a uma trajet\u00f3ria not\u00e1vel, constru\u00edda desde a inf\u00e2ncia.<\/p>\n\n\n\n<figure class=\"wp-block-image size-large\"><img loading=\"lazy\" decoding=\"async\" width=\"576\" height=\"1024\" src=\"https:\/\/www.paranapraia.com.br\/wp-content\/uploads\/2025\/11\/1000899858-576x1024.jpg\" alt=\"\" class=\"wp-image-73888\" srcset=\"https:\/\/www.paranapraia.com.br\/wp-content\/uploads\/2025\/11\/1000899858-576x1024.jpg 576w, https:\/\/www.paranapraia.com.br\/wp-content\/uploads\/2025\/11\/1000899858-169x300.jpg 169w, https:\/\/www.paranapraia.com.br\/wp-content\/uploads\/2025\/11\/1000899858-696x1237.jpg 696w, https:\/\/www.paranapraia.com.br\/wp-content\/uploads\/2025\/11\/1000899858.jpg 720w\" sizes=\"(max-width: 576px) 100vw, 576px\" \/><\/figure>\n\n\n\n<p><br>Autora de mais de trinta e tr\u00eas livros, Cec\u00edlia Leal estreou na literatura aos onze anos, com A Uni\u00e3o dos Anjos, primeiro volume da saga infantojuvenil, Os G\u00eameos F\u00e9rreo. Desde ent\u00e3o, publicou t\u00edtulos como Aos Olhos de Um Tigre (Chiado Editora Global, 2017), As Cr\u00f4nicas de Sensei An\u00edbal (Editora Multifoco, 2018), Livrecontos (Editora Multifoco, 2019), Arigatai, Arigatou: A Hist\u00f3ria de Vida de Kikue Hayashida (Chiado Editora Global, 2021) e Os Elos de Lu (Caravana, 2023).<\/p>\n\n\n\n<p><br>Advogada, historiadora, cantora, letrista e bi\u00f3grafa, Cec\u00edlia \u00e9 formada em Hist\u00f3ria, Mem\u00f3ria e Imagem pela UFPR e em Direito pela FAE \u2013 Centro Universit\u00e1rio. Atualmente exerce o cargo de Procuradora-Geral do Cons\u00f3rcio Intermunicipal de Sa\u00fade do Litoral do Paran\u00e1 (CISLIPA).<br>Em 2019, recebeu da C\u00e2mara Municipal de Paranagu\u00e1 o T\u00edtulo de Honra ao M\u00e9rito, em reconhecimento \u00e0 sua contribui\u00e7\u00e3o cultural e por levar o nome da cidade al\u00e9m das fronteiras paranaenses. Em 2023, foi eleita acad\u00eamica imortal da Academia de Letras do Brasil \u2013 Seccional Paran\u00e1 (ALB-Pr), ocupando a Cadeira n\u00ba 16, cujo patronato pertence \u00e0 poetisa J\u00falia da Costa. Tamb\u00e9m \u00e9 Membro Efetivo da Academia de Cultura de Curitiba (ACCUR).<br>Com a posse na ACILBRAS, Cec\u00edlia Leal passou a integrar um seleto grupo de intelectuais, artistas e cientistas brasileiros que se destacam pela produ\u00e7\u00e3o cultural e contribui\u00e7\u00e3o \u00e0 sociedade. A academia oferece aos seus membros a oportunidade de participar de eventos nacionais e internacionais, publicar obras em canais oficiais e propor projetos culturais e educacionais de relev\u00e2ncia social.<\/p>\n\n\n\n<p><br>O evento foi presidido pelo Maestro Caaru\u00e3ra, presidente nacional da ACILBRAS, com participa\u00e7\u00e3o de Gilmar Cardoso (vice-presidente) e Daniel Maur\u00edcio, presidente da Comiss\u00e3o Organizadora no Paran\u00e1.<\/p>\n\n\n\n<p><br>A solenidade reuniu representantes da cultura, da literatura e das artes do estado, celebrando a chegada de uma nova gera\u00e7\u00e3o de escritores \u00e0 academia, gera\u00e7\u00e3o da qual Cec\u00edlia Leal \u00e9 um dos expoentes mais promissores.<\/p>\n\n\n\n<p>Assessoria<\/p>\n","protected":false},"excerpt":{"rendered":"<p>Natural de Paranagu\u00e1, a escritora e advogada, Cec\u00edlia Leal tomou posse na Academia de Artes, Ci\u00eancias e Letras do Brasil (ACILBRAS) na sexta-feira, dia 31 de outubro de 2025. A escritora Cec\u00edlia Ferreira Leal, natural de Paranagu\u00e1 (PR), foi empossada como membro imortal da Academia de Artes, Ci\u00eancias e Letras do Brasil (ACILBRAS), durante cerim\u00f4nia [&hellip;]<\/p>\n","protected":false},"author":2,"featured_media":73886,"comment_status":"open","ping_status":"open","sticky":false,"template":"","format":"standard","meta":{"advanced_seo_description":"","jetpack_seo_html_title":"","jetpack_seo_noindex":false,"_jetpack_memberships_contains_paid_content":false,"footnotes":""},"categories":[40,77],"tags":[321],"class_list":{"0":"post-73885","1":"post","2":"type-post","3":"status-publish","4":"format-standard","5":"has-post-thumbnail","7":"category-destaques","8":"category-paranagua","9":"tag-paranagua"},"jetpack_featured_media_url":"https:\/\/www.paranapraia.com.br\/wp-content\/uploads\/2025\/11\/IMG-20251101-WA0078.jpg","jetpack_sharing_enabled":true,"_links":{"self":[{"href":"https:\/\/www.paranapraia.com.br\/index.php\/wp-json\/wp\/v2\/posts\/73885"}],"collection":[{"href":"https:\/\/www.paranapraia.com.br\/index.php\/wp-json\/wp\/v2\/posts"}],"about":[{"href":"https:\/\/www.paranapraia.com.br\/index.php\/wp-json\/wp\/v2\/types\/post"}],"author":[{"embeddable":true,"href":"https:\/\/www.paranapraia.com.br\/index.php\/wp-json\/wp\/v2\/users\/2"}],"replies":[{"embeddable":true,"href":"https:\/\/www.paranapraia.com.br\/index.php\/wp-json\/wp\/v2\/comments?post=73885"}],"version-history":[{"count":2,"href":"https:\/\/www.paranapraia.com.br\/index.php\/wp-json\/wp\/v2\/posts\/73885\/revisions"}],"predecessor-version":[{"id":73890,"href":"https:\/\/www.paranapraia.com.br\/index.php\/wp-json\/wp\/v2\/posts\/73885\/revisions\/73890"}],"wp:featuredmedia":[{"embeddable":true,"href":"https:\/\/www.paranapraia.com.br\/index.php\/wp-json\/wp\/v2\/media\/73886"}],"wp:attachment":[{"href":"https:\/\/www.paranapraia.com.br\/index.php\/wp-json\/wp\/v2\/media?parent=73885"}],"wp:term":[{"taxonomy":"category","embeddable":true,"href":"https:\/\/www.paranapraia.com.br\/index.php\/wp-json\/wp\/v2\/categories?post=73885"},{"taxonomy":"post_tag","embeddable":true,"href":"https:\/\/www.paranapraia.com.br\/index.php\/wp-json\/wp\/v2\/tags?post=73885"}],"curies":[{"name":"wp","href":"https:\/\/api.w.org\/{rel}","templated":true}]}}