{"id":73880,"date":"2025-11-01T13:48:47","date_gmt":"2025-11-01T16:48:47","guid":{"rendered":"https:\/\/www.paranapraia.com.br\/?p=73880"},"modified":"2025-11-01T13:48:50","modified_gmt":"2025-11-01T16:48:50","slug":"pontal-do-parana-realiza-liraa-2025-para-mapear-focos-do-mosquito-aedes-aegypti","status":"publish","type":"post","link":"https:\/\/www.paranapraia.com.br\/index.php\/2025\/11\/01\/pontal-do-parana-realiza-liraa-2025-para-mapear-focos-do-mosquito-aedes-aegypti\/","title":{"rendered":"Pontal do Paran\u00e1 realiza LIRAa 2025 para mapear focos do mosquito Aedes aegypti"},"content":{"rendered":"\n<p>Entre os dias 3 e 6 de novembro, das 8h30 \u00e0s 16h30, os agentes de combate \u00e0s endemias (ACE\u2019s) e agentes comunit\u00e1rios de sa\u00fade (ACS\u2019s) estar\u00e3o nas ruas de Pontal do Paran\u00e1 realizando o LIRAa 2025 \u2013 Levantamento R\u00e1pido de \u00cdndices para o Aedes aegypti.<\/p>\n\n\n\n<p>A a\u00e7\u00e3o tem como objetivo identificar e mapear a presen\u00e7a de focos do mosquito transmissor da dengue, zika e chikungunya. O levantamento \u00e9 feito por meio da coleta de amostras de larvas encontradas em im\u00f3veis selecionados por amostragem, permitindo uma an\u00e1lise precisa da situa\u00e7\u00e3o do munic\u00edpio e o planejamento de novas estrat\u00e9gias de controle.<\/p>\n\n\n\n<p>De acordo com Aline Sela, enfermeira e coordenadora do Departamento de Vigil\u00e2ncia em Sa\u00fade da Secretaria de Sa\u00fade de Pontal do Paran\u00e1, a colabora\u00e7\u00e3o da popula\u00e7\u00e3o \u00e9 essencial para o sucesso do trabalho.<\/p>\n\n\n\n<p>\u201cO LIRAa \u00e9 uma ferramenta importante para entendermos como est\u00e1 a infesta\u00e7\u00e3o do mosquito em cada regi\u00e3o do munic\u00edpio. A partir desses dados, conseguimos planejar a\u00e7\u00f5es mais direcionadas e eficazes no combate ao Aedes aegypti\u201d, explica Aline.<\/p>\n\n\n\n<p>Ela refor\u00e7a que o levantamento segue crit\u00e9rios t\u00e9cnicos definidos pelo Minist\u00e9rio da Sa\u00fade.<\/p>\n\n\n\n<p>\u201cAs resid\u00eancias que ser\u00e3o visitadas s\u00e3o selecionadas por amostragem, e nossos agentes estar\u00e3o devidamente uniformizados e identificados. Por isso, pedimos que a comunidade receba bem as equipes e permita o acesso aos quintais e locais com poss\u00edveis criadouros\u201d, destaca.<\/p>\n\n\n\n<p>O trabalho ser\u00e1 dividido em quatro estratos, conforme o cronograma:<\/p>\n\n\n\n<p>03\/11: Balne\u00e1rio Mon\u00e7\u00f5es ao Ip\u00ea<\/p>\n\n\n\n<p>04\/11: Balne\u00e1rio Canoas ao Ipanema<\/p>\n\n\n\n<p>05\/11: Balne\u00e1rio Leblon ao Barrancos<\/p>\n\n\n\n<p>06\/11: Balne\u00e1rio Atami ao Ponta do Po\u00e7o<\/p>\n\n\n\n<p>Com a chegada do per\u00edodo mais quente e chuvoso, o alerta contra o Aedes aegypti se intensifica. Aline lembra que o combate ao mosquito depende da a\u00e7\u00e3o conjunta entre poder p\u00fablico e popula\u00e7\u00e3o.<\/p>\n\n\n\n<p>\u201cEliminar recipientes que acumulam \u00e1gua parada \u00e9 o passo mais importante. S\u00e3o atitudes simples, mas que fazem toda a diferen\u00e7a na preven\u00e7\u00e3o das doen\u00e7as\u201d, conclui.<\/p>\n\n\n\n<p>Imagens: Prefeitura de Pontal do Paran\u00e1 \/ Clovis Santos&nbsp;<\/p>\n","protected":false},"excerpt":{"rendered":"<p>Entre os dias 3 e 6 de novembro, das 8h30 \u00e0s 16h30, os agentes de combate \u00e0s endemias (ACE\u2019s) e agentes comunit\u00e1rios de sa\u00fade (ACS\u2019s) estar\u00e3o nas ruas de Pontal do Paran\u00e1 realizando o LIRAa 2025 \u2013 Levantamento R\u00e1pido de \u00cdndices para o Aedes aegypti. A a\u00e7\u00e3o tem como objetivo identificar e mapear a presen\u00e7a [&hellip;]<\/p>\n","protected":false},"author":2,"featured_media":73881,"comment_status":"open","ping_status":"open","sticky":false,"template":"","format":"standard","meta":{"advanced_seo_description":"","jetpack_seo_html_title":"","jetpack_seo_noindex":false,"_jetpack_memberships_contains_paid_content":false,"footnotes":""},"categories":[40,65],"tags":[318],"class_list":{"0":"post-73880","1":"post","2":"type-post","3":"status-publish","4":"format-standard","5":"has-post-thumbnail","7":"category-destaques","8":"category-pontal-do-parana","9":"tag-pontal-do-parana"},"jetpack_featured_media_url":"https:\/\/www.paranapraia.com.br\/wp-content\/uploads\/2025\/11\/IMG-20251101-WA0038.jpg","jetpack_sharing_enabled":true,"_links":{"self":[{"href":"https:\/\/www.paranapraia.com.br\/index.php\/wp-json\/wp\/v2\/posts\/73880"}],"collection":[{"href":"https:\/\/www.paranapraia.com.br\/index.php\/wp-json\/wp\/v2\/posts"}],"about":[{"href":"https:\/\/www.paranapraia.com.br\/index.php\/wp-json\/wp\/v2\/types\/post"}],"author":[{"embeddable":true,"href":"https:\/\/www.paranapraia.com.br\/index.php\/wp-json\/wp\/v2\/users\/2"}],"replies":[{"embeddable":true,"href":"https:\/\/www.paranapraia.com.br\/index.php\/wp-json\/wp\/v2\/comments?post=73880"}],"version-history":[{"count":1,"href":"https:\/\/www.paranapraia.com.br\/index.php\/wp-json\/wp\/v2\/posts\/73880\/revisions"}],"predecessor-version":[{"id":73882,"href":"https:\/\/www.paranapraia.com.br\/index.php\/wp-json\/wp\/v2\/posts\/73880\/revisions\/73882"}],"wp:featuredmedia":[{"embeddable":true,"href":"https:\/\/www.paranapraia.com.br\/index.php\/wp-json\/wp\/v2\/media\/73881"}],"wp:attachment":[{"href":"https:\/\/www.paranapraia.com.br\/index.php\/wp-json\/wp\/v2\/media?parent=73880"}],"wp:term":[{"taxonomy":"category","embeddable":true,"href":"https:\/\/www.paranapraia.com.br\/index.php\/wp-json\/wp\/v2\/categories?post=73880"},{"taxonomy":"post_tag","embeddable":true,"href":"https:\/\/www.paranapraia.com.br\/index.php\/wp-json\/wp\/v2\/tags?post=73880"}],"curies":[{"name":"wp","href":"https:\/\/api.w.org\/{rel}","templated":true}]}}