{"id":73877,"date":"2025-11-01T13:44:27","date_gmt":"2025-11-01T16:44:27","guid":{"rendered":"https:\/\/www.paranapraia.com.br\/?p=73877"},"modified":"2025-11-01T13:44:29","modified_gmt":"2025-11-01T16:44:29","slug":"prefeito-adriano-ramos-participa-do-desfile-civico-em-comemoracao-aos-292-anos-de-morretes","status":"publish","type":"post","link":"https:\/\/www.paranapraia.com.br\/index.php\/2025\/11\/01\/prefeito-adriano-ramos-participa-do-desfile-civico-em-comemoracao-aos-292-anos-de-morretes\/","title":{"rendered":"Prefeito Adriano Ramos participa do Desfile C\u00edvico em comemora\u00e7\u00e3o aos 292 anos de Morretes"},"content":{"rendered":"\n<p>Nesta sexta-feira, 31 de outubro, o prefeito de Paranagu\u00e1, Adriano Ramos, participou do Desfile C\u00edvico em homenagem ao 292\u00ba anivers\u00e1rio de Morretes, realizado na Rua XV de Novembro, na Vila dos Ferrovi\u00e1rios. O evento, que teve como tema \u201cMorretes: Ciclos da hist\u00f3ria desde 1733\u201d, celebrou o orgulho e a identidade do povo morretense, reunindo autoridades, escolas, institui\u00e7\u00f5es e centenas de moradores.<\/p>\n\n\n\n<p>O desfile come\u00e7ou \u00e0s 9h, com a presen\u00e7a do prefeito anfitri\u00e3o Sebasti\u00e3o Brindarolli J\u00fanior, que conduziu a cerim\u00f4nia ao lado de representantes do Legislativo, do deputado estadual Denian Couto e de diversas entidades civis e militares. Em seu discurso, Brindarolli destacou a trajet\u00f3ria hist\u00f3rica do munic\u00edpio e o sentimento de pertencimento que une os moradores de Morretes.<\/p>\n\n\n\n<p>\u201cHoje celebramos mais do que uma data. Celebramos ciclos de hist\u00f3ria que come\u00e7aram em 1733, quando este peda\u00e7o de ch\u00e3o foi escolhido para ser lar, trabalho e esperan\u00e7a. Morretes se transformou e se reinventou em cada gera\u00e7\u00e3o \u2014 na f\u00e9, na agricultura, no com\u00e9rcio, no turismo e na cultura. Minha palavra hoje \u00e9 de gratid\u00e3o a todos que constroem essa hist\u00f3ria\u201d, afirmou o prefeito.<\/p>\n\n\n\n<p>A programa\u00e7\u00e3o contou com a participa\u00e7\u00e3o de 17 unidades de ensino, entre escolas municipais, estaduais, ind\u00edgenas e Centros Municipais de Educa\u00e7\u00e3o Infantil (CMEIs), al\u00e9m de grupos e institui\u00e7\u00f5es tradicionais da cidade. Tamb\u00e9m desfilaram a Filarm\u00f4nica Antoninense, a Defesa Civil, o grupo da Melhor Idade de Morretes, o projeto M\u00e3os que Acolhem, a Associa\u00e7\u00e3o de Prote\u00e7\u00e3o \u00e0 Maternidade e Inf\u00e2ncia (APMI), a Associa\u00e7\u00e3o Esta\u00e7\u00e3o das Artes, a Fanfarra do Col\u00e9gio Estadual Rocha Pombo (FANCERP), o Conselho Tutelar, servidores municipais, o Clube de Desbravadores Ecos do Marumbi, o Projeto Taekwondo, o grupo Morretes Runners e representantes das for\u00e7as de seguran\u00e7a.<\/p>\n\n\n\n<p>Durante a solenidade, o prefeito Adriano Ramos parabenizou a cidade vizinha e ressaltou a import\u00e2ncia de fortalecer os la\u00e7os regionais entre os munic\u00edpios do Litoral do Paran\u00e1. \u201cHoje eu vim aqui dar os meus parab\u00e9ns para Morretes, para o bom povo morretense. \u00c9 sempre uma alegria estar aqui, caminhar sobre esses paralelep\u00edpedos, ver os casarios, essa arquitetura \u00fanica e essa culin\u00e1ria fant\u00e1stica. A gente percebe o amor pela cidade nas palavras do prefeito J\u00fanior Brindarolli e no entusiasmo do p\u00fablico. Viva Morretes pelos seus 292 anos\u201d, declarou o chefe do Executivo de Paranagu\u00e1.<\/p>\n\n\n\n<p>O evento reafirmou o esp\u00edrito de uni\u00e3o e valoriza\u00e7\u00e3o da cultura local, ressaltando a import\u00e2ncia da preserva\u00e7\u00e3o das tradi\u00e7\u00f5es hist\u00f3ricas que fazem de Morretes um dos destinos mais emblem\u00e1ticos do Paran\u00e1. Entre o som das fanfarras e o colorido das escolas, o desfile c\u00edvico foi um retrato do orgulho morretense e da for\u00e7a das cidades irm\u00e3s do Litoral.<\/p>\n\n\n\n<p>Assessoria <\/p>\n","protected":false},"excerpt":{"rendered":"<p>Nesta sexta-feira, 31 de outubro, o prefeito de Paranagu\u00e1, Adriano Ramos, participou do Desfile C\u00edvico em homenagem ao 292\u00ba anivers\u00e1rio de Morretes, realizado na Rua XV de Novembro, na Vila dos Ferrovi\u00e1rios. O evento, que teve como tema \u201cMorretes: Ciclos da hist\u00f3ria desde 1733\u201d, celebrou o orgulho e a identidade do povo morretense, reunindo autoridades, [&hellip;]<\/p>\n","protected":false},"author":2,"featured_media":73878,"comment_status":"open","ping_status":"open","sticky":false,"template":"","format":"standard","meta":{"advanced_seo_description":"","jetpack_seo_html_title":"","jetpack_seo_noindex":false,"_jetpack_memberships_contains_paid_content":false,"footnotes":""},"categories":[40,77],"tags":[321],"class_list":{"0":"post-73877","1":"post","2":"type-post","3":"status-publish","4":"format-standard","5":"has-post-thumbnail","7":"category-destaques","8":"category-paranagua","9":"tag-paranagua"},"jetpack_featured_media_url":"https:\/\/www.paranapraia.com.br\/wp-content\/uploads\/2025\/11\/thumb-19.jpeg","jetpack_sharing_enabled":true,"_links":{"self":[{"href":"https:\/\/www.paranapraia.com.br\/index.php\/wp-json\/wp\/v2\/posts\/73877"}],"collection":[{"href":"https:\/\/www.paranapraia.com.br\/index.php\/wp-json\/wp\/v2\/posts"}],"about":[{"href":"https:\/\/www.paranapraia.com.br\/index.php\/wp-json\/wp\/v2\/types\/post"}],"author":[{"embeddable":true,"href":"https:\/\/www.paranapraia.com.br\/index.php\/wp-json\/wp\/v2\/users\/2"}],"replies":[{"embeddable":true,"href":"https:\/\/www.paranapraia.com.br\/index.php\/wp-json\/wp\/v2\/comments?post=73877"}],"version-history":[{"count":1,"href":"https:\/\/www.paranapraia.com.br\/index.php\/wp-json\/wp\/v2\/posts\/73877\/revisions"}],"predecessor-version":[{"id":73879,"href":"https:\/\/www.paranapraia.com.br\/index.php\/wp-json\/wp\/v2\/posts\/73877\/revisions\/73879"}],"wp:featuredmedia":[{"embeddable":true,"href":"https:\/\/www.paranapraia.com.br\/index.php\/wp-json\/wp\/v2\/media\/73878"}],"wp:attachment":[{"href":"https:\/\/www.paranapraia.com.br\/index.php\/wp-json\/wp\/v2\/media?parent=73877"}],"wp:term":[{"taxonomy":"category","embeddable":true,"href":"https:\/\/www.paranapraia.com.br\/index.php\/wp-json\/wp\/v2\/categories?post=73877"},{"taxonomy":"post_tag","embeddable":true,"href":"https:\/\/www.paranapraia.com.br\/index.php\/wp-json\/wp\/v2\/tags?post=73877"}],"curies":[{"name":"wp","href":"https:\/\/api.w.org\/{rel}","templated":true}]}}