{"id":73852,"date":"2025-10-28T19:38:30","date_gmt":"2025-10-28T22:38:30","guid":{"rendered":"https:\/\/www.paranapraia.com.br\/?p=73852"},"modified":"2025-10-28T19:38:32","modified_gmt":"2025-10-28T22:38:32","slug":"feijoada-beneficente-em-pontal-do-parana-arrecada-fundos-para-animais-vitimas-de-maus-tratos","status":"publish","type":"post","link":"https:\/\/www.paranapraia.com.br\/index.php\/2025\/10\/28\/feijoada-beneficente-em-pontal-do-parana-arrecada-fundos-para-animais-vitimas-de-maus-tratos\/","title":{"rendered":"Feijoada beneficente em Pontal do Paran\u00e1 arrecada fundos para animais v\u00edtimas de maus-tratos"},"content":{"rendered":"\n<p>No pr\u00f3ximo s\u00e1bado, 1\u00ba de novembro, ser\u00e1 realizada em Pontal do Paran\u00e1 uma feijoada beneficente com o objetivo de destinar toda a arrecada\u00e7\u00e3o \u00e0 compra de ra\u00e7\u00e3o para c\u00e3es e gatos resgatados de situa\u00e7\u00f5es de maus-tratos e abandono no munic\u00edpio.<\/p>\n\n\n\n<p>O evento \u00e9 promovido pela vereadora Any Messina, com o apoio da Prefeitura de Pontal do Paran\u00e1, do deputado federal Delegado Matheus Laiola, e da Associa\u00e7\u00e3o M\u00e3os e Patas.<\/p>\n\n\n\n<p>A vereadora convidou a comunidade a participar e destacou a import\u00e2ncia do evento:<br>\u201c\u00c9 com muita alegria que convidamos toda a comunidade de Pontal do Paran\u00e1 a participar da nossa Feijoada Beneficente no dia 1\u00ba de novembro.<br>Este evento tem um prop\u00f3sito muito especial: arrecadar recursos para ajudar animais que foram resgatados de situa\u00e7\u00f5es de maus-tratos, oferecendo a eles uma nova chance de vida e dignidade.<br>Juntos, podemos transformar a realidade de muitos que n\u00e3o t\u00eam voz. Contamos com voc\u00eas nessa corrente do bem!\u201d, afirmou Any Messina.<\/p>\n\n\n\n<p>O evento conta tamb\u00e9m com o apoio do deputado federal Delegado Matheus Laiola e da vereadora Andressa Bianchessi, que confirmaram presen\u00e7a.<br>\u201cEssa feijoada \u00e9 um exemplo de como a comunidade se une para ajudar a causa animal. Como defensor da prote\u00e7\u00e3o animal, fa\u00e7o quest\u00e3o de estar presente. \u00c9 um gesto concreto que transforma a solidariedade em ra\u00e7\u00e3o para quem mais precisa\u201d, destacou o deputado.<\/p>\n\n\n\n<p>A coordenadora de Gest\u00e3o Ambiental, Fl\u00e1via Caroline Deable Zacarias, destacou a import\u00e2ncia do evento para o trabalho desenvolvido no munic\u00edpio:<br>\u201cA Feijoada Beneficente torna-se essencial, pois contribui diretamente para a manuten\u00e7\u00e3o do Banco de Ra\u00e7\u00f5es e para o apoio \u00e0s protetoras que dedicam seu trabalho ao cuidado e \u00e0 prote\u00e7\u00e3o dos animais.\u201d<\/p>\n\n\n\n<p>Toda a renda obtida com o evento ser\u00e1 revertida para a Associa\u00e7\u00e3o M\u00e3os e Patas, que destinar\u00e1 os recursos \u00e0 compra de ra\u00e7\u00e3o para ser distribu\u00edda exclusivamente \u00e0s protetoras do munic\u00edpio de Pontal do Paran\u00e1, respons\u00e1veis por cuidar de animais abandonados e doentes.<\/p>\n\n\n\n<p> Hist\u00f3rico da Associa\u00e7\u00e3o M\u00e3os e Patas<br>A Associa\u00e7\u00e3o M\u00e3os e Patas, presidida por Paula Regina Barreira, atua h\u00e1 sete anos em Pontal do Paran\u00e1 com foco no controle populacional de c\u00e3es e gatos por meio da castra\u00e7\u00e3o.<br>O grupo promove bazares, rifas, bingos e outros eventos beneficentes para financiar castra\u00e7\u00f5es.<\/p>\n\n\n\n<p>H\u00e1 dois anos, a M\u00e3os e Patas tornou-se uma associa\u00e7\u00e3o formal e, no ano passado, conquistou o t\u00edtulo de Utilidade P\u00fablica Municipal. Atualmente, busca o reconhecimento em n\u00edvel estadual e federal.<\/p>\n\n\n\n<p>\ud83c\udf7d\ufe0f Quem adquirir a feijoada poder\u00e1 optar entre a vers\u00e3o tradicional (gourmet) ou a vegana.<\/p>\n\n\n\n<p>Cada feijoada custa R$ 59,90 e inclui acompanhamentos como arroz, couve e vinagrete. A vers\u00e3o tradicional tamb\u00e9m oferece bolinho de feijoada, farofa de banana-da-terra e panceta em rolo.<\/p>\n\n\n\n<p>A organiza\u00e7\u00e3o solicita que os pedidos sejam feitos antecipadamente para facilitar o preparo e a entrega.<\/p>\n\n\n\n<p> O pagamento deve ser realizado via PIX (entremaosepataspontal@gmail.com), com envio do comprovante e da op\u00e7\u00e3o escolhida para o WhatsApp (41) 99796-6697.<\/p>\n\n\n\n<p>A retirada das refei\u00e7\u00f5es ocorrer\u00e1 no sal\u00e3o da Igreja Cat\u00f3lica da Pra\u00e7a Central de Ipanema, a partir das 12h do dia 1\u00ba de novembro.<\/p>\n\n\n\n<ul class=\"wp-block-list\">\n<li>Feijoada Beneficente Pontal<br>Data: s\u00e1bado, 1\u00ba de novembro<br>Local: Sal\u00e3o da Igreja Cat\u00f3lica da Pra\u00e7a Central de Ipanema<br>Valor: R$ 59,90<br>PIX: entremaosepataspontal@gmail.com<\/li>\n<\/ul>\n\n\n\n<p>Foto: Reprodu\u00e7\u00e3o<\/p>\n","protected":false},"excerpt":{"rendered":"<p>No pr\u00f3ximo s\u00e1bado, 1\u00ba de novembro, ser\u00e1 realizada em Pontal do Paran\u00e1 uma feijoada beneficente com o objetivo de destinar toda a arrecada\u00e7\u00e3o \u00e0 compra de ra\u00e7\u00e3o para c\u00e3es e gatos resgatados de situa\u00e7\u00f5es de maus-tratos e abandono no munic\u00edpio. O evento \u00e9 promovido pela vereadora Any Messina, com o apoio da Prefeitura de Pontal [&hellip;]<\/p>\n","protected":false},"author":2,"featured_media":73853,"comment_status":"open","ping_status":"open","sticky":false,"template":"","format":"standard","meta":{"advanced_seo_description":"","jetpack_seo_html_title":"","jetpack_seo_noindex":false,"_jetpack_memberships_contains_paid_content":false,"footnotes":""},"categories":[40,65],"tags":[1492,318],"class_list":{"0":"post-73852","1":"post","2":"type-post","3":"status-publish","4":"format-standard","5":"has-post-thumbnail","7":"category-destaques","8":"category-pontal-do-parana","9":"tag-feijoada","10":"tag-pontal-do-parana"},"jetpack_featured_media_url":"https:\/\/www.paranapraia.com.br\/wp-content\/uploads\/2025\/10\/FB_IMG_1761691045681.jpg","jetpack_sharing_enabled":true,"_links":{"self":[{"href":"https:\/\/www.paranapraia.com.br\/index.php\/wp-json\/wp\/v2\/posts\/73852"}],"collection":[{"href":"https:\/\/www.paranapraia.com.br\/index.php\/wp-json\/wp\/v2\/posts"}],"about":[{"href":"https:\/\/www.paranapraia.com.br\/index.php\/wp-json\/wp\/v2\/types\/post"}],"author":[{"embeddable":true,"href":"https:\/\/www.paranapraia.com.br\/index.php\/wp-json\/wp\/v2\/users\/2"}],"replies":[{"embeddable":true,"href":"https:\/\/www.paranapraia.com.br\/index.php\/wp-json\/wp\/v2\/comments?post=73852"}],"version-history":[{"count":1,"href":"https:\/\/www.paranapraia.com.br\/index.php\/wp-json\/wp\/v2\/posts\/73852\/revisions"}],"predecessor-version":[{"id":73854,"href":"https:\/\/www.paranapraia.com.br\/index.php\/wp-json\/wp\/v2\/posts\/73852\/revisions\/73854"}],"wp:featuredmedia":[{"embeddable":true,"href":"https:\/\/www.paranapraia.com.br\/index.php\/wp-json\/wp\/v2\/media\/73853"}],"wp:attachment":[{"href":"https:\/\/www.paranapraia.com.br\/index.php\/wp-json\/wp\/v2\/media?parent=73852"}],"wp:term":[{"taxonomy":"category","embeddable":true,"href":"https:\/\/www.paranapraia.com.br\/index.php\/wp-json\/wp\/v2\/categories?post=73852"},{"taxonomy":"post_tag","embeddable":true,"href":"https:\/\/www.paranapraia.com.br\/index.php\/wp-json\/wp\/v2\/tags?post=73852"}],"curies":[{"name":"wp","href":"https:\/\/api.w.org\/{rel}","templated":true}]}}