{"id":73847,"date":"2025-10-28T19:28:58","date_gmt":"2025-10-28T22:28:58","guid":{"rendered":"https:\/\/www.paranapraia.com.br\/?p=73847"},"modified":"2025-10-28T19:29:00","modified_gmt":"2025-10-28T22:29:00","slug":"prefeitura-de-paranagua-anuncia-bonus-de-fim-de-ano-para-servidores-municipais","status":"publish","type":"post","link":"https:\/\/www.paranapraia.com.br\/index.php\/2025\/10\/28\/prefeitura-de-paranagua-anuncia-bonus-de-fim-de-ano-para-servidores-municipais\/","title":{"rendered":"Prefeitura de Paranagu\u00e1 anuncia b\u00f4nus de fim de ano para servidores municipais"},"content":{"rendered":"\n<p>Em reconhecimento ao trabalho e \u00e0 dedica\u00e7\u00e3o dos servidores p\u00fablicos, a Prefeitura de Paranagu\u00e1 confirmou que todos os funcion\u00e1rios municipais receber\u00e3o um vale-alimenta\u00e7\u00e3o especial de R$ 3 mil no fim deste ano. O an\u00fancio foi feito nesta ter\u00e7a-feira (28), em comemora\u00e7\u00e3o ao Dia do Servidor P\u00fablico.<\/p>\n\n\n\n<p>Segundo a administra\u00e7\u00e3o municipal, a medida representa mais do que um benef\u00edcio financeiro: \u00e9 um gesto de valoriza\u00e7\u00e3o e respeito a quem mant\u00e9m o funcionamento dos servi\u00e7os p\u00fablicos da cidade. O valor inclui o 13\u00ba do vale-alimenta\u00e7\u00e3o e um adicional extra, somando o montante que ser\u00e1 pago at\u00e9 dezembro.<\/p>\n\n\n\n<p>De acordo com o prefeito Adriano Ramos, a iniciativa \u00e9 um gesto de gratid\u00e3o e reconhecimento pelo compromisso de cada servidor com a cidade.<\/p>\n\n\n\n<p>\u201cOs servidores s\u00e3o a base de tudo o que acontece em Paranagu\u00e1. Esse benef\u00edcio \u00e9 uma forma de agradecer e valorizar quem trabalha todos os dias para atender bem a nossa popula\u00e7\u00e3o\u201d, destacou o prefeito.<\/p>\n\n\n\n<p>A prefeitura tamb\u00e9m informou que, a partir de 2026, o benef\u00edcio passar\u00e1 por um reajuste gradativo, com a meta de equiparar o valor ao pago pela C\u00e2mara Municipal. A iniciativa refor\u00e7a o compromisso da gest\u00e3o em manter o di\u00e1logo e a valoriza\u00e7\u00e3o permanente dos servidores que fazem Paranagu\u00e1 acontecer todos os dias.<\/p>\n\n\n\n<p>Assessoria <\/p>\n","protected":false},"excerpt":{"rendered":"<p>Em reconhecimento ao trabalho e \u00e0 dedica\u00e7\u00e3o dos servidores p\u00fablicos, a Prefeitura de Paranagu\u00e1 confirmou que todos os funcion\u00e1rios municipais receber\u00e3o um vale-alimenta\u00e7\u00e3o especial de R$ 3 mil no fim deste ano. O an\u00fancio foi feito nesta ter\u00e7a-feira (28), em comemora\u00e7\u00e3o ao Dia do Servidor P\u00fablico. Segundo a administra\u00e7\u00e3o municipal, a medida representa mais do [&hellip;]<\/p>\n","protected":false},"author":2,"featured_media":73849,"comment_status":"open","ping_status":"open","sticky":false,"template":"","format":"standard","meta":{"advanced_seo_description":"","jetpack_seo_html_title":"","jetpack_seo_noindex":false,"_jetpack_memberships_contains_paid_content":false,"footnotes":""},"categories":[40,77],"tags":[321],"class_list":{"0":"post-73847","1":"post","2":"type-post","3":"status-publish","4":"format-standard","5":"has-post-thumbnail","7":"category-destaques","8":"category-paranagua","9":"tag-paranagua"},"jetpack_featured_media_url":"https:\/\/www.paranapraia.com.br\/wp-content\/uploads\/2025\/10\/13535-1-scaled.jpg","jetpack_sharing_enabled":true,"_links":{"self":[{"href":"https:\/\/www.paranapraia.com.br\/index.php\/wp-json\/wp\/v2\/posts\/73847"}],"collection":[{"href":"https:\/\/www.paranapraia.com.br\/index.php\/wp-json\/wp\/v2\/posts"}],"about":[{"href":"https:\/\/www.paranapraia.com.br\/index.php\/wp-json\/wp\/v2\/types\/post"}],"author":[{"embeddable":true,"href":"https:\/\/www.paranapraia.com.br\/index.php\/wp-json\/wp\/v2\/users\/2"}],"replies":[{"embeddable":true,"href":"https:\/\/www.paranapraia.com.br\/index.php\/wp-json\/wp\/v2\/comments?post=73847"}],"version-history":[{"count":1,"href":"https:\/\/www.paranapraia.com.br\/index.php\/wp-json\/wp\/v2\/posts\/73847\/revisions"}],"predecessor-version":[{"id":73851,"href":"https:\/\/www.paranapraia.com.br\/index.php\/wp-json\/wp\/v2\/posts\/73847\/revisions\/73851"}],"wp:featuredmedia":[{"embeddable":true,"href":"https:\/\/www.paranapraia.com.br\/index.php\/wp-json\/wp\/v2\/media\/73849"}],"wp:attachment":[{"href":"https:\/\/www.paranapraia.com.br\/index.php\/wp-json\/wp\/v2\/media?parent=73847"}],"wp:term":[{"taxonomy":"category","embeddable":true,"href":"https:\/\/www.paranapraia.com.br\/index.php\/wp-json\/wp\/v2\/categories?post=73847"},{"taxonomy":"post_tag","embeddable":true,"href":"https:\/\/www.paranapraia.com.br\/index.php\/wp-json\/wp\/v2\/tags?post=73847"}],"curies":[{"name":"wp","href":"https:\/\/api.w.org\/{rel}","templated":true}]}}