{"id":73841,"date":"2025-10-27T17:01:00","date_gmt":"2025-10-27T20:01:00","guid":{"rendered":"https:\/\/www.paranapraia.com.br\/?p=73841"},"modified":"2025-10-27T17:01:03","modified_gmt":"2025-10-27T20:01:03","slug":"educacao-de-pontal-do-parana-reconhece-praticas-inspiradoras-no-premio-smed-2025","status":"publish","type":"post","link":"https:\/\/www.paranapraia.com.br\/index.php\/2025\/10\/27\/educacao-de-pontal-do-parana-reconhece-praticas-inspiradoras-no-premio-smed-2025\/","title":{"rendered":"Educa\u00e7\u00e3o de Pontal do Paran\u00e1 reconhece pr\u00e1ticas inspiradoras no Pr\u00eamio SMED 2025"},"content":{"rendered":"\n<p>Iniciativa destacou projetos e profissionais que contribuem para o avan\u00e7o da rede municipal de ensino<\/p>\n\n\n\n<p>Em uma noite dedicada ao reconhecimento da educa\u00e7\u00e3o p\u00fablica, a Secretaria Municipal de Educa\u00e7\u00e3o de Pontal do Paran\u00e1 realizou, na sexta-feira (24), a solenidade de entrega do Pr\u00eamio SMED de Boas Pr\u00e1ticas.<br>O evento, realizado no Centro de Capacita\u00e7\u00e3o em Praia de Leste, reuniu profissionais da rede municipal, autoridades e representantes da comunidade escolar.<\/p>\n\n\n\n<p>Estiveram presentes o prefeito de Pontal do Paran\u00e1 Rud\u00e3o Gimenes, acompanhado da primeira-dama Bruna Gimenes; a vice-prefeita Patricia Millo Marcomini; a Coordenadora Interna Geral Dioneia Serafim de Castro; a vereadora e presidente da C\u00e2mara Elinete Guimar\u00e3es; a vereadora Cleonice Silva do Nascimento; e Jhonatan Bitencourt Isidoro.<\/p>\n\n\n\n<p>O Pr\u00eamio SMED foi criado para valorizar o trabalho de professores, gestores e equipes pedag\u00f3gicas que desenvolvem a\u00e7\u00f5es capazes de melhorar o aprendizado e o v\u00ednculo entre escola, fam\u00edlia e comunidade.<\/p>\n\n\n\n<p>A secret\u00e1ria de Educa\u00e7\u00e3o, C\u00edntia Mendes, ressaltou a import\u00e2ncia da iniciativa:<br>\u201cO trabalho de cada profissional da educa\u00e7\u00e3o faz diferen\u00e7a na vida de um aluno, e o pr\u00eamio traz luz \u00e0s boas pr\u00e1ticas realizadas em nosso munic\u00edpio. Todos os participantes s\u00e3o vencedores.\u201d<\/p>\n\n\n\n<p>As pr\u00e1ticas inscritas foram analisadas pela Comiss\u00e3o Avaliadora, designada pela Secretaria Municipal de Educa\u00e7\u00e3o conforme o Edital 001\/2025, considerando os crit\u00e9rios estabelecidos no item 4.3 do Edital do Pr\u00eamio, a saber:<\/p>\n\n\n\n<ul class=\"wp-block-list\">\n<li>Clareza e coer\u00eancia do relato;<\/li>\n\n\n\n<li>Inova\u00e7\u00e3o e criatividade;<\/li>\n\n\n\n<li>Relev\u00e2ncia para o contexto educacional;<\/li>\n\n\n\n<li>Impacto e resultados obtidos;<\/li>\n\n\n\n<li>Possibilidade de replica\u00e7\u00e3o.<\/li>\n<\/ul>\n\n\n\n<p>Ap\u00f3s a conclus\u00e3o das etapas de avalia\u00e7\u00e3o, apresentam-se abaixo as pr\u00e1ticas vencedoras, por categoria:<\/p>\n\n\n\n<p>Educa\u00e7\u00e3o Infantil<br>-Melhor Pr\u00e1tica de Gest\u00e3o Escolar<\/p>\n\n\n\n<p>\u25cf 1\u00ba lugar: Jaqueline Alves de Souza \u2013 \u201cCuidar de quem cuida\u201d \u2013 CMEI Cavalo Marinho.<br>\u25cf 2\u00ba lugar: Dilair Sobral de Moraes Fran\u00e7a \u2013 \u201cFam\u00edlia: CMEI com pr\u00e1ticas educativas e informativas\u201d \u2013 CMEI Golfinho Azul.<\/p>\n\n\n\n<p>-Melhor Pr\u00e1tica do Professor<\/p>\n\n\n\n<p>\u25cf 1\u00ba lugar: Patr\u00edcia Renata Lopes \u2013 \u201cDo Rabiscar ao Encantar: a jornada liter\u00e1ria dos pequenos no Pr\u00e9 II\u201d \u2013 CMEI Cavalo Marinho.<br>\u25cf 2\u00ba lugar: Mirelli Camila dos Santos \u2013 \u201cMapa Vivo: conhecendo nosso munic\u00edpio\u201d \u2013 CMEI Cavalo Marinho.<br>\u25cf 3\u00ba lugar: Leticia de Lima Morais \u2013 \u201cProjeto Literatura: Dinossauros\u201d \u2013 CMEI Cavalo Marinho.<\/p>\n\n\n\n<p>-Melhor Projeto Cultura Cai\u00e7ara<\/p>\n\n\n\n<p>\u25cf 1\u00ba lugar: Celia Regina da Silva Batista Evers \u2013 \u201cO prato cai\u00e7ara Cambira\u201d \u2013 CMEI Golfinho Azul.<br>\u25cf 2\u00ba lugar: Gustavo Rodrigo Meyer Scramim \u2013 \u201cPesca Artesanal e Cultura Cai\u00e7ara: A Cultura como Experi\u00eancia Viva\u201d \u2013 CMEI Le\u00e3o Marinho.<br>\u25cf 3\u00ba lugar: Jaqueline Alves de Souza \u2013 \u201cFandango do Caranguejo\u201d \u2013 CMEI Cavalo Marinho.<\/p>\n\n\n\n<p>Ensino Fundamental, EJA e Educa\u00e7\u00e3o Especial<br>-Melhor Pr\u00e1tica de Gest\u00e3o Escolar<\/p>\n\n\n\n<p>\u25cf 1\u00ba lugar: H\u00e9lio Osmar da Silva \u2013 \u201cDa Estrutura \u00e0 Excel\u00eancia: a organiza\u00e7\u00e3o a servi\u00e7o da aprendizagem\u201d \u2013 Escola Municipal Ezequiel Pinto da Silva.<br>\u25cf 2\u00ba lugar: Elisangela Franco de Rossi \u2013 \u201cUma Gest\u00e3o para uma Educa\u00e7\u00e3o Transformadora: aprendendo com projetos\u201d \u2013 Escola Municipal Luiz Ant\u00f4nio Amatuzzi de Pinho.<\/p>\n\n\n\n<p>-Melhor Pr\u00e1tica do Professor<\/p>\n\n\n\n<p>\u25cf 1\u00ba lugar: Joelma de Oliveira \u2013 \u201cJogos que Incluem: a supera\u00e7\u00e3o de Jo\u00e3o Vitor nas aulas de Educa\u00e7\u00e3o F\u00edsica\u201d \u2013 Escola Municipal Ilha do Saber.<br>\u25cf 2\u00ba lugar: Juliane Vieira \u2013 \u201cProjeto Jornal da Escola\u201d \u2013 Escola Municipal Professora Z\u00e9lia Ceranto Rivatto.<br>\u25cf 3\u00ba lugar: Alaine Santos Santana \u2013 \u201cMinha voz, meu texto\u201d \u2013 Escola Municipal Primavera.<\/p>\n\n\n\n<p>-Melhor Professor Alfabetizador do 2\u00ba Ano<\/p>\n\n\n\n<p>\u25cf 1\u00ba lugar: Ester da Silva \u2013 2\u00ba Ano \u2013 Turma B \u2013 Escola Municipal Benvinda de Miranda Lopes Corr\u00eaa.<br>\u25cf 2\u00ba lugar: Syrlei Vieira Gomes \u2013 2\u00ba Ano \u2013 Turma B \u2013 Escola Municipal Professora Z\u00e9lia Ceranto Rivatto.<br>\u25cf 3\u00ba lugar: Filomena Marli Oliveira de Ara\u00fajo \u2013 2\u00ba Ano \u2013 Turma B \u2013 Escola Municipal Primavera.<\/p>\n\n\n\n<p>-Melhor Desempenho de Turma do 5\u00ba Ano \u2013 Prova Paran\u00e1 Diagn\u00f3stica<\/p>\n\n\n\n<p>\u25cf 1\u00ba lugar: Paloma de F\u00e1tima Marques da Silva \u2013 5\u00ba Ano \u2013 Turma C \u2013 Escola Municipal Professora Z\u00e9lia Ceranto Rivatto.<br>\u25cf 2\u00ba lugar: Zueh Maria Moura \u2013 5\u00ba Ano \u2013 Turma A \u2013 Escola Municipal Luiz Ant\u00f4nio Amatuzzi de Pinho.<br>\u25cf 3\u00ba lugar: Cristina Maria Cabral dos Santos Nascimento \u2013 5\u00ba Ano \u2013 Turma A \u2013 Escola Municipal Ezequiel Pinto da Silva.<\/p>\n\n\n\n<p>O evento marcou o encerramento de um ciclo de a\u00e7\u00f5es voltadas \u00e0 inova\u00e7\u00e3o e \u00e0 troca de experi\u00eancias nas escolas municipais.<\/p>\n\n\n\n<p>\ud83d\udc99 O Pr\u00eamio SMED de Boas Pr\u00e1ticas consolida-se como uma das principais iniciativas de valoriza\u00e7\u00e3o dos profissionais da educa\u00e7\u00e3o em Pontal do Paran\u00e1, estimulando o compartilhamento de experi\u00eancias que impulsionam o ensino p\u00fablico.<\/p>\n\n\n\n<p>\ud83d\udcf7 Fotos: PMPPR\/ Amanda Gouveia<\/p>\n","protected":false},"excerpt":{"rendered":"<p>Iniciativa destacou projetos e profissionais que contribuem para o avan\u00e7o da rede municipal de ensino Em uma noite dedicada ao reconhecimento da educa\u00e7\u00e3o p\u00fablica, a Secretaria Municipal de Educa\u00e7\u00e3o de Pontal do Paran\u00e1 realizou, na sexta-feira (24), a solenidade de entrega do Pr\u00eamio SMED de Boas Pr\u00e1ticas.O evento, realizado no Centro de Capacita\u00e7\u00e3o em Praia [&hellip;]<\/p>\n","protected":false},"author":2,"featured_media":73842,"comment_status":"open","ping_status":"open","sticky":false,"template":"","format":"standard","meta":{"advanced_seo_description":"","jetpack_seo_html_title":"","jetpack_seo_noindex":false,"_jetpack_memberships_contains_paid_content":false,"footnotes":""},"categories":[40],"tags":[461,318],"class_list":{"0":"post-73841","1":"post","2":"type-post","3":"status-publish","4":"format-standard","5":"has-post-thumbnail","7":"category-destaques","8":"tag-educacao","9":"tag-pontal-do-parana"},"jetpack_featured_media_url":"https:\/\/www.paranapraia.com.br\/wp-content\/uploads\/2025\/10\/FB_IMG_1761595196875.jpg","jetpack_sharing_enabled":true,"_links":{"self":[{"href":"https:\/\/www.paranapraia.com.br\/index.php\/wp-json\/wp\/v2\/posts\/73841"}],"collection":[{"href":"https:\/\/www.paranapraia.com.br\/index.php\/wp-json\/wp\/v2\/posts"}],"about":[{"href":"https:\/\/www.paranapraia.com.br\/index.php\/wp-json\/wp\/v2\/types\/post"}],"author":[{"embeddable":true,"href":"https:\/\/www.paranapraia.com.br\/index.php\/wp-json\/wp\/v2\/users\/2"}],"replies":[{"embeddable":true,"href":"https:\/\/www.paranapraia.com.br\/index.php\/wp-json\/wp\/v2\/comments?post=73841"}],"version-history":[{"count":1,"href":"https:\/\/www.paranapraia.com.br\/index.php\/wp-json\/wp\/v2\/posts\/73841\/revisions"}],"predecessor-version":[{"id":73843,"href":"https:\/\/www.paranapraia.com.br\/index.php\/wp-json\/wp\/v2\/posts\/73841\/revisions\/73843"}],"wp:featuredmedia":[{"embeddable":true,"href":"https:\/\/www.paranapraia.com.br\/index.php\/wp-json\/wp\/v2\/media\/73842"}],"wp:attachment":[{"href":"https:\/\/www.paranapraia.com.br\/index.php\/wp-json\/wp\/v2\/media?parent=73841"}],"wp:term":[{"taxonomy":"category","embeddable":true,"href":"https:\/\/www.paranapraia.com.br\/index.php\/wp-json\/wp\/v2\/categories?post=73841"},{"taxonomy":"post_tag","embeddable":true,"href":"https:\/\/www.paranapraia.com.br\/index.php\/wp-json\/wp\/v2\/tags?post=73841"}],"curies":[{"name":"wp","href":"https:\/\/api.w.org\/{rel}","templated":true}]}}