{"id":73820,"date":"2025-10-22T18:03:41","date_gmt":"2025-10-22T21:03:41","guid":{"rendered":"https:\/\/www.paranapraia.com.br\/?p=73820"},"modified":"2025-10-22T18:03:44","modified_gmt":"2025-10-22T21:03:44","slug":"parana-rosa-secretaria-esclarece-mitos-e-mostra-verdades-sobre-prevencao-do-cancer-de-mama","status":"publish","type":"post","link":"https:\/\/www.paranapraia.com.br\/index.php\/2025\/10\/22\/parana-rosa-secretaria-esclarece-mitos-e-mostra-verdades-sobre-prevencao-do-cancer-de-mama\/","title":{"rendered":"Paran\u00e1 Rosa: Secretaria esclarece mitos e mostra verdades sobre preven\u00e7\u00e3o do c\u00e2ncer de mama"},"content":{"rendered":"\n<p>Durante o Outubro Rosa, a Secretaria de Estado da Sa\u00fade (Sesa) promove e apoia diversas a\u00e7\u00f5es voltadas \u00e0 orienta\u00e7\u00e3o da popula\u00e7\u00e3o feminina, como a realiza\u00e7\u00e3o de exames preventivos, entre eles a mamografia. A campanha Paran\u00e1 Rosa \u00e9 um convite \u00e0 reflex\u00e3o sobre o autocuidado e a sa\u00fade integral da mulher.<\/p>\n\n\n\n<p>Segundo dados do Instituto Nacional de C\u00e2ncer (INCA), a incid\u00eancia de casos de c\u00e2ncer no Paran\u00e1 para o tri\u00eanio 2023 \u2013 2025 \u00e9 de 236,74 casos a cada 100 mil habitantes, destacando-se c\u00e2ncer de mama feminina, pr\u00f3stata, c\u00f3lon e reto.<\/p>\n\n\n\n<p>O c\u00e2ncer de mama \u00e9 uma das principais causas de mortalidade por neoplasias em mulheres, respons\u00e1vel por 16,05% dos \u00f3bitos entre 2019 e 2023, seguido pelas neoplasias malignas de br\u00f4nquios e pulm\u00f5es (11,83%) e de colo do \u00fatero (4,92%).<\/p>\n\n\n\n<p><strong>MAMOGRAFIA&nbsp;<\/strong>\u2013 O rastreamento do c\u00e2ncer de mama \u00e9 realizado por meio da mamografia, indicada para mulheres de 50 a 74 anos, a cada dois anos, enquanto a mamografia diagn\u00f3stica \u00e9 feita em qualquer idade, conforme indica\u00e7\u00e3o m\u00e9dica. No Estado, h\u00e1 190 mam\u00f3grafos cadastrados, com maior concentra\u00e7\u00e3o na Macrorregi\u00e3o Leste (33,16%).<\/p>\n\n\n\n<p>Em 2023, foram registrados 310.885 exames de rastreamento e 25.996 exames diagn\u00f3sticos. Ressalta-se que o levantamento por prestadores municipais e cons\u00f3rcios intermunicipais n\u00e3o \u00e9 totalmente reportado aos sistemas oficiais, o que pode subestimar a cobertura real.<\/p>\n\n\n\n<p>Para combater a desinforma\u00e7\u00e3o que ainda circula sobre o tema, a Sesa preparou um conte\u00fado especial com mitos e verdades sobre o c\u00e2ncer de mama e a mamografia.<\/p>\n\n\n\n<p><strong>MITO OU VERDADE<\/strong><\/p>\n\n\n\n<ul class=\"wp-block-list\">\n<li><strong>A radia\u00e7\u00e3o do exame de mamografia \u00e9 perigosa para a sa\u00fade.<\/strong><\/li>\n<\/ul>\n\n\n\n<p>\u274c Mito: A quantidade de radia\u00e7\u00e3o utilizada em uma mamografia \u00e9 muito baixa e o risco de que essa exposi\u00e7\u00e3o cause c\u00e2ncer a longo prazo \u00e9 considerado extremamente baixo. A dose m\u00e9dia de uma mamografia digital corresponderia a um risco te\u00f3rico de cerca de 1,3 caso de c\u00e2ncer a cada 100 mil mulheres expostas aos 40 anos \u2014 esse risco \u00e9 ainda menor em idades mais avan\u00e7adas, chegando a menos de 1 caso por milh\u00e3o aos 80 anos. Estudos e \u00f3rg\u00e3os de refer\u00eancia indicam que os benef\u00edcios da mamografia superam amplamente os riscos, j\u00e1 que a detec\u00e7\u00e3o precoce do c\u00e2ncer de mama salva centenas de vidas.<\/p>\n\n\n\n<ul class=\"wp-block-list\">\n<li><strong>O rastreamento do c\u00e2ncer de mama com mamografia pode contribuir com a redu\u00e7\u00e3o da mortalidade.<\/strong><\/li>\n<\/ul>\n\n\n\n<p>\u2705 Verdade: O principal ganho do rastreamento est\u00e1 na detec\u00e7\u00e3o precoce, que aumenta as chances de tratamento eficaz e pode resultar em vidas estendidas, especialmente quando \u00e9 realizado dentro de programas organizados e na faixa et\u00e1ria recomendada. O rastreamento peri\u00f3dico com mamografia reduz a mortalidade espec\u00edfica por c\u00e2ncer de mama em cerca de 15% a 25% entre as mulheres que participam do rastreamento regular. A Organiza\u00e7\u00e3o Mundial da Sa\u00fade (OMS), recomenda exames considerando que os benef\u00edcios superam os riscos. Esses riscos incluem resultados falsos positivos, bi\u00f3psias desnecess\u00e1rias, sobrediagn\u00f3stico (quando s\u00e3o detectados tumores que n\u00e3o evoluiriam clinicamente) e ansiedade associada ao exame.<\/p>\n\n\n\n<ul class=\"wp-block-list\">\n<li><strong>A mamografia \u00e9 sempre muito dolorosa?<\/strong><\/li>\n<\/ul>\n\n\n\n<p>\u274c Mito: Durante o exame, o posicionamento da mulher e a compress\u00e3o da mama s\u00e3o realmente necess\u00e1rios, pois ajudam a diminuir o movimento da mama, evitando que as imagens fiquem borradas; espalham os tecidos da mama para reduzir sobreposi\u00e7\u00e3o e aumentar o contraste; permitem que o feixe de raios-X penetre com mais uniformidade, o que favorece a qualidade diagn\u00f3stica (menor artefato); e permitem usar doses menores de radia\u00e7\u00e3o. Estudos mostram que apenas cerca de 12% das mulheres classificam a sensa\u00e7\u00e3o como intensa ou intoler\u00e1vel, mas essa sensa\u00e7\u00e3o dura apenas alguns segundos e tende a desaparecer logo ap\u00f3s o exame.<br>Algumas recomenda\u00e7\u00f5es pr\u00e1ticas podem atenuar o desconforto:<\/p>\n\n\n\n<ul class=\"wp-block-list\">\n<li>Agendar o exame em fase menos sens\u00edvel do ciclo menstrual.<\/li>\n\n\n\n<li>Comunicar ao t\u00e9cnico de radiologia eventual dor ou desconforto.<\/li>\n\n\n\n<li>T\u00e9cnicas de relaxamento ou instru\u00e7\u00f5es pr\u00e9vias para reduzir ansiedade podem ajudar a diminuir a dor percebida.<\/li>\n\n\n\n<li>Em alguns servi\u00e7os, \u00e9 permitido que a mulher tenha algum controle sobre a compress\u00e3o.<\/li>\n<\/ul>\n\n\n\n<ul class=\"wp-block-list\">\n<li><strong>A mamografia pode ser feita com pr\u00f3tese de silicone?<\/strong><\/li>\n<\/ul>\n\n\n\n<p>\u2705Verdade: Sim, \u00e9 poss\u00edvel fazer mamografia com silicone e o Minist\u00e9rio da Sa\u00fade garante esse direito pelo SUS. A pr\u00f3tese n\u00e3o impede o exame, mas \u00e9 fundamental informar ao t\u00e9cnico para que a T\u00e9cnica de Eklund, uma manobra espec\u00edfica, seja usada, deslocando o implante para uma melhor visualiza\u00e7\u00e3o do tecido mam\u00e1rio.<\/p>\n\n\n\n<ul class=\"wp-block-list\">\n<li><strong>Os servi\u00e7os de sa\u00fade devem priorizar mulheres com sinais suspeitos de c\u00e2ncer de mama.<\/strong><\/li>\n<\/ul>\n\n\n\n<p>\u2705 Verdade: As consultas de investiga\u00e7\u00e3o diagn\u00f3stica devem priorizar casos suspeitos, garantindo atendimento r\u00e1pido sem necessidade de agendamento pr\u00e9vio. \u00c9 fundamental que os servi\u00e7os de diagn\u00f3stico mam\u00e1rio tenham autonomia para completar toda investiga\u00e7\u00e3o sem precisar retornar \u00e0 aten\u00e7\u00e3o prim\u00e1ria a cada exame, assegurando diagn\u00f3stico precoce e melhor progn\u00f3stico.<\/p>\n\n\n\n<ul class=\"wp-block-list\">\n<li><strong>N\u00f3dulos ou mudan\u00e7as nas mamas podem ser sinais de alerta?<\/strong><\/li>\n<\/ul>\n\n\n\n<p>\u2705 Verdade: Sinais de alerta incluem n\u00f3dulos persistentes, endurecidos ou em crescimento, secre\u00e7\u00e3o papilar unilateral, les\u00f5es na pele, aumento da mama com edema, retra\u00e7\u00e3o da pele ou mudan\u00e7a no formato do mamilo. Cerca de 90% dos casos iniciais se apresentam como n\u00f3dulo mam\u00e1rio e a associa\u00e7\u00e3o com outros sinais aumenta a probabilidade de diagn\u00f3stico de c\u00e2ncer. Mesmo altera\u00e7\u00f5es benignas, como mastalgia, devem ser acompanhadas. Homens tamb\u00e9m podem apresentar tumora\u00e7\u00e3o palp\u00e1vel unilateral e devem procurar avalia\u00e7\u00e3o m\u00e9dica.<\/p>\n\n\n\n<ul class=\"wp-block-list\">\n<li><strong>\u00c9 poss\u00edvel reduzir o risco de desenvolver c\u00e2ncer de mama?<\/strong><\/li>\n<\/ul>\n\n\n\n<p>\u2705 Verdade: Embora n\u00e3o seja poss\u00edvel eliminar completamente o risco de c\u00e2ncer de mama, \u00e9 amplamente reconhecido que adotar h\u00e1bitos saud\u00e1veis pode reduzir significativamente a probabilidade de desenvolvimento da doen\u00e7a. O INCA e outras<br>entidades de sa\u00fade p\u00fablica destacam diversas estrat\u00e9gias baseadas em evid\u00eancias cient\u00edficas para a preven\u00e7\u00e3o prim\u00e1ria do c\u00e2ncer de mama. Algumas delas s\u00e3o a pr\u00e1tica regular de atividade f\u00edsica, a amamenta\u00e7\u00e3o (estudos indicam que o risco de desenvolver a doen\u00e7a diminui de 4,3% a 6% a cada 12 meses de dura\u00e7\u00e3o da amamenta\u00e7\u00e3o) e evitar o consumo de bebidas alco\u00f3licas.<\/p>\n\n\n\n<p>AEN\/PR<\/p>\n","protected":false},"excerpt":{"rendered":"<p>Durante o Outubro Rosa, a Secretaria de Estado da Sa\u00fade (Sesa) promove e apoia diversas a\u00e7\u00f5es voltadas \u00e0 orienta\u00e7\u00e3o da popula\u00e7\u00e3o feminina, como a realiza\u00e7\u00e3o de exames preventivos, entre eles a mamografia. A campanha Paran\u00e1 Rosa \u00e9 um convite \u00e0 reflex\u00e3o sobre o autocuidado e a sa\u00fade integral da mulher. Segundo dados do Instituto Nacional [&hellip;]<\/p>\n","protected":false},"author":2,"featured_media":73821,"comment_status":"open","ping_status":"open","sticky":false,"template":"","format":"standard","meta":{"advanced_seo_description":"","jetpack_seo_html_title":"","jetpack_seo_noindex":false,"_jetpack_memberships_contains_paid_content":false,"footnotes":""},"categories":[50],"tags":[],"class_list":{"0":"post-73820","1":"post","2":"type-post","3":"status-publish","4":"format-standard","5":"has-post-thumbnail","7":"category-saude"},"jetpack_featured_media_url":"https:\/\/www.paranapraia.com.br\/wp-content\/uploads\/2025\/10\/arte_cancer_de_mama.jpg","jetpack_sharing_enabled":true,"_links":{"self":[{"href":"https:\/\/www.paranapraia.com.br\/index.php\/wp-json\/wp\/v2\/posts\/73820"}],"collection":[{"href":"https:\/\/www.paranapraia.com.br\/index.php\/wp-json\/wp\/v2\/posts"}],"about":[{"href":"https:\/\/www.paranapraia.com.br\/index.php\/wp-json\/wp\/v2\/types\/post"}],"author":[{"embeddable":true,"href":"https:\/\/www.paranapraia.com.br\/index.php\/wp-json\/wp\/v2\/users\/2"}],"replies":[{"embeddable":true,"href":"https:\/\/www.paranapraia.com.br\/index.php\/wp-json\/wp\/v2\/comments?post=73820"}],"version-history":[{"count":1,"href":"https:\/\/www.paranapraia.com.br\/index.php\/wp-json\/wp\/v2\/posts\/73820\/revisions"}],"predecessor-version":[{"id":73822,"href":"https:\/\/www.paranapraia.com.br\/index.php\/wp-json\/wp\/v2\/posts\/73820\/revisions\/73822"}],"wp:featuredmedia":[{"embeddable":true,"href":"https:\/\/www.paranapraia.com.br\/index.php\/wp-json\/wp\/v2\/media\/73821"}],"wp:attachment":[{"href":"https:\/\/www.paranapraia.com.br\/index.php\/wp-json\/wp\/v2\/media?parent=73820"}],"wp:term":[{"taxonomy":"category","embeddable":true,"href":"https:\/\/www.paranapraia.com.br\/index.php\/wp-json\/wp\/v2\/categories?post=73820"},{"taxonomy":"post_tag","embeddable":true,"href":"https:\/\/www.paranapraia.com.br\/index.php\/wp-json\/wp\/v2\/tags?post=73820"}],"curies":[{"name":"wp","href":"https:\/\/api.w.org\/{rel}","templated":true}]}}