{"id":73817,"date":"2025-10-22T18:01:02","date_gmt":"2025-10-22T21:01:02","guid":{"rendered":"https:\/\/www.paranapraia.com.br\/?p=73817"},"modified":"2025-10-22T18:01:08","modified_gmt":"2025-10-22T21:01:08","slug":"programacao-do-verao-maior-parana-e-exibida-em-pontos-turisticos-do-brasil","status":"publish","type":"post","link":"https:\/\/www.paranapraia.com.br\/index.php\/2025\/10\/22\/programacao-do-verao-maior-parana-e-exibida-em-pontos-turisticos-do-brasil\/","title":{"rendered":"Programa\u00e7\u00e3o do Ver\u00e3o Maior Paran\u00e1 \u00e9 exibida em pontos tur\u00edsticos do Brasil"},"content":{"rendered":"\n<p>O an\u00fancio dos\u00a0grandes shows do Ver\u00e3o Maior Paran\u00e1, realizado na noite da \u00faltima ter\u00e7a-feira (21), em Curitiba, ultrapassou as divisas do Estado e ganhou proje\u00e7\u00e3o nacional. Pela primeira vez, a programa\u00e7\u00e3o foi apresentada simultaneamente nas redes sociais do Governo do Paran\u00e1 e em pontos tur\u00edsticos de diferentes cidades do Brasil, refor\u00e7ando a grandiosidade do evento.<\/p>\n\n\n\n<p>No Rio de Janeiro, o line-up foi revelado com proje\u00e7\u00f5es nos Arcos da Lapa, um dos cart\u00f5es-postais mais ic\u00f4nicos do Brasil e palco tradicional da vida noturna carioca.&nbsp;Em S\u00e3o Paulo, a proje\u00e7\u00e3o aconteceu na Avenida Paulista, na altura do Parque do Ciclista, local de grande circula\u00e7\u00e3o de pessoas. J\u00e1 em Santa Catarina a proje\u00e7\u00e3o da programa\u00e7\u00e3o foi em Florian\u00f3polis, na Beira Mar Norte, o principal corredor urbano da ilha.&nbsp;<\/p>\n\n\n\n<p>Em Curitiba, o Pal\u00e1cio Igua\u00e7u, sede do governo, no cora\u00e7\u00e3o do Centro C\u00edvico, tamb\u00e9m serviu como tel\u00e3o para a proje\u00e7\u00e3o dos nomes das atra\u00e7\u00f5es.<\/p>\n\n\n\n<p>Com uma programa\u00e7\u00e3o que cresce a cada edi\u00e7\u00e3o, o Ver\u00e3o Maior Paran\u00e1 vem se firmando no circuito nacional de grandes festivais de ver\u00e3o. A temporada 2025\/2026 contar\u00e1 com artistas consagrados da m\u00fasica brasileira e, pela primeira vez, com atra\u00e7\u00f5es internacionais: a banda de reggae\u00a0jamaicana Inner Circle e a francesa Gipsy Kings.<\/p>\n\n\n\n<p>Todos os shows s\u00e3o gratuitos e integram a programa\u00e7\u00e3o promovida pelo Governo do Estado, que transforma o Litoral em um grande palco de lazer, turismo e cultura.<\/p>\n\n\n\n<p><strong>LINE-UP<\/strong>&nbsp;\u2013 Ao todo ser\u00e3o cinco finais de semana de show, de 9 de janeiro a 8 de fevereiro, em Matinhos e Pontal do Paran\u00e1. Entre os destaques est\u00e3o Alok, Ana Castela, Gustavo Mioto, Jeito Moleque e Z\u00e9 Neto e Cristiano, que prometem atrair multid\u00f5es \u00e0s praias paranaenses. Na \u00faltima edi\u00e7\u00e3o, o Ver\u00e3o Maior reuniu mais de 2 milh\u00f5es de pessoas nos shows gratuitos.<\/p>\n\n\n\n<p>Entre os artistas confirmados, o Governo do Paran\u00e1 anunciou a apresenta\u00e7\u00e3o de duas atra\u00e7\u00f5es surpresas no dia 25 de janeiro. O suspense tamb\u00e9m fez parte da edi\u00e7\u00e3o do ano passado, quando Luan Santana foi o cantor misterioso anunciado pelo festival semanas depois da revela\u00e7\u00e3o do line-up do evento. O show do sertanejo, inclusive, bateu o recorde de p\u00fablico da temporada 24\/25: 164 mil pessoas.<\/p>\n\n\n\n<figure class=\"wp-block-image\"><img decoding=\"async\" src=\"https:\/\/www.parana.pr.gov.br\/sites\/default\/arquivos_restritos\/files\/imagem\/2025-10\/rio4.jpg\" alt=\"A\"\/><\/figure>\n\n\n\n<p>Al\u00e9m dos shows nos palcos principais, o\u00a0Ver\u00e3o Maior Paran\u00e1\u00a0vai contar mais uma vez com os palcos Sunset montados em Caiob\u00e1, Guaratuba e Shangri-l\u00e1 (Litoral), e nas cidades de Porto Rico e Porto S\u00e3o Jos\u00e9 (em S\u00e3o Pedro do Paran\u00e1), no noroeste. Os espa\u00e7os receber\u00e3o apresenta\u00e7\u00f5es de mais de 50 artistas paranaenses, que ser\u00e3o escolhidos por meio de chamamento p\u00fablico.<\/p>\n\n\n\n<p><strong>GRANDES NOMES<\/strong>&nbsp;\u2013 Desde a primeira edi\u00e7\u00e3o, o Ver\u00e3o Maior Paran\u00e1 tem reunido alguns dos principais artistas do Pa\u00eds. Em 2025, al\u00e9m de Luan Santana, Tit\u00e3s, Jota Quest, Sorriso Maroto, P\u00e9ricles, Alexandre Pires, Rio Negro &amp; Solim\u00f5es, Michel Tel\u00f3, Matheus &amp; Kauan, Guilherme &amp; Santiago, Jo\u00e3o Bosco &amp; Vin\u00edcius, Fernando &amp; Sorocaba, C\u00e9sar Menotti &amp; Fabiano, Eduardo Costa e Felipe Ara\u00fajo embalaram o p\u00fablico no Litoral.<\/p>\n\n\n\n<p>Em 2024, o festival contou com Roupa Nova, \u00c9 o Tchan, Jorge &amp; Mateus, Zez\u00e9 Di Camargo &amp; Luciano, Dudu Nobre, Chiclete Com Banana, Ra\u00e7a Negra, Guilherme &amp; Benuto, Hugo &amp; Guilherme, Rick &amp; Renner, Clayton &amp; Rom\u00e1rio, Yasmin Santos, George Henrique &amp; Rodrigo, Pixote, Simone Mendes, Amado Batista, Trio Parada Dura, Matogrosso &amp; Mathias, Z\u00e9 Felipe e Henrique &amp; Diego.<\/p>\n\n\n\n<p>J\u00e1 em 2023, se apresentaram Ara Ketu, Leonardo, Eduardo Costa, Samb\u00f4, C\u00e9sar Menotti &amp; Fabiano, Fernando &amp; Sorocaba, Maria Cec\u00edlia &amp; Rodolfo, Jeann &amp; Julio, Antony &amp; Gabriel, Edson &amp; Hudson, Jo\u00e3o Bosco &amp; Vin\u00edcius, Bruno &amp; Barretto e George Henrique &amp; Rodrigo. A primeira edi\u00e7\u00e3o, no ver\u00e3o de 2020, teve shows de Alexandre Pires, Edson &amp; Hudson, Eduardo Costa e Jerry Smith.<\/p>\n\n\n\n<p>AEN\/PR<\/p>\n","protected":false},"excerpt":{"rendered":"<p>O an\u00fancio dos\u00a0grandes shows do Ver\u00e3o Maior Paran\u00e1, realizado na noite da \u00faltima ter\u00e7a-feira (21), em Curitiba, ultrapassou as divisas do Estado e ganhou proje\u00e7\u00e3o nacional. Pela primeira vez, a programa\u00e7\u00e3o foi apresentada simultaneamente nas redes sociais do Governo do Paran\u00e1 e em pontos tur\u00edsticos de diferentes cidades do Brasil, refor\u00e7ando a grandiosidade do evento. [&hellip;]<\/p>\n","protected":false},"author":2,"featured_media":73818,"comment_status":"open","ping_status":"open","sticky":false,"template":"","format":"standard","meta":{"advanced_seo_description":"","jetpack_seo_html_title":"","jetpack_seo_noindex":false,"_jetpack_memberships_contains_paid_content":false,"footnotes":""},"categories":[40],"tags":[],"class_list":{"0":"post-73817","1":"post","2":"type-post","3":"status-publish","4":"format-standard","5":"has-post-thumbnail","7":"category-destaques"},"jetpack_featured_media_url":"https:\/\/www.paranapraia.com.br\/wp-content\/uploads\/2025\/10\/sp4.jpg","jetpack_sharing_enabled":true,"_links":{"self":[{"href":"https:\/\/www.paranapraia.com.br\/index.php\/wp-json\/wp\/v2\/posts\/73817"}],"collection":[{"href":"https:\/\/www.paranapraia.com.br\/index.php\/wp-json\/wp\/v2\/posts"}],"about":[{"href":"https:\/\/www.paranapraia.com.br\/index.php\/wp-json\/wp\/v2\/types\/post"}],"author":[{"embeddable":true,"href":"https:\/\/www.paranapraia.com.br\/index.php\/wp-json\/wp\/v2\/users\/2"}],"replies":[{"embeddable":true,"href":"https:\/\/www.paranapraia.com.br\/index.php\/wp-json\/wp\/v2\/comments?post=73817"}],"version-history":[{"count":1,"href":"https:\/\/www.paranapraia.com.br\/index.php\/wp-json\/wp\/v2\/posts\/73817\/revisions"}],"predecessor-version":[{"id":73819,"href":"https:\/\/www.paranapraia.com.br\/index.php\/wp-json\/wp\/v2\/posts\/73817\/revisions\/73819"}],"wp:featuredmedia":[{"embeddable":true,"href":"https:\/\/www.paranapraia.com.br\/index.php\/wp-json\/wp\/v2\/media\/73818"}],"wp:attachment":[{"href":"https:\/\/www.paranapraia.com.br\/index.php\/wp-json\/wp\/v2\/media?parent=73817"}],"wp:term":[{"taxonomy":"category","embeddable":true,"href":"https:\/\/www.paranapraia.com.br\/index.php\/wp-json\/wp\/v2\/categories?post=73817"},{"taxonomy":"post_tag","embeddable":true,"href":"https:\/\/www.paranapraia.com.br\/index.php\/wp-json\/wp\/v2\/tags?post=73817"}],"curies":[{"name":"wp","href":"https:\/\/api.w.org\/{rel}","templated":true}]}}