{"id":73814,"date":"2025-10-26T17:57:50","date_gmt":"2025-10-26T20:57:50","guid":{"rendered":"https:\/\/www.paranapraia.com.br\/?p=73814"},"modified":"2025-11-06T10:49:44","modified_gmt":"2025-11-06T13:49:44","slug":"cnh-para-moto-exames-praticos-no-parana-nao-terao-mais-rampa-como-obstaculo","status":"publish","type":"post","link":"https:\/\/www.paranapraia.com.br\/index.php\/2025\/10\/26\/cnh-para-moto-exames-praticos-no-parana-nao-terao-mais-rampa-como-obstaculo\/","title":{"rendered":"CNH para moto: exames pr\u00e1ticos no Paran\u00e1 n\u00e3o ter\u00e3o mais rampa como obst\u00e1culo"},"content":{"rendered":"\n<p>O Departamento de Tr\u00e2nsito do Paran\u00e1 (Detran-PR) determinou a retirada do obst\u00e1culo tipo rampa das pistas de exame para obten\u00e7\u00e3o da Carteira Nacional de Habilita\u00e7\u00e3o (CNH) na categoria \u201cA\u201d, ou seja, para motos. A medida atende a uma necessidade de atualiza\u00e7\u00e3o dos padr\u00f5es operacionais e de infraestrutura, constatada ap\u00f3s an\u00e1lises t\u00e9cnicas do \u00f3rg\u00e3o, e est\u00e1 em conformidade com a Resolu\u00e7\u00e3o Contran n\u00ba 789\/2020.<\/p>\n\n\n\n<p>A portaria em quest\u00e3o \u00e9 a 835\/2025, que entrou em vigor no dia 08 de outubro de 2025 e d\u00e1 um prazo de 90 dias para as Circunscri\u00e7\u00f5es Regionais de Tr\u00e2nsito (Ciretrans) do Estado fazerem a adequa\u00e7\u00e3o. Elas devem ajustar o trajeto do exame para que o referido obst\u00e1culo n\u00e3o seja mais utilizado durante a avalia\u00e7\u00e3o.&nbsp;&nbsp;<\/p>\n\n\n\n<p>O presidente do Detran-PR, Santin Roveda, disse que a regulamenta\u00e7\u00e3o vai adequar e padronizar os ambientes, reduzindo, inclusive, riscos de incidentes. \u201cEssa adequa\u00e7\u00e3o est\u00e1 alinhada \u00e0s melhores pr\u00e1ticas nacionais e internacionais, e harmoniza o Estado do Paran\u00e1 com as diretrizes j\u00e1 adotadas em outras unidades da federa\u00e7\u00e3o e por institui\u00e7\u00f5es de refer\u00eancia global\u201d, afirmou. \u201cEmbora tenham prazo, praticamente todas as unidades do Detran-PR j\u00e1 est\u00e3o atuando de acordo com a nova portaria\u201d.<\/p>\n\n\n\n<p>Conforme a nova regra, a retirada do obst\u00e1culo n\u00e3o prejudica a compet\u00eancia pedag\u00f3gica de partida em subida e descida com o ve\u00edculo, uma vez que poder\u00e1 continuar sendo trabalhada atrav\u00e9s de outros obst\u00e1culos que simulem essa condi\u00e7\u00e3o, de maneira segura e supervisionada pelos Centros de Forma\u00e7\u00e3o de Condutores (CFCs). \u201cSegundo an\u00e1lises t\u00e9cnicas, os outros obst\u00e1culos da pista s\u00e3o suficientes para avaliar o candidato quanto \u00e0 sua capacidade de pilotagem\u201d, disse o chefe do Departamento Executivo de Habilita\u00e7\u00e3o do Detran-PR, Larson Orlando.<\/p>\n\n\n\n<p>Segundo estat\u00edsticas do Detran-PR, 12.229 exames pr\u00e1ticos de moto foram realizados no Paran\u00e1 durante o m\u00eas de setembro. A acad\u00eamica de Engenharia de Software, Giovana Vincensi, estava entre os candidatos avaliados e aprovados nesta quarta-feira (22), na 1\u00aa Ciretran, em Curitiba. Ela busca a carteira de motorista categoria A para pilotar moto como hobby. Sobre a mudan\u00e7a com rela\u00e7\u00e3o \u00e0 rampa, ela destacou se tratar de uma regra que prioriza a seguran\u00e7a das pessoas. \u201cJ\u00e1 vi gente cair da moto nesse momento da prova, ent\u00e3o acho que foi uma decis\u00e3o importante, pensando no bem dos alunos\u201d, afirmou.<\/p>\n\n\n\n<p>Fernando Dimas Freitas dos Santos tamb\u00e9m passou pelo teste. Ele trabalha como gar\u00e7om e, com a CNH em m\u00e3os, pretende ingressar na carreira policial. A respeito da nova medida, ele acredita que facilitar\u00e1 para os alunos. \u201cSabendo que n\u00e3o teria o obst\u00e1culo da rampa eu fui mais seguro, mesmo sendo f\u00e1cil de transpor, voc\u00ea fica mais tranquilo. Tem pessoas que s\u00e3o mais nervosas, ent\u00e3o elas v\u00e3o poder ficar mais tranquilas para o exame\u201d, disse.<\/p>\n\n\n\n<p>AEN\/PR<\/p>\n","protected":false},"excerpt":{"rendered":"<p>O Departamento de Tr\u00e2nsito do Paran\u00e1 (Detran-PR) determinou a retirada do obst\u00e1culo tipo rampa das pistas de exame para obten\u00e7\u00e3o da Carteira Nacional de Habilita\u00e7\u00e3o (CNH) na categoria \u201cA\u201d, ou seja, para motos. A medida atende a uma necessidade de atualiza\u00e7\u00e3o dos padr\u00f5es operacionais e de infraestrutura, constatada ap\u00f3s an\u00e1lises t\u00e9cnicas do \u00f3rg\u00e3o, e est\u00e1 [&hellip;]<\/p>\n","protected":false},"author":2,"featured_media":73815,"comment_status":"open","ping_status":"open","sticky":false,"template":"","format":"standard","meta":{"advanced_seo_description":"","jetpack_seo_html_title":"","jetpack_seo_noindex":false,"_jetpack_memberships_contains_paid_content":false,"footnotes":""},"categories":[40],"tags":[],"class_list":{"0":"post-73814","1":"post","2":"type-post","3":"status-publish","4":"format-standard","5":"has-post-thumbnail","7":"category-destaques"},"jetpack_featured_media_url":"https:\/\/www.paranapraia.com.br\/wp-content\/uploads\/2025\/10\/18ea9-68f91100-5d-35fd1940.jpg","jetpack_sharing_enabled":true,"_links":{"self":[{"href":"https:\/\/www.paranapraia.com.br\/index.php\/wp-json\/wp\/v2\/posts\/73814"}],"collection":[{"href":"https:\/\/www.paranapraia.com.br\/index.php\/wp-json\/wp\/v2\/posts"}],"about":[{"href":"https:\/\/www.paranapraia.com.br\/index.php\/wp-json\/wp\/v2\/types\/post"}],"author":[{"embeddable":true,"href":"https:\/\/www.paranapraia.com.br\/index.php\/wp-json\/wp\/v2\/users\/2"}],"replies":[{"embeddable":true,"href":"https:\/\/www.paranapraia.com.br\/index.php\/wp-json\/wp\/v2\/comments?post=73814"}],"version-history":[{"count":1,"href":"https:\/\/www.paranapraia.com.br\/index.php\/wp-json\/wp\/v2\/posts\/73814\/revisions"}],"predecessor-version":[{"id":73816,"href":"https:\/\/www.paranapraia.com.br\/index.php\/wp-json\/wp\/v2\/posts\/73814\/revisions\/73816"}],"wp:featuredmedia":[{"embeddable":true,"href":"https:\/\/www.paranapraia.com.br\/index.php\/wp-json\/wp\/v2\/media\/73815"}],"wp:attachment":[{"href":"https:\/\/www.paranapraia.com.br\/index.php\/wp-json\/wp\/v2\/media?parent=73814"}],"wp:term":[{"taxonomy":"category","embeddable":true,"href":"https:\/\/www.paranapraia.com.br\/index.php\/wp-json\/wp\/v2\/categories?post=73814"},{"taxonomy":"post_tag","embeddable":true,"href":"https:\/\/www.paranapraia.com.br\/index.php\/wp-json\/wp\/v2\/tags?post=73814"}],"curies":[{"name":"wp","href":"https:\/\/api.w.org\/{rel}","templated":true}]}}