{"id":73727,"date":"2025-10-21T09:00:35","date_gmt":"2025-10-21T12:00:35","guid":{"rendered":"https:\/\/www.paranapraia.com.br\/?p=73727"},"modified":"2025-10-21T09:00:37","modified_gmt":"2025-10-21T12:00:37","slug":"com-leticia-ferreira-da-silva-ratinho-junior-indica-quarta-mulher-para-o-tjpr","status":"publish","type":"post","link":"https:\/\/www.paranapraia.com.br\/index.php\/2025\/10\/21\/com-leticia-ferreira-da-silva-ratinho-junior-indica-quarta-mulher-para-o-tjpr\/","title":{"rendered":"Com Leticia Ferreira da Silva, Ratinho Junior indica quarta mulher para o TJPR"},"content":{"rendered":"\n<p>O governador Carlos Massa Ratinho Junior assinou nesta segunda-feira (20) o decreto de nomea\u00e7\u00e3o de Leticia Ferreira da Silva para o cargo de desembargadora no Tribunal de Justi\u00e7a do Paran\u00e1 (TJPR). Ex-controladora-geral do Estado e ex-procuradora-geral do Estado, Leticia \u00e9 a quarta mulher indicada por Ratinho Junior dentre nove nomea\u00e7\u00f5es desde o in\u00edcio da gest\u00e3o dentro da pol\u00edtica do&nbsp;quinto constitucional.&nbsp;<\/p>\n\n\n\n<p>A nova desembargadora foi a mais votada pelo Tribunal Pleno do TJPR para forma\u00e7\u00e3o da lista tr\u00edplice, com 96 votos, concorrendo com os advogados Francisco Augusto Zardo Guedes e Helena de Toledo Coelho, que receberam 89 e 69 votos, respectivamente. Os tr\u00eas nomes foram encaminhados ao governador Ratinho Junior na \u00faltima semana.<\/p>\n\n\n\n<p>Eles concorreram dentro do quinto constitucional, da Ordem dos Advogados do Brasil &#8211; Se\u00e7\u00e3o Paran\u00e1 (OAB-PR), previsto no artigo 94 da Constitui\u00e7\u00e3o Federal. Esse \u00e9 um mecanismo de democratiza\u00e7\u00e3o do Poder Judici\u00e1rio, que garante que um quinto das vagas abertas deve ser destinado a integrantes do sistema de Justi\u00e7a que n\u00e3o sejam magistrados de carreira.<\/p>\n\n\n\n<p>Desde 2019, nove profissionais do Direito foram nomeados desembargadores pelo governador Ratinho Junior, sendo que quatro s\u00e3o mulheres, o que demonstra uma paridade nas indica\u00e7\u00f5es. A primeira nomea\u00e7\u00e3o, inclusive, foi de uma mulher, a hoje desembargadora Priscilla Placha S\u00e1, em 2019. Tamb\u00e9m foram escolhidas Ana Cl\u00e1udia Finger (2022) e Luciana Carneiro de Lara (2023).<\/p>\n\n\n\n<p>As demais nomea\u00e7\u00f5es dentro do quinto constitucional foram Cl\u00e1udio Smirne Diniz (2021), Eduardo Augusto Salom\u00e3o Cambi (2022), Andrei de Oliveira Rech (2022), Jos\u00e9 Am\u00e9rico Penteado de Carvalho (2022) e F\u00e1bio Lu\u00eds Franco (2024).<\/p>\n\n\n\n<p><strong>LET\u00cdCIA FERREIRA DA SILVA<\/strong>&nbsp;\u2013 Formada em Direito pela Universidade Estadual de Londrina (UEL), Leticia Ferreira da Silva iniciou carreira em 1996. Foi integrante do Conselho Superior da Procuradoria-Geral do Estado (PGE) no bi\u00eanio 2011\/2013. Participou do Grupo Permanente de An\u00e1lise Legislativa, a partir de 2017. Na PGE, tamb\u00e9m coordenou o Grupo Estrat\u00e9gico de Recupera\u00e7\u00e3o de Ativos (GERA), criado em 2016.<\/p>\n\n\n\n<p>Let\u00edcia Ferreira foi procuradora-chefe nas Procuradorias Regionais de Jacarezinho, Londrina e Maring\u00e1, exercendo a fun\u00e7\u00e3o, ap\u00f3s sua ida \u00e0 Curitiba, de coordenadora da Coordenadoria da D\u00edvida Ativa na Procuradoria Fiscal. Ocupou, ainda, a fun\u00e7\u00e3o de procuradora-chefe da Coordenadoria de Assuntos Fiscais e atuou na \u00e1rea de projetos e coordena\u00e7\u00e3o da recupera\u00e7\u00e3o de cr\u00e9ditos inscritos em d\u00edvida ativa e no contencioso fiscal.<\/p>\n\n\n\n<p>Atuou como procuradora-geral do Estado de 2019 a 2023, sendo nomeada em 2024 para o cargo de controladora-geral do Estado, onde permaneceu at\u00e9 junho deste ano.<\/p>\n\n\n\n<p>AEN\/PR<\/p>\n","protected":false},"excerpt":{"rendered":"<p>O governador Carlos Massa Ratinho Junior assinou nesta segunda-feira (20) o decreto de nomea\u00e7\u00e3o de Leticia Ferreira da Silva para o cargo de desembargadora no Tribunal de Justi\u00e7a do Paran\u00e1 (TJPR). Ex-controladora-geral do Estado e ex-procuradora-geral do Estado, Leticia \u00e9 a quarta mulher indicada por Ratinho Junior dentre nove nomea\u00e7\u00f5es desde o in\u00edcio da gest\u00e3o [&hellip;]<\/p>\n","protected":false},"author":2,"featured_media":73728,"comment_status":"open","ping_status":"open","sticky":false,"template":"","format":"standard","meta":{"advanced_seo_description":"","jetpack_seo_html_title":"","jetpack_seo_noindex":false,"_jetpack_memberships_contains_paid_content":false,"footnotes":""},"categories":[40],"tags":[],"class_list":{"0":"post-73727","1":"post","2":"type-post","3":"status-publish","4":"format-standard","5":"has-post-thumbnail","7":"category-destaques"},"jetpack_featured_media_url":"https:\/\/www.paranapraia.com.br\/wp-content\/uploads\/2025\/10\/psx_20251020_174654-scaled.jpg","jetpack_sharing_enabled":true,"_links":{"self":[{"href":"https:\/\/www.paranapraia.com.br\/index.php\/wp-json\/wp\/v2\/posts\/73727"}],"collection":[{"href":"https:\/\/www.paranapraia.com.br\/index.php\/wp-json\/wp\/v2\/posts"}],"about":[{"href":"https:\/\/www.paranapraia.com.br\/index.php\/wp-json\/wp\/v2\/types\/post"}],"author":[{"embeddable":true,"href":"https:\/\/www.paranapraia.com.br\/index.php\/wp-json\/wp\/v2\/users\/2"}],"replies":[{"embeddable":true,"href":"https:\/\/www.paranapraia.com.br\/index.php\/wp-json\/wp\/v2\/comments?post=73727"}],"version-history":[{"count":1,"href":"https:\/\/www.paranapraia.com.br\/index.php\/wp-json\/wp\/v2\/posts\/73727\/revisions"}],"predecessor-version":[{"id":73729,"href":"https:\/\/www.paranapraia.com.br\/index.php\/wp-json\/wp\/v2\/posts\/73727\/revisions\/73729"}],"wp:featuredmedia":[{"embeddable":true,"href":"https:\/\/www.paranapraia.com.br\/index.php\/wp-json\/wp\/v2\/media\/73728"}],"wp:attachment":[{"href":"https:\/\/www.paranapraia.com.br\/index.php\/wp-json\/wp\/v2\/media?parent=73727"}],"wp:term":[{"taxonomy":"category","embeddable":true,"href":"https:\/\/www.paranapraia.com.br\/index.php\/wp-json\/wp\/v2\/categories?post=73727"},{"taxonomy":"post_tag","embeddable":true,"href":"https:\/\/www.paranapraia.com.br\/index.php\/wp-json\/wp\/v2\/tags?post=73727"}],"curies":[{"name":"wp","href":"https:\/\/api.w.org\/{rel}","templated":true}]}}