{"id":73721,"date":"2025-10-20T17:46:55","date_gmt":"2025-10-20T20:46:55","guid":{"rendered":"https:\/\/www.paranapraia.com.br\/?p=73721"},"modified":"2025-10-20T17:47:31","modified_gmt":"2025-10-20T20:47:31","slug":"atracoes-do-verao-maior-parana-serao-reveladas-em-transmissao-com-surpresas","status":"publish","type":"post","link":"https:\/\/www.paranapraia.com.br\/index.php\/2025\/10\/20\/atracoes-do-verao-maior-parana-serao-reveladas-em-transmissao-com-surpresas\/","title":{"rendered":"Atra\u00e7\u00f5es do Ver\u00e3o Maior Paran\u00e1 ser\u00e3o reveladas em transmiss\u00e3o com surpresas"},"content":{"rendered":"\n<p>Ap\u00f3s grande expectativa nas redes sociais, o Governo do Paran\u00e1 anuncia nesta ter\u00e7a-feira (21) a programa\u00e7\u00e3o de shows do Ver\u00e3o Maior Paran\u00e1, o que permitir\u00e1 que fam\u00edlias de todo o Estado e outras Unidades da Federa\u00e7\u00e3o se organizem para acompanhar os artistas favoritos. A revela\u00e7\u00e3o dos artistas que v\u00e3o subir aos palcos de Matinhos e Pontal do Paran\u00e1 na temporada 2026 do maior festival de ver\u00e3o gratuito do Brasil acontece a partir das 19 horas nas redes sociais do Governo do Estado, no&nbsp;<a href=\"https:\/\/www.youtube.com\/c\/GovernoParan%C3%A1Oficial\" target=\"_blank\" rel=\"noreferrer noopener\">YouTube<\/a>&nbsp;e tamb\u00e9m na TV Paran\u00e1 Turismo. E ela ter\u00e1 surpresas.<\/p>\n\n\n\n<p>Ser\u00e3o cinco finais de semana com shows no Litoral do Estado, al\u00e9m de uma s\u00e9rie de eventos esportivos, recrea\u00e7\u00e3o e lazer para os veranistas. A expectativa \u00e9 que seja batido o n\u00famero de p\u00fablico da \u00faltima temporada, que reuniu\u00a0cerca de 2 milh\u00f5es de pessoas assistindo aos shows nacionais gratuitos.<\/p>\n\n\n\n<p>No ano passado, passaram pelos palcos do Ver\u00e3o Maior Paran\u00e1 grandes nomes da m\u00fasica brasileira, como Luan Santana, Tit\u00e3s, Jota Quest, Sorriso Maroto, P\u00e9ricles, Alexandre Pires, Rio Negro &amp; Solim\u00f5es, Michel Tel\u00f3, Matheus &amp; Kauan, Guilherme &amp; Santiago, Jo\u00e3o Bosco &amp; Vin\u00edcius, Fernando &amp; Sorocaba, C\u00e9sar Menotti &amp; Fabiano, Eduardo Costa, Felipe Ara\u00fajo, entre outros.<\/p>\n\n\n\n<p>Foi tamb\u00e9m em 2025 que o recorde de p\u00fablico em um \u00fanico show foi batido pelo cantor sertanejo Luan Santana, que levou 164 mil pessoas para as areias de Matinhos. Ele acumula tamb\u00e9m o terceiro lugar, com 136 mil na apresenta\u00e7\u00e3o que fez em 2024. Simone Mendes levou 152 mil moradores e veranistas para as areias de Matinhos em 2024, enquanto que Zez\u00e9 di Camargo &amp; Luciano aparecem em quarto lugar, com 119 mil pessoas. O top 5 \u00e9 completado pelos \u00edcones do samba e pagode Ra\u00e7a Negra, que levaram 110 mil em 2024.<\/p>\n\n\n\n<p>E a\u00a0temporada de ver\u00e3o no Paran\u00e1 n\u00e3o trouxe apenas lazer e entretenimento para turistas e moradores do Litoral. De acordo com um estudo do Instituto Paranaense de Desenvolvimento Econ\u00f4mico e Social (Ipardes), as a\u00e7\u00f5es do Ver\u00e3o Maior Paran\u00e1 resultaram em um\u00a0acr\u00e9scimo de R$ 152,9 milh\u00f5es no Produto Interno Bruto (PIB) do Estado, impulsionando a economia local e fortalecendo diversos setores produtivos.<\/p>\n\n\n\n<p>Al\u00e9m do crescimento econ\u00f4mico, a temporada gerou 2.335 empregos diretos e indiretos, beneficiando trabalhadores de diferentes \u00e1reas, como com\u00e9rcio, turismo e servi\u00e7os. O impacto positivo tamb\u00e9m refletiu na massa salarial, que teve um acr\u00e9scimo de R$ 64,6 milh\u00f5es, garantindo maior circula\u00e7\u00e3o de renda nas cidades litor\u00e2neas e do Noroeste do Estado, onde se concentraram as a\u00e7\u00f5es do Ver\u00e3o Maior Paran\u00e1.<\/p>\n\n\n\n<p>AEN\/PR<\/p>\n","protected":false},"excerpt":{"rendered":"<p>Ap\u00f3s grande expectativa nas redes sociais, o Governo do Paran\u00e1 anuncia nesta ter\u00e7a-feira (21) a programa\u00e7\u00e3o de shows do Ver\u00e3o Maior Paran\u00e1, o que permitir\u00e1 que fam\u00edlias de todo o Estado e outras Unidades da Federa\u00e7\u00e3o se organizem para acompanhar os artistas favoritos. A revela\u00e7\u00e3o dos artistas que v\u00e3o subir aos palcos de Matinhos e [&hellip;]<\/p>\n","protected":false},"author":2,"featured_media":73722,"comment_status":"open","ping_status":"open","sticky":false,"template":"","format":"standard","meta":{"advanced_seo_description":"","jetpack_seo_html_title":"","jetpack_seo_noindex":false,"_jetpack_memberships_contains_paid_content":false,"footnotes":""},"categories":[40],"tags":[],"class_list":{"0":"post-73721","1":"post","2":"type-post","3":"status-publish","4":"format-standard","5":"has-post-thumbnail","7":"category-destaques"},"jetpack_featured_media_url":"https:\/\/www.paranapraia.com.br\/wp-content\/uploads\/2025\/10\/dji_20250221221713_0062_d-aprimorado-nr-scaled.jpg","jetpack_sharing_enabled":true,"_links":{"self":[{"href":"https:\/\/www.paranapraia.com.br\/index.php\/wp-json\/wp\/v2\/posts\/73721"}],"collection":[{"href":"https:\/\/www.paranapraia.com.br\/index.php\/wp-json\/wp\/v2\/posts"}],"about":[{"href":"https:\/\/www.paranapraia.com.br\/index.php\/wp-json\/wp\/v2\/types\/post"}],"author":[{"embeddable":true,"href":"https:\/\/www.paranapraia.com.br\/index.php\/wp-json\/wp\/v2\/users\/2"}],"replies":[{"embeddable":true,"href":"https:\/\/www.paranapraia.com.br\/index.php\/wp-json\/wp\/v2\/comments?post=73721"}],"version-history":[{"count":1,"href":"https:\/\/www.paranapraia.com.br\/index.php\/wp-json\/wp\/v2\/posts\/73721\/revisions"}],"predecessor-version":[{"id":73723,"href":"https:\/\/www.paranapraia.com.br\/index.php\/wp-json\/wp\/v2\/posts\/73721\/revisions\/73723"}],"wp:featuredmedia":[{"embeddable":true,"href":"https:\/\/www.paranapraia.com.br\/index.php\/wp-json\/wp\/v2\/media\/73722"}],"wp:attachment":[{"href":"https:\/\/www.paranapraia.com.br\/index.php\/wp-json\/wp\/v2\/media?parent=73721"}],"wp:term":[{"taxonomy":"category","embeddable":true,"href":"https:\/\/www.paranapraia.com.br\/index.php\/wp-json\/wp\/v2\/categories?post=73721"},{"taxonomy":"post_tag","embeddable":true,"href":"https:\/\/www.paranapraia.com.br\/index.php\/wp-json\/wp\/v2\/tags?post=73721"}],"curies":[{"name":"wp","href":"https:\/\/api.w.org\/{rel}","templated":true}]}}