{"id":73718,"date":"2025-10-20T17:45:12","date_gmt":"2025-10-20T20:45:12","guid":{"rendered":"https:\/\/www.paranapraia.com.br\/?p=73718"},"modified":"2025-10-20T17:45:15","modified_gmt":"2025-10-20T20:45:15","slug":"espetaculo-infantil-flautista-de-hamelin-chega-a-paranagua-com-apresentacoes-gratuitas","status":"publish","type":"post","link":"https:\/\/www.paranapraia.com.br\/index.php\/2025\/10\/20\/espetaculo-infantil-flautista-de-hamelin-chega-a-paranagua-com-apresentacoes-gratuitas\/","title":{"rendered":"Espet\u00e1culo infantil &#8220;Flautista de Hamelin&#8221; chega a Paranagu\u00e1 com apresenta\u00e7\u00f5es gratuitas"},"content":{"rendered":"\n<p><em>Teatro do Clube Ol\u00edmpico vai receber a pe\u00e7a nos dias 24 e 25 de outubro, com uma releitura do cl\u00e1ssico infantil assinada pela Cia do Abra\u00e7\u00e3o<\/em><\/p>\n\n\n\n<p>\u00a0&#8220;Era uma vez&#8230;&#8221;. \u00c9 desta forma que hist\u00f3rias infantis como contos de fadas e f\u00e1bulas eram introduzidas \u00e0s crian\u00e7as num passado recente. Os tempos s\u00e3o outros e as hist\u00f3rias tamb\u00e9m; e com o objetivo de contextualizar cl\u00e1ssicos de literatura infantil dentro de dilemas contempor\u00e2neos, a Guanabara Produ\u00e7\u00e3o Cultural e o Minist\u00e9rio da Cultura apresentam, por meio da Lei Federal de Incentivo \u00e0 Cultura, a 4\u00aa edi\u00e7\u00e3o do Festival Infantil &#8220;Era uma vez&#8230; Eram duas, eram tr\u00eas&#8221;.<\/p>\n\n\n\n<p>As apresenta\u00e7\u00f5es come\u00e7aram em abril, com montagens adaptadas pela companhia de teatro Cia Abra\u00e7\u00e3o. Ao longo de 2025, ser\u00e3o 18 apresenta\u00e7\u00f5es gratuitas, com seis espet\u00e1culos diferentes, no&nbsp;Teatro do Clube Ol\u00edmpico, em Paranagu\u00e1.&nbsp;Na sexta e \u00faltima atra\u00e7\u00e3o do megafestival, que estar\u00e1 em cartaz nos pr\u00f3ximos dias 24 e 25 de outubro, o p\u00fablico ter\u00e1 a oportunidade de conferir uma adapta\u00e7\u00e3o do cl\u00e1ssico &#8220;Flautista de Hamelin&#8221;.<\/p>\n\n\n\n<p>A diretora criativa da Guanabara Produ\u00e7\u00e3o Cultural, Carolina Montenegro, destaca que a proposta do festival \u00e9 fazer com que as fam\u00edlias se identifiquem com os personagens e di\u00e1logos. Temas como diversidade, inclus\u00e3o, educa\u00e7\u00e3o, tecnologia e sustentabilidade s\u00e3o trabalhados. &#8220;Queremos cumprir o papel do teatro em levar as cenas para fora dos palcos e ser um espa\u00e7o de transforma\u00e7\u00e3o por meio da arte&#8221;, comenta. A execu\u00e7\u00e3o dos espet\u00e1culos conta com mais de 150 pessoas envolvidas entre artistas, produtores e equipe t\u00e9cnica, um quadro t\u00e9cnico altamente capacitado, para garantir uma experi\u00eancia \u00fanica e inesquec\u00edvel para as fam\u00edlias.<\/p>\n\n\n\n<p>Tendo como inspira\u00e7\u00e3o o cl\u00e1ssico &#8220;O Flautista de Hamelin&#8221;, a Cia. do Abra\u00e7\u00e3o fez sua releitura, adaptando-o para o original &#8220;O Flautista de Ramelim&#8221;, ambientado no sert\u00e3o brasileiro. Misturando literatura de cordel, m\u00fasica regional e elementos da cultura popular, o espet\u00e1culo prop\u00f5e uma reflex\u00e3o sobre a valoriza\u00e7\u00e3o da arte, da inf\u00e2ncia e dos valores humanos. Na pequena cidade de Ramelim, infestada por ratos, o prefeito Raimundo contrata o flautista Joaquim \u2014 que toca um p\u00edfano \u2014 para resolver o problema, mas, ap\u00f3s cumprir sua miss\u00e3o, ele \u00e9 enganado pelo prefeito, que se recusa a pag\u00e1-lo. Consolado pelas crian\u00e7as da cidade, v\u00edtimas da explora\u00e7\u00e3o e do abandono, Joaquim parte com elas rumo \u00e0 simb\u00f3lica &#8220;Montanha do Meio do Mundo&#8221;, onde prevalecem a justi\u00e7a e o afeto. Nesta vers\u00e3o, elementos da cultura nordestina, como a literatura de cordel, ritmos como o xaxado e o c\u00f4co, suas express\u00f5es em dan\u00e7a e a figura do cangaceiro s\u00e3o incorporados para contextualizar a narrativa e celebrar o poder transformador da arte.<\/p>\n\n\n\n<p>Confira a agenda completa do festival &#8220;Era uma vez&#8230;Eram duas&#8230;Eram tr\u00eas&#8221; na cidade de Paranagu\u00e1:\u202f&nbsp;&nbsp;<\/p>\n\n\n\n<p>\u00b7&nbsp;&nbsp;&nbsp;&nbsp;&nbsp;&nbsp;&nbsp;&nbsp;&nbsp;&nbsp;&nbsp;&nbsp;&nbsp;&nbsp;&nbsp;&nbsp;&nbsp;&nbsp;&nbsp;&nbsp;&nbsp;O M\u00e1gico de Oss: 25 e 26 de abril &#8211; J\u00c1 REALIZADO&nbsp;<\/p>\n\n\n\n<p>\u00b7&nbsp;&nbsp;&nbsp;&nbsp;&nbsp;&nbsp;&nbsp;&nbsp;&nbsp;&nbsp;&nbsp;&nbsp;&nbsp;&nbsp;&nbsp;&nbsp;&nbsp;&nbsp;&nbsp;&nbsp;&nbsp;A Bela e a Fera: 16 e 17 de maio &#8211; J\u00c1 REALIZADO&nbsp;<\/p>\n\n\n\n<p>\u00b7&nbsp;&nbsp;&nbsp;&nbsp;&nbsp;&nbsp;&nbsp;&nbsp;&nbsp;&nbsp;&nbsp;&nbsp;&nbsp;&nbsp;&nbsp;&nbsp;&nbsp;&nbsp;&nbsp;&nbsp;&nbsp;Pin\u00f3quio: 27 e 28 de junho&nbsp;&#8211; J\u00c1 REALIZADO<\/p>\n\n\n\n<p>\u00b7&nbsp;&nbsp;&nbsp;&nbsp;&nbsp;&nbsp;&nbsp;&nbsp;&nbsp;&nbsp;&nbsp;&nbsp;&nbsp;&nbsp;&nbsp;&nbsp;&nbsp;&nbsp;&nbsp;&nbsp;&nbsp;Alice no Pa\u00eds das Maravilhas &#8211; J\u00c1 REALIZADO<\/p>\n\n\n\n<p>\u00b7&nbsp;&nbsp;&nbsp;&nbsp;&nbsp;&nbsp;&nbsp;&nbsp;&nbsp;&nbsp;&nbsp;&nbsp;&nbsp;&nbsp;&nbsp;&nbsp;&nbsp;&nbsp;&nbsp;&nbsp;&nbsp;Peter Pan: J\u00c1 REALIZADO&nbsp;<\/p>\n\n\n\n<p>\u00b7&nbsp;&nbsp;&nbsp;&nbsp;&nbsp;&nbsp;&nbsp;&nbsp;&nbsp;&nbsp;&nbsp;&nbsp;&nbsp;&nbsp;&nbsp;&nbsp;&nbsp;&nbsp;&nbsp;&nbsp;&nbsp;Flautista de Hamelin: 24 e 25 de outubro&nbsp;&nbsp;<\/p>\n\n\n\n<p><strong><u>Servi\u00e7o:<\/u><\/strong>&nbsp;<\/p>\n\n\n\n<p><strong>Flautista de Hamelin &#8211; Festival Era uma vez&#8230;Eram duas&#8230;Eram tr\u00eas<\/strong>&nbsp;<\/p>\n\n\n\n<p><strong>Quando:<\/strong>&nbsp;dias 24 (9h30 e 14h30) e 25 (15h) de setembro<\/p>\n\n\n\n<p><strong>Local:<\/strong>&nbsp;Teatro do Clube Ol\u00edmpico (Rua Visconde de Nacar, 681)&nbsp;<\/p>\n\n\n\n<p><strong>Retire seu ingresso na plataforma Sympla:&nbsp;<\/strong><a href=\"http:\/\/www.sympla.com.br\/\" target=\"_blank\" rel=\"noreferrer noopener\"><strong>www.sympla.com.br<\/strong><\/a><strong>&nbsp;<\/strong>&nbsp;<\/p>\n\n\n\n<p>Assessoria<\/p>\n","protected":false},"excerpt":{"rendered":"<p>Teatro do Clube Ol\u00edmpico vai receber a pe\u00e7a nos dias 24 e 25 de outubro, com uma releitura do cl\u00e1ssico infantil assinada pela Cia do Abra\u00e7\u00e3o \u00a0&#8220;Era uma vez&#8230;&#8221;. \u00c9 desta forma que hist\u00f3rias infantis como contos de fadas e f\u00e1bulas eram introduzidas \u00e0s crian\u00e7as num passado recente. Os tempos s\u00e3o outros e as hist\u00f3rias [&hellip;]<\/p>\n","protected":false},"author":2,"featured_media":73719,"comment_status":"open","ping_status":"open","sticky":false,"template":"","format":"standard","meta":{"advanced_seo_description":"","jetpack_seo_html_title":"","jetpack_seo_noindex":false,"_jetpack_memberships_contains_paid_content":false,"footnotes":""},"categories":[77],"tags":[],"class_list":{"0":"post-73718","1":"post","2":"type-post","3":"status-publish","4":"format-standard","5":"has-post-thumbnail","7":"category-paranagua"},"jetpack_featured_media_url":"https:\/\/www.paranapraia.com.br\/wp-content\/uploads\/2025\/10\/foto-ensaio-Hamelin-1.jpg","jetpack_sharing_enabled":true,"_links":{"self":[{"href":"https:\/\/www.paranapraia.com.br\/index.php\/wp-json\/wp\/v2\/posts\/73718"}],"collection":[{"href":"https:\/\/www.paranapraia.com.br\/index.php\/wp-json\/wp\/v2\/posts"}],"about":[{"href":"https:\/\/www.paranapraia.com.br\/index.php\/wp-json\/wp\/v2\/types\/post"}],"author":[{"embeddable":true,"href":"https:\/\/www.paranapraia.com.br\/index.php\/wp-json\/wp\/v2\/users\/2"}],"replies":[{"embeddable":true,"href":"https:\/\/www.paranapraia.com.br\/index.php\/wp-json\/wp\/v2\/comments?post=73718"}],"version-history":[{"count":1,"href":"https:\/\/www.paranapraia.com.br\/index.php\/wp-json\/wp\/v2\/posts\/73718\/revisions"}],"predecessor-version":[{"id":73720,"href":"https:\/\/www.paranapraia.com.br\/index.php\/wp-json\/wp\/v2\/posts\/73718\/revisions\/73720"}],"wp:featuredmedia":[{"embeddable":true,"href":"https:\/\/www.paranapraia.com.br\/index.php\/wp-json\/wp\/v2\/media\/73719"}],"wp:attachment":[{"href":"https:\/\/www.paranapraia.com.br\/index.php\/wp-json\/wp\/v2\/media?parent=73718"}],"wp:term":[{"taxonomy":"category","embeddable":true,"href":"https:\/\/www.paranapraia.com.br\/index.php\/wp-json\/wp\/v2\/categories?post=73718"},{"taxonomy":"post_tag","embeddable":true,"href":"https:\/\/www.paranapraia.com.br\/index.php\/wp-json\/wp\/v2\/tags?post=73718"}],"curies":[{"name":"wp","href":"https:\/\/api.w.org\/{rel}","templated":true}]}}