{"id":73649,"date":"2025-10-18T12:51:44","date_gmt":"2025-10-18T15:51:44","guid":{"rendered":"https:\/\/www.paranapraia.com.br\/?p=73649"},"modified":"2025-10-18T12:51:46","modified_gmt":"2025-10-18T15:51:46","slug":"parana-recebe-certificacoes-pelo-combate-a-transmissao-vertical-do-hiv-sifilis-e-hepatite-b","status":"publish","type":"post","link":"https:\/\/www.paranapraia.com.br\/index.php\/2025\/10\/18\/parana-recebe-certificacoes-pelo-combate-a-transmissao-vertical-do-hiv-sifilis-e-hepatite-b\/","title":{"rendered":"Paran\u00e1 recebe certifica\u00e7\u00f5es pelo combate \u00e0 transmiss\u00e3o vertical do HIV, s\u00edfilis e hepatite B"},"content":{"rendered":"\n<p>O Governo do Paran\u00e1, por meio de a\u00e7\u00f5es da Secretaria da Sa\u00fade (Sesa), foi reconhecido nesta semana pelo Minist\u00e9rio da Sa\u00fade pelo desempenho no combate \u00e0 transmiss\u00e3o de s\u00edfilis, HIV e Hepatite B de m\u00e3e para filho (vertical). O Estado foi mais uma vez certificado com o &#8220;selo de elimina\u00e7\u00e3o&#8221; da transmiss\u00e3o vertical do HIV. Tamb\u00e9m recebeu a recertifica\u00e7\u00e3o com o Selo Bronze por &#8220;boas pr\u00e1ticas rumo \u00e0 elimina\u00e7\u00e3o&#8221; da transmiss\u00e3o vertical da s\u00edfilis e da hepatite B.&nbsp;<\/p>\n\n\n\n<p>A reuni\u00e3o virtual de reconhecimento aconteceu durante dois dias e teve a presen\u00e7a de todas as \u00e1reas envolvidas: Minist\u00e9rio da Sa\u00fade, Equipe Nacional de Valida\u00e7\u00e3o (ENV) e representantes da sociedade civil.<\/p>\n\n\n\n<p>A transmiss\u00e3o vertical ocorre quando a doen\u00e7a passa da m\u00e3e para o filho no \u00fatero, parto ou no p\u00f3s-parto. Quando as orienta\u00e7\u00f5es e tratamentos recomendados s\u00e3o seguidos, as m\u00e3es que vivem com v\u00edrus reduzem a chance de transmiss\u00e3o da doen\u00e7a para o beb\u00ea. No caso do HIV, por exemplo, com os cuidados adequados, o risco \u00e9 de apenas 1%.<\/p>\n\n\n\n<p>Para o secret\u00e1rio estadual da Sa\u00fade em exerc\u00edcio, C\u00e9sar Neves, o reconhecimento reflete o trabalho cont\u00ednuo e a dedica\u00e7\u00e3o do Paran\u00e1 em fortalecer as pol\u00edticas de sa\u00fade. \u201cA transmiss\u00e3o vertical da s\u00edfilis \u00e9 um grave problema de sa\u00fade p\u00fablica que pode causar s\u00e9rias complica\u00e7\u00f5es ao rec\u00e9m-nascido, incluindo malforma\u00e7\u00f5es, cegueira, surdez e at\u00e9 a morte. A recertifica\u00e7\u00e3o demonstra que o Paran\u00e1 tem mantido e aprimorado suas estrat\u00e9gias de preven\u00e7\u00e3o e controle\u201d, destacou.<\/p>\n\n\n\n<p>\u201cSomos um dos poucos estados do Brasil que conseguiram esse pareamento, isto \u00e9, com tr\u00eas certifica\u00e7\u00f5es, uma de&nbsp;elimina\u00e7\u00e3o&nbsp;com dois selos&nbsp;rumo \u00e0 elimina\u00e7\u00e3o. Seguimos avan\u00e7ando nesta qualifica\u00e7\u00e3o da assist\u00eancia prestada em todo o Paran\u00e1\u201d, ressaltou a chefe da Divis\u00e3o de Doen\u00e7as Cr\u00f4nicas ISTs da Secret\u00e1ria de Estado da Sa\u00fade (Sesa), Mara Franzolo.<\/p>\n\n\n\n<p>Juliana Moreno, do Departamento de HIV\/Aids, Tuberculose, Hepatites Virais e Infec\u00e7\u00f5es Sexualmente Transmiss\u00edveis do Minist\u00e9rio da Sa\u00fade, respons\u00e1vel pelo parecer que concedeu a recertifica\u00e7\u00e3o ao Paran\u00e1, elogiou o desempenho do Estado.<\/p>\n\n\n\n<p>&#8220;Parabenizamos o Paran\u00e1 por todo o trabalho que vem desempenhando ao longo do tempo, demonstrando compromisso com a sa\u00fade p\u00fablica e com a elimina\u00e7\u00e3o da transmiss\u00e3o vertical. Ressaltamos que o papel do Estado, em articula\u00e7\u00e3o com seus munic\u00edpios, \u00e9 fundamental durante todo o processo, assim como o desenvolvimento de a\u00e7\u00f5es na inst\u00e2ncia tripartite, que fortalece a estrat\u00e9gia do Sistema \u00danico de Sa\u00fade (SUS) rumo \u00e0 elimina\u00e7\u00e3o da transmiss\u00e3o vertical&#8221;, disse.<\/p>\n\n\n\n<p><strong>CRIT\u00c9RIOS<\/strong>&nbsp;\u2013 Para obten\u00e7\u00e3o das certifica\u00e7\u00f5es, o Minist\u00e9rio da Sa\u00fade avalia os indicadores de impacto da incid\u00eancia de s\u00edfilis cong\u00eanita, incid\u00eancia de infec\u00e7\u00e3o pelo HIV em crian\u00e7as, taxa de transmiss\u00e3o vertical de HIV, taxa de detec\u00e7\u00e3o de hepatite em crian\u00e7as menor de 5 anos e, indicadores de processo como propor\u00e7\u00e3o de gestantes com pelo menos quatro consultas de pr\u00e9-natal, propor\u00e7\u00e3o de gestantes com pelo menos um teste de HIV e\/ou s\u00edfilis durante o pr\u00e9-natal, propor\u00e7\u00e3o de gestantes em uso de terapia antirretroviral e propor\u00e7\u00e3o de gestantes com tratamento adequado de s\u00edfilis.<\/p>\n\n\n\n<p>Al\u00e9m da visibilidade para as boas pr\u00e1ticas, a certifica\u00e7\u00e3o garante que o Estado esteja em conson\u00e2ncia com organismos internacionais, como a Organiza\u00e7\u00e3o Pan-Americana da Sa\u00fade (Opas) e Organiza\u00e7\u00e3o Mundial da Sa\u00fade (OMS).<\/p>\n\n\n\n<p><strong>A\u00c7\u00d5ES PR\u00c1TICAS<\/strong>&nbsp;\u2013 O reconhecimento do Minist\u00e9rio da Sa\u00fade refor\u00e7a a import\u00e2ncia da colabora\u00e7\u00e3o entre as esferas governamentais e a atua\u00e7\u00e3o integrada do SUS para alcan\u00e7ar resultados na sa\u00fade maternoinfantil. &#8220;O compromisso do Paran\u00e1 com a elimina\u00e7\u00e3o da transmiss\u00e3o vertical de HIV, s\u00edfilis e hepatite B \u00e9 uma evid\u00eancia da estrutura robusta de sua Aten\u00e7\u00e3o Prim\u00e1ria \u00e0 Sa\u00fade&#8221;, afirmou C\u00e9sar Neves.<\/p>\n\n\n\n<p>\u201cEsse resultado \u00e9 fruto do trabalho integrado da Linha de Cuidado Maternoinfantil. O Paran\u00e1 cumpre todos os crit\u00e9rios exigidos e se destaca nacionalmente pelo n\u00famero de consultas de pr\u00e9-natal. O compromisso \u00e9 cont\u00ednuo e o Estado segue avan\u00e7ando na qualifica\u00e7\u00e3o e excel\u00eancia da assist\u00eancia em todo o territ\u00f3rio paranaense\u201d, explicou a diretora de Aten\u00e7\u00e3o e Vigil\u00e2ncia em Sa\u00fade da Sesa, Maria Goretti David Lopes.<\/p>\n\n\n\n<p>Desde 2019, o Paran\u00e1 desenvolve estrat\u00e9gias de redu\u00e7\u00e3o do risco de exposi\u00e7\u00e3o, como monitoramento, busca ativa dos casos, qualifica\u00e7\u00e3o do banco de dados, compartilhamento de informa\u00e7\u00f5es, capacita\u00e7\u00f5es, distribui\u00e7\u00e3o de insumos para preven\u00e7\u00e3o e disponibiliza\u00e7\u00e3o de testes r\u00e1pidos para detec\u00e7\u00e3o precoce nos 399 munic\u00edpios paranaenses.<\/p>\n\n\n\n<p><strong>REDE<\/strong>&nbsp;\u2013 Atualmente, o Paran\u00e1 conta com uma rede de atendimento com&nbsp;2.739 estabelecimentos da Aten\u00e7\u00e3o Prim\u00e1ria \u00e0 Sa\u00fade (APS) cadastrados, incluindo 2.105 Unidades B\u00e1sicas de Sa\u00fade\/Centros Municipais de Sa\u00fade e 634 Postos de Sa\u00fade. Nesses locais, atuam 2.868 equipes de Estrat\u00e9gia de Sa\u00fade da Fam\u00edlia (ESF) e 492 equipes de Aten\u00e7\u00e3o Prim\u00e1ria (AP), que juntas alcan\u00e7am uma cobertura potencial de 93,92% da popula\u00e7\u00e3o paranaense.<\/p>\n\n\n\n<p>Os resultados desses investimentos s\u00e3o vis\u00edveis na produ\u00e7\u00e3o da equipe da APS. Houve um aumento expressivo no n\u00famero de atendimentos para Infec\u00e7\u00f5es&nbsp;Sexualmente Transmiss\u00edveis (ISTs), passando de 43.605 em 2018 para 79.392 em 2024, conforme dados extra\u00eddos do Sistema de Informa\u00e7\u00e3o em Sa\u00fade para a Aten\u00e7\u00e3o B\u00e1sica (Sisab).<\/p>\n\n\n\n<p>O n\u00famero de testes r\u00e1pidos para s\u00edfilis realizados na APS saltou no per\u00edodo de 83.104 em 2020 para 185.829 em 2024, por exemplo, o que representa um crescimento de 123,6%. O volume de testes de HIV tamb\u00e9m aumentou de 83.487 para 188.933 e de hepatite B de 71.744 para 180.837 no mesmo per\u00edodo.<\/p>\n\n\n\n<p><strong>REFER\u00caNCIA NACIONAL&nbsp;<\/strong>\u2013&nbsp;O Paran\u00e1 tem protagonismo nacional no enfrentamento da transmiss\u00e3o vertical de infec\u00e7\u00f5es como a s\u00edfilis e o HIV. Em 2017, o Paran\u00e1 foi destaque nacional por ser o primeiro estado a receber a certifica\u00e7\u00e3o da elimina\u00e7\u00e3o da Transmiss\u00e3o Vertical do HIV, no munic\u00edpio de Curitiba. Em 2022, por meio do munic\u00edpio de Guarapuava, figurou como o primeiro a receber dupla certifica\u00e7\u00e3o da elimina\u00e7\u00e3o vertical do HIV e s\u00edfilis.<\/p>\n\n\n\n<p>Diversos munic\u00edpios paranaenses j\u00e1 se destacam nacionalmente pelas conquistas nas a\u00e7\u00f5es de elimina\u00e7\u00e3o da transmiss\u00e3o vertical de infec\u00e7\u00f5es. Umuarama, Pinhais, Maring\u00e1 e Ponta Grossa possuem certifica\u00e7\u00e3o de elimina\u00e7\u00e3o da transmiss\u00e3o vertical do HIV, sendo que Pinhais, Curitiba e Umuarama j\u00e1 contam com o selo prata de boas pr\u00e1ticas para elimina\u00e7\u00e3o da s\u00edfilis.<\/p>\n\n\n\n<p>Toledo recebeu certificado de elimina\u00e7\u00e3o do HIV e da s\u00edfilis; e Apucarana, Colombo, Almirante Tamandar\u00e9 e Foz do Igua\u00e7u receberam selos de elimina\u00e7\u00e3o&nbsp; do HIV. Arapongas foi reconhecida com o selo prata de HIV e s\u00edfilis, enquanto Cascavel e S\u00e3o Jos\u00e9 dos Pinhais conquistaram o selo prata de HIV.<\/p>\n\n\n\n<p>Alguns munic\u00edpios do Paran\u00e1 ser\u00e3o os pr\u00f3ximos a receber certifica\u00e7\u00f5es que reconhecem os avan\u00e7os no controle e elimina\u00e7\u00e3o da transmiss\u00e3o vertical dessas infec\u00e7\u00f5es: Maring\u00e1, S\u00e3o Jos\u00e9 dos Pinhais, Camb\u00e9 e Cascavel receber\u00e3o o Certificado de Elimina\u00e7\u00e3o da Transmiss\u00e3o Vertical do HIV, enquanto S\u00e3o Jos\u00e9 dos Pinhais tamb\u00e9m ser\u00e1 contemplado com o Certificado de Elimina\u00e7\u00e3o da Transmiss\u00e3o Vertical da S\u00edfilis.<\/p>\n\n\n\n<p>Cascavel e Maring\u00e1 receber\u00e3o, respectivamente, os selos bronze e prata de controle da transmiss\u00e3o vertical da s\u00edfilis. Cascavel, Colombo e S\u00e3o Jos\u00e9 dos Pinhais receber\u00e3o o selo bronze pelo controle da transmiss\u00e3o vertical da hepatite B.<\/p>\n\n\n\n<p><strong>OUTUBRO VERDE<\/strong>&nbsp;\u2013 Celebrado no terceiro s\u00e1bado de outubro, o Dia Nacional de Combate \u00e0 S\u00edfilis e \u00e0 S\u00edfilis Cong\u00eanita busca conscientizar a popula\u00e7\u00e3o sobre a preven\u00e7\u00e3o, diagn\u00f3stico precoce e tratamento adequado da doen\u00e7a, refor\u00e7ando a import\u00e2ncia de a\u00e7\u00f5es como as que s\u00e3o desenvolvidas. O estado foi destaque em 2023, quando ficou entre os quatro estados reconhecidos pela elimina\u00e7\u00e3o da transmiss\u00e3o vertical de HIV e s\u00edfilis e em 2021, quando 210 munic\u00edpios paranaenses eliminaram a transmiss\u00e3o vertical da s\u00edfilis, em um processo de avalia\u00e7\u00e3o estadual.<\/p>\n\n\n\n<p>AEN\/PR<\/p>\n","protected":false},"excerpt":{"rendered":"<p>O Governo do Paran\u00e1, por meio de a\u00e7\u00f5es da Secretaria da Sa\u00fade (Sesa), foi reconhecido nesta semana pelo Minist\u00e9rio da Sa\u00fade pelo desempenho no combate \u00e0 transmiss\u00e3o de s\u00edfilis, HIV e Hepatite B de m\u00e3e para filho (vertical). O Estado foi mais uma vez certificado com o &#8220;selo de elimina\u00e7\u00e3o&#8221; da transmiss\u00e3o vertical do HIV. [&hellip;]<\/p>\n","protected":false},"author":2,"featured_media":73650,"comment_status":"open","ping_status":"open","sticky":false,"template":"","format":"standard","meta":{"advanced_seo_description":"","jetpack_seo_html_title":"","jetpack_seo_noindex":false,"_jetpack_memberships_contains_paid_content":false,"footnotes":""},"categories":[50],"tags":[],"class_list":{"0":"post-73649","1":"post","2":"type-post","3":"status-publish","4":"format-standard","5":"has-post-thumbnail","7":"category-saude"},"jetpack_featured_media_url":"https:\/\/www.paranapraia.com.br\/wp-content\/uploads\/2025\/10\/reuniao_com_ministerio_da_saude_e_equipe_nacional_de_validacao_-_foto_sesa.jpg","jetpack_sharing_enabled":true,"_links":{"self":[{"href":"https:\/\/www.paranapraia.com.br\/index.php\/wp-json\/wp\/v2\/posts\/73649"}],"collection":[{"href":"https:\/\/www.paranapraia.com.br\/index.php\/wp-json\/wp\/v2\/posts"}],"about":[{"href":"https:\/\/www.paranapraia.com.br\/index.php\/wp-json\/wp\/v2\/types\/post"}],"author":[{"embeddable":true,"href":"https:\/\/www.paranapraia.com.br\/index.php\/wp-json\/wp\/v2\/users\/2"}],"replies":[{"embeddable":true,"href":"https:\/\/www.paranapraia.com.br\/index.php\/wp-json\/wp\/v2\/comments?post=73649"}],"version-history":[{"count":1,"href":"https:\/\/www.paranapraia.com.br\/index.php\/wp-json\/wp\/v2\/posts\/73649\/revisions"}],"predecessor-version":[{"id":73651,"href":"https:\/\/www.paranapraia.com.br\/index.php\/wp-json\/wp\/v2\/posts\/73649\/revisions\/73651"}],"wp:featuredmedia":[{"embeddable":true,"href":"https:\/\/www.paranapraia.com.br\/index.php\/wp-json\/wp\/v2\/media\/73650"}],"wp:attachment":[{"href":"https:\/\/www.paranapraia.com.br\/index.php\/wp-json\/wp\/v2\/media?parent=73649"}],"wp:term":[{"taxonomy":"category","embeddable":true,"href":"https:\/\/www.paranapraia.com.br\/index.php\/wp-json\/wp\/v2\/categories?post=73649"},{"taxonomy":"post_tag","embeddable":true,"href":"https:\/\/www.paranapraia.com.br\/index.php\/wp-json\/wp\/v2\/tags?post=73649"}],"curies":[{"name":"wp","href":"https:\/\/api.w.org\/{rel}","templated":true}]}}