{"id":73643,"date":"2025-10-17T16:02:09","date_gmt":"2025-10-17T19:02:09","guid":{"rendered":"https:\/\/www.paranapraia.com.br\/?p=73643"},"modified":"2025-10-17T16:02:11","modified_gmt":"2025-10-17T19:02:11","slug":"de-olho-no-verao-fomento-parana-abre-condicoes-especiais-de-credito-nas-cidades-do-litoral","status":"publish","type":"post","link":"https:\/\/www.paranapraia.com.br\/index.php\/2025\/10\/17\/de-olho-no-verao-fomento-parana-abre-condicoes-especiais-de-credito-nas-cidades-do-litoral\/","title":{"rendered":"De olho no ver\u00e3o: Fomento Paran\u00e1 abre condi\u00e7\u00f5es especiais de cr\u00e9dito nas cidades do Litoral"},"content":{"rendered":"\n<p>A Fomento Paran\u00e1, institui\u00e7\u00e3o financeira do Governo do Estado, apresentou em Morretes nesta sexta-feira (17) condi\u00e7\u00f5es especiais para duas linhas de cr\u00e9dito do programa Juros Baixos Paran\u00e1 com objetivo de ajudar pequenos neg\u00f3cios a preparar seus estabelecimentos para o Ver\u00e3o Maior Paran\u00e1 nos munic\u00edpios litor\u00e2neos. O encontro foi organizado em parceria com a Associa\u00e7\u00e3o dos Munic\u00edpios do Litoral (Amlipa) e reuniu prefeitos e representantes de Morretes, Antonina, Guaratuba, Matinhos e Pontal do Paran\u00e1.<\/p>\n\n\n\n<p>Para empreendedores destes munic\u00edpios as linhas Microcr\u00e9dito F\u00e1cil e Fomento Giro F\u00e1cil, que contam com recursos pr\u00f3prios da institui\u00e7\u00e3o para empr\u00e9stimos de capital de giro, ter\u00e3o um prazo extra de car\u00eancia de at\u00e9 quatro meses, o que permite come\u00e7ar a pagar o cr\u00e9dito somente ao final da temporada de ver\u00e3o. A condi\u00e7\u00e3o normal de car\u00eancia para essas linhas \u00e9 de tr\u00eas meses.<\/p>\n\n\n\n<p>\u201cRecebemos um aporte de R$ 200 milh\u00f5es do governador Carlos Massa Ratinho Junior, que nos permitiu atualizar a pol\u00edtica de juros e melhorar as condi\u00e7\u00f5es de acesso a cr\u00e9dito para os pequenos neg\u00f3cios\u201d, disse Claudio Stabile, diretor-presidente da Fomento Paran\u00e1. \u201cEstamos com boa procura por esse cr\u00e9dito e esperamos boa aceita\u00e7\u00e3o no Litoral tamb\u00e9m, pois o Estado tem feito grandes investimentos na infraestrutura da regi\u00e3o para estimular o turismo\u201d.<\/p>\n\n\n\n<p>Segundo Stabile, a inten\u00e7\u00e3o \u00e9 que al\u00e9m de todos os investimentos que o Estado vem fazendo na regi\u00e3o em aspectos como infraestrutura, seguran\u00e7a, sa\u00fade e saneamento, tamb\u00e9m as micro e pequenas empresas possam aproveitar as novas condi\u00e7\u00f5es de taxas de juros da Fomento Paran\u00e1 e assim estar preparados para a temporada de ver\u00e3o que se aproxima.<\/p>\n\n\n\n<p><strong>CONDI\u00c7\u00d5ES DO CR\u00c9DITO<\/strong>&nbsp;\u2013 O Microcr\u00e9dito F\u00e1cil \u00e9 uma linha que tem limite de R$ 20 mil e prazo de pagamento de at\u00e9 36 meses com garantia por avalista ou fundo de aval. Atende desde o empreendedor informal e o Microempreendedor Individual (MEI) at\u00e9 microempresas com faturamento de at\u00e9 R$ 360 mil ao ano. A taxa de juros \u00e9 fixa de 0,82% ao m\u00eas pelo Banco da Mulher Paranaense e de 0,98% ao m\u00eas pelo Banco do Empreendedor.<\/p>\n\n\n\n<p>A linha Fomento Giro F\u00e1cil atende empreendimentos um pouco maiores, de micro e pequeno at\u00e9 m\u00e9dio porte, com faturamento de at\u00e9 R$ 16 milh\u00f5es. O limite de cr\u00e9dito \u00e9 de R$ 500 mil e o prazo para empreendedores destes munic\u00edpios ser\u00e1 de at\u00e9 60 meses. Nessa linha a taxa de juros est\u00e1 fixada em 1,15% ao m\u00eas, para pagamento em dia.<\/p>\n\n\n\n<p>Em todos os casos a car\u00eancia foi ampliada de tr\u00eas para quatro meses para come\u00e7ar a pagar.<\/p>\n\n\n\n<p><strong>LITORAL E PRAIAS DE \u00c1GUA DOCE<\/strong>&nbsp;\u2013 Ser\u00e3o beneficiados com as novas condi\u00e7\u00f5es de cr\u00e9dito da Fomento Paran\u00e1 os empreendedores de Guaratuba, Matinhos, Pontal, Guaraque\u00e7aba, Morrestes, Antonina, Paranagu\u00e1. Adicionalmente ser\u00e3o beneficiados os munic\u00edpios de Porto Rico, S\u00e3o Pedro do Paran\u00e1 e Marilena, banhados pelo Rio Paran\u00e1, que forma belas praias e ilhas que s\u00e3o muito procuradas para turismo na regi\u00e3o localizada no extremo Noroeste do Estado.<\/p>\n\n\n\n<p>Para acessar essas linhas de cr\u00e9dito o empreendedor pode conversar com os agentes de cr\u00e9dito da institui\u00e7\u00e3o que atuam nas prefeituras dos munic\u00edpios, em Salas do Empreendedor, Ag\u00eancias do Trabalhador e outras estruturas voltadas ao desenvolvimento econ\u00f4mico, ou ent\u00e3o online, diretamente por meio do portal institucional&nbsp;<a href=\"http:\/\/www.fomento.pr.gov.br\/\" target=\"_blank\" rel=\"noreferrer noopener\">http:\/\/www.fomento.pr.gov.br\/<\/a>.<\/p>\n\n\n\n<p><strong>APOIO AOS PEQUENOS NEG\u00d3CIOS&nbsp;<\/strong>\u2013 O prefeito de Pontal do Paran\u00e1 e presidente da Amlipa, Rud\u00e3o Gimenes, disse que \u00e9 muito importante a oportunidade que est\u00e1 sendo dada ao setor privado, junto com as obras estruturantes, que tem trazido um movimento tur\u00edstico muito forte. \u201cA gente precisa que o setor de servi\u00e7os tamb\u00e9m possa atender a essa demanda do turismo e o cr\u00e9dito vem nesse bom momento, para que eles possam ampliar seus neg\u00f3cios, melhorar os servi\u00e7os e dar mais conforto aos turistas que vem, ao nosso litoral, com juros baixos\u201d, disse.<\/p>\n\n\n\n<p>Junior Brindaroli, prefeito de Morretes, elogiou a proposta da Fomento Paran\u00e1, que acompanha o trabalho de investimento do estado na regi\u00e3o. \u201cEsse dinheiro vem mesmo fomentar a iniciativa privada, para que os investimentos venham atender as demandas da popula\u00e7\u00e3o e principalmente quem tem empreendimentos para vender na temporada, podendo aproveitar esse recurso para buscar mais produtos e promover melhorias para seus clientes\u201d, afirmou.<\/p>\n\n\n\n<p>O presidente da Adetur Litoral, Rafael Folmann, disse que a comunidade est\u00e1 vivendo um momento que foi sonhado a vida toda no Litoral. \u201cS\u00e3o diversos investimentos em infraestrutura e agora essa novidade da Fomento Paran\u00e1. Tem que aproveitar a forma do parcelamento, a taxa de juros reduzida e a possibilidade de conv\u00eanio com o munic\u00edpio pra chegar na taxa zero. Vamos ter a melhor de todas as temporadas\u201d, disse.<\/p>\n\n\n\n<p><strong>PRESEN\u00c7AS<\/strong>&nbsp;\u2013 Tamb\u00e9m compareceram ao encontro a prefeita de Antonina, Rozane Osaki, e o prefeito de Guaratuba, Mauricio Lense, al\u00e9m de vereadores e gestores dos munic\u00edpios da regi\u00e3o.<\/p>\n\n\n\n<p>AEN\/PR<\/p>\n","protected":false},"excerpt":{"rendered":"<p>A Fomento Paran\u00e1, institui\u00e7\u00e3o financeira do Governo do Estado, apresentou em Morretes nesta sexta-feira (17) condi\u00e7\u00f5es especiais para duas linhas de cr\u00e9dito do programa Juros Baixos Paran\u00e1 com objetivo de ajudar pequenos neg\u00f3cios a preparar seus estabelecimentos para o Ver\u00e3o Maior Paran\u00e1 nos munic\u00edpios litor\u00e2neos. O encontro foi organizado em parceria com a Associa\u00e7\u00e3o dos [&hellip;]<\/p>\n","protected":false},"author":2,"featured_media":73644,"comment_status":"open","ping_status":"open","sticky":false,"template":"","format":"standard","meta":{"advanced_seo_description":"","jetpack_seo_html_title":"","jetpack_seo_noindex":false,"_jetpack_memberships_contains_paid_content":false,"footnotes":""},"categories":[91],"tags":[],"class_list":{"0":"post-73643","1":"post","2":"type-post","3":"status-publish","4":"format-standard","5":"has-post-thumbnail","7":"category-litoral"},"jetpack_featured_media_url":"https:\/\/www.paranapraia.com.br\/wp-content\/uploads\/2025\/10\/dsc0282-scaled.jpg","jetpack_sharing_enabled":true,"_links":{"self":[{"href":"https:\/\/www.paranapraia.com.br\/index.php\/wp-json\/wp\/v2\/posts\/73643"}],"collection":[{"href":"https:\/\/www.paranapraia.com.br\/index.php\/wp-json\/wp\/v2\/posts"}],"about":[{"href":"https:\/\/www.paranapraia.com.br\/index.php\/wp-json\/wp\/v2\/types\/post"}],"author":[{"embeddable":true,"href":"https:\/\/www.paranapraia.com.br\/index.php\/wp-json\/wp\/v2\/users\/2"}],"replies":[{"embeddable":true,"href":"https:\/\/www.paranapraia.com.br\/index.php\/wp-json\/wp\/v2\/comments?post=73643"}],"version-history":[{"count":1,"href":"https:\/\/www.paranapraia.com.br\/index.php\/wp-json\/wp\/v2\/posts\/73643\/revisions"}],"predecessor-version":[{"id":73645,"href":"https:\/\/www.paranapraia.com.br\/index.php\/wp-json\/wp\/v2\/posts\/73643\/revisions\/73645"}],"wp:featuredmedia":[{"embeddable":true,"href":"https:\/\/www.paranapraia.com.br\/index.php\/wp-json\/wp\/v2\/media\/73644"}],"wp:attachment":[{"href":"https:\/\/www.paranapraia.com.br\/index.php\/wp-json\/wp\/v2\/media?parent=73643"}],"wp:term":[{"taxonomy":"category","embeddable":true,"href":"https:\/\/www.paranapraia.com.br\/index.php\/wp-json\/wp\/v2\/categories?post=73643"},{"taxonomy":"post_tag","embeddable":true,"href":"https:\/\/www.paranapraia.com.br\/index.php\/wp-json\/wp\/v2\/tags?post=73643"}],"curies":[{"name":"wp","href":"https:\/\/api.w.org\/{rel}","templated":true}]}}