{"id":73637,"date":"2025-10-17T15:43:41","date_gmt":"2025-10-17T18:43:41","guid":{"rendered":"https:\/\/www.paranapraia.com.br\/?p=73637"},"modified":"2025-10-17T15:43:43","modified_gmt":"2025-10-17T18:43:43","slug":"faltando-4-dias-para-a-divulgacao-da-programacao-do-verao-maior-governo-avalia-estragos-na-orla-de-matinhos","status":"publish","type":"post","link":"https:\/\/www.paranapraia.com.br\/index.php\/2025\/10\/17\/faltando-4-dias-para-a-divulgacao-da-programacao-do-verao-maior-governo-avalia-estragos-na-orla-de-matinhos\/","title":{"rendered":"Faltando 4 dias para a divulga\u00e7\u00e3o da programa\u00e7\u00e3o do Ver\u00e3o Maior, Governo avalia estragos na orla de Matinhos"},"content":{"rendered":"\n<p>A ressaca que \u201cengoliu\u201d parte da faixa de areia de Matinhos e deixou uma esp\u00e9cie de degrau que chegou a ultrapassar 2 metros de altura em alguns pontos causa expectativa sobre a possibilidade de mudan\u00e7as em rela\u00e7\u00e3o \u00e0 instala\u00e7\u00e3o dos palcos para receber as atra\u00e7\u00f5es do Ver\u00e3o Maior Paran\u00e1 2025\/2026. Desde que o fen\u00f4meno aconteceu, no \u00faltimo dia 8, a orla foi inspecionada por t\u00e9cnicos do Instituto \u00c1gua e Terra e representantes da Prefeitura de Matinhos.<\/p>\n\n\n\n<p>Na segunda-feira (13), m\u00e1quinas come\u00e7aram a ser utilizadas para fazer o nivelamento da areia e acabar com o degrau, trabalhos que devem ser conclu\u00eddos nesta sexta-feira (17). Mas o assunto que movimenta a regi\u00e3o e todos querem saber \u00e9 se o estreitamento da faixa de areia junto a um dos espig\u00f5es da Praia Brava, no balne\u00e1rio Caiob\u00e1, vai causar a mudan\u00e7a de local dos shows.<\/p>\n\n\n\n<h3 class=\"wp-block-heading\">Governo avalia possibilidade<\/h3>\n\n\n\n<p>Procurado pelo <em>JB Litoral<\/em>, o Instituto \u00c1gua e Terra (IAT) afirmou que, ap\u00f3s a revitaliza\u00e7\u00e3o da Orla de Matinhos, conclu\u00edda em abril deste ano, a manuten\u00e7\u00e3o ficou sob responsabilidade da Prefeitura e defendeu que os degraus n\u00e3o t\u00eam rela\u00e7\u00e3o com a obra de engorda da faixa de areia, etapa finalizada h\u00e1 tr\u00eas anos.<\/p>\n\n\n\n<p>\u201cEm rela\u00e7\u00e3o aos degraus na orla, trata-se de um fen\u00f4meno natural, de movimento da areia, que ocorre tamb\u00e9m em praias que n\u00e3o passaram pelo processo de engorda. No caso do Litoral do Paran\u00e1, a movimenta\u00e7\u00e3o \u00e9 reflexo direto da mar\u00e9 alta e ressaca que atingiram o Estado recentemente. Embora a obra esteja conclu\u00edda e entregue ao munic\u00edpio, o IAT segue o monitoramento da regi\u00e3o. At\u00e9 o momento n\u00e3o foi constatada nenhuma anormalidade\u201d, informou o \u00f3rg\u00e3o vinculado \u00e0 Secretaria de Estado do Desenvolvimento Sustent\u00e1vel (Sedest) do Paran\u00e1, por meio de nota.<\/p>\n\n\n\n<p>Sobre a possibilidade de mudan\u00e7a no local dos palcos do Ver\u00e3o Maior, a resposta foi que o Estado est\u00e1 avaliando, mas inicialmente n\u00e3o haveria mudan\u00e7as.<\/p>\n\n\n\n<h3 class=\"wp-block-heading\">Diminuiu pelo menos 20% da extens\u00e3o<\/h3>\n\n\n\n<p>A fase de engorda da praia de Matinhos foi conclu\u00edda em outubro de 2022, sendo uma das primeiras etapas da requalifica\u00e7\u00e3o da orla. A obra consistiu no alargamento da faixa de areia em at\u00e9 100 metros, utilizando 3 milh\u00f5es de metros c\u00fabicos de areia retirada do fundo do mar. Mas, com a ressaca da semana passada, estima-se que mais de 20 metros desse alargamento tenham sido levados embora pela for\u00e7a das \u00e1guas.<\/p>\n\n\n\n<p>Para repercutir o assunto, a reportagem tamb\u00e9m conversou com o diretor-geral da Secretaria de Meio Ambiente de Matinhos, S\u00e9rgio Cioli. De acordo com ele, os trabalhos de nivelamento e recupera\u00e7\u00e3o da faixa de areia est\u00e3o sendo feitos em conjunto entre os Executivos Municipal e Estadual.<\/p>\n\n\n\n<p>\u201cN\u00f3s j\u00e1 estamos providenciando, o mais r\u00e1pido poss\u00edvel, um m\u00e9todo para fazer a reposi\u00e7\u00e3o da areia que foi levada. O IAT j\u00e1 est\u00e1 vendo a possibilidade, juntamente com o Munic\u00edpio, para ver se a gente draga uma areia para repor onde foi perdida\u201d, afirmou o diretor.<\/p>\n\n\n\n<p>Sobre a extens\u00e3o exata de areia que foi perdida, S\u00e9rgio Cioli defendeu que ainda n\u00e3o h\u00e1 um n\u00famero exato.<\/p>\n\n\n\n<p>\u201cAinda n\u00e3o tem essa precis\u00e3o. Os n\u00fameros iniciais d\u00e3o conta da casa dos 20 metros. Os estudos que est\u00e3o sendo feitos n\u00e3o terminaram, mas eu acredito que vai ficar em torno disso a\u00ed. Nada que a gente n\u00e3o consiga repor tamb\u00e9m\u201d, disse.<\/p>\n\n\n\n<p>O diretor-geral da Secretaria de Meio Ambiente de Matinhos tamb\u00e9m esclareceu que a manuten\u00e7\u00e3o que ficou sob responsabilidade do Munic\u00edpio ap\u00f3s a conclus\u00e3o da requalifica\u00e7\u00e3o da orla foi a relativa \u00e0 pavimenta\u00e7\u00e3o, ao paver, \u00e0 ciclofaixa e \u00e0 ilumina\u00e7\u00e3o.<\/p>\n\n\n\n<p>\u201cA prefeitura faz. Agora, claro que esse tipo de situa\u00e7\u00e3o que aconteceu da ressaca \u00e9 diferente, a\u00ed \u00e9 uma a\u00e7\u00e3o conjunta. Governo do Estado, Instituto \u00c1gua e Terra e Prefeitura. Mas essa quest\u00e3o do local dos shows, a gente j\u00e1 est\u00e1 trabalhando para repor a areia e n\u00e3o compromete, vai permanecer no mesmo lugar\u201d, concluiu Cioli.<\/p>\n\n\n\n<p>A programa\u00e7\u00e3o do Ver\u00e3o Maior Paran\u00e1 ser\u00e1 divulgada na pr\u00f3xima ter\u00e7a-feira, dia 21 de outubro.<\/p>\n\n\n\n<p>Por Reda\u00e7\u00e3o JB Litoral<\/p>\n","protected":false},"excerpt":{"rendered":"<p>A ressaca que \u201cengoliu\u201d parte da faixa de areia de Matinhos e deixou uma esp\u00e9cie de degrau que chegou a ultrapassar 2 metros de altura em alguns pontos causa expectativa sobre a possibilidade de mudan\u00e7as em rela\u00e7\u00e3o \u00e0 instala\u00e7\u00e3o dos palcos para receber as atra\u00e7\u00f5es do Ver\u00e3o Maior Paran\u00e1 2025\/2026. Desde que o fen\u00f4meno aconteceu, [&hellip;]<\/p>\n","protected":false},"author":2,"featured_media":73638,"comment_status":"open","ping_status":"open","sticky":false,"template":"","format":"standard","meta":{"advanced_seo_description":"","jetpack_seo_html_title":"","jetpack_seo_noindex":false,"_jetpack_memberships_contains_paid_content":false,"footnotes":""},"categories":[88],"tags":[],"class_list":{"0":"post-73637","1":"post","2":"type-post","3":"status-publish","4":"format-standard","5":"has-post-thumbnail","7":"category-matinhos"},"jetpack_featured_media_url":"https:\/\/www.paranapraia.com.br\/wp-content\/uploads\/2025\/10\/WhatsApp-Image-2025-10-17-at-15.42.32.jpeg","jetpack_sharing_enabled":true,"_links":{"self":[{"href":"https:\/\/www.paranapraia.com.br\/index.php\/wp-json\/wp\/v2\/posts\/73637"}],"collection":[{"href":"https:\/\/www.paranapraia.com.br\/index.php\/wp-json\/wp\/v2\/posts"}],"about":[{"href":"https:\/\/www.paranapraia.com.br\/index.php\/wp-json\/wp\/v2\/types\/post"}],"author":[{"embeddable":true,"href":"https:\/\/www.paranapraia.com.br\/index.php\/wp-json\/wp\/v2\/users\/2"}],"replies":[{"embeddable":true,"href":"https:\/\/www.paranapraia.com.br\/index.php\/wp-json\/wp\/v2\/comments?post=73637"}],"version-history":[{"count":1,"href":"https:\/\/www.paranapraia.com.br\/index.php\/wp-json\/wp\/v2\/posts\/73637\/revisions"}],"predecessor-version":[{"id":73639,"href":"https:\/\/www.paranapraia.com.br\/index.php\/wp-json\/wp\/v2\/posts\/73637\/revisions\/73639"}],"wp:featuredmedia":[{"embeddable":true,"href":"https:\/\/www.paranapraia.com.br\/index.php\/wp-json\/wp\/v2\/media\/73638"}],"wp:attachment":[{"href":"https:\/\/www.paranapraia.com.br\/index.php\/wp-json\/wp\/v2\/media?parent=73637"}],"wp:term":[{"taxonomy":"category","embeddable":true,"href":"https:\/\/www.paranapraia.com.br\/index.php\/wp-json\/wp\/v2\/categories?post=73637"},{"taxonomy":"post_tag","embeddable":true,"href":"https:\/\/www.paranapraia.com.br\/index.php\/wp-json\/wp\/v2\/tags?post=73637"}],"curies":[{"name":"wp","href":"https:\/\/api.w.org\/{rel}","templated":true}]}}