{"id":73634,"date":"2025-10-17T15:26:21","date_gmt":"2025-10-17T18:26:21","guid":{"rendered":"https:\/\/www.paranapraia.com.br\/?p=73634"},"modified":"2025-10-17T15:26:23","modified_gmt":"2025-10-17T18:26:23","slug":"senac-parana-promove-semana-de-estudos-e-pesquisas-da-gastronomia-coreana","status":"publish","type":"post","link":"https:\/\/www.paranapraia.com.br\/index.php\/2025\/10\/17\/senac-parana-promove-semana-de-estudos-e-pesquisas-da-gastronomia-coreana\/","title":{"rendered":"Senac Paran\u00e1 promove Semana de Estudos e Pesquisas da Gastronomia Coreana"},"content":{"rendered":"\n<p><em>A arte milenar de uma na\u00e7\u00e3o: uma jornada pelos sabores que definem uma cultura<\/em><\/p>\n\n\n\n<p>O Senac Paran\u00e1 realiza, de 20 a 24 de outubro, a Semana de Estudos e Pesquisas da Gastronomia Coreana, uma imers\u00e3o nos sabores, t\u00e9cnicas e tradi\u00e7\u00f5es culin\u00e1rias da Coreia. A a\u00e7\u00e3o \u00e9 promovida em parceria com o AT Center S\u00e3o Paulo, Food Korean e o Consulado Honor\u00e1rio da Coreia no Paran\u00e1, fortalecendo o interc\u00e2mbio cultural e gastron\u00f4mico entre os dois pa\u00edses.<\/p>\n\n\n\n<p>Durante a semana, os restaurantes-escola do Senac em Curitiba, Maring\u00e1, Foz do Igua\u00e7u e Caiob\u00e1 ser\u00e3o palco de experi\u00eancias gastron\u00f4micas que unem aprendizado e degusta\u00e7\u00e3o. Os card\u00e1pios, elaborados por chefs e instrutores da institui\u00e7\u00e3o com apoio de especialistas coreanos, ser\u00e3o servidos em dois formatos: buffet e menu empratado, com entrada, prato principal e sobremesa inspirados na culin\u00e1ria tradicional e contempor\u00e2nea da Coreia.<\/p>\n\n\n\n<p>Mais do que apresentar novos sabores, o evento busca ampliar o repert\u00f3rio dos alunos e valorizar o conhecimento t\u00e9cnico por tr\u00e1s de uma das cozinhas mais admiradas do mundo. \u201cA gastronomia coreana tem uma identidade marcada pela harmonia entre sabor, sa\u00fade e simbolismo. Essa Semana \u00e9 uma oportunidade \u00fanica de vivenciar essa cultura por meio da pr\u00e1tica, fortalecendo o aprendizado e o olhar global dos nossos estudantes\u201d, destaca o diretor regional do Senac PR, Sidnei Lopes de Oliveira.<\/p>\n\n\n\n<p>A Semana de Estudos e Pesquisas da Gastronomia Coreana integra o calend\u00e1rio anual de a\u00e7\u00f5es do Senac voltadas \u00e0 valoriza\u00e7\u00e3o da diversidade gastron\u00f4mica mundial e refor\u00e7a o compromisso da institui\u00e7\u00e3o com a forma\u00e7\u00e3o profissional de excel\u00eancia e o interc\u00e2mbio cultural.<\/p>\n\n\n\n<p>As reservas podem ser feitas diretamente nas unidades participantes do Senac Paran\u00e1.<\/p>\n\n\n\n<p><strong>Workshop gratuito<\/strong><\/p>\n\n\n\n<p>A Faculdade Senac Curitiba Centro promove, no dia 22 de outubro, \u00e0s 19h, um workshop gratuito com o renomado chef coreano Greg\u00f3rio Kang, no Restaurante-escola da unidade. O evento \u00e9 voltado para os alunos dos cursos de gastronomia da unidade e tamb\u00e9m para o p\u00fablico externo que queira conhecer um pouco mais sobre a culin\u00e1ria coreana.<\/p>\n\n\n\n<p>Greg\u00f3rio Kang comanda o restaurante Bicol, refer\u00eancia em gastronomia coreana no Brasil. \u00c0 frente da casa, ele valoriza as tradi\u00e7\u00f5es do churrasco coreano e os sabores aut\u00eanticos da culin\u00e1ria de seu pa\u00eds, com pratos como bulgogui, galbi, butchesar e moksal, preparados na chapa diretamente na mesa, oferecendo uma experi\u00eancia interativa e culturalmente rica.<\/p>\n\n\n\n<p><strong>Servi\u00e7o:<\/strong><\/p>\n\n\n\n<p>Semana de Estudos e Pesquisas da Gastronomia Coreana<\/p>\n\n\n\n<p>Data: 20 a 24 de outubro<\/p>\n\n\n\n<p>Local: Restaurante-escola Senac<\/p>\n\n\n\n<p><strong>Curitiba<\/strong><\/p>\n\n\n\n<p>Endere\u00e7o: Rua Andr\u00e9 de Barros, 750 \u2013 (41) 3219-4854<\/p>\n\n\n\n<p><strong>Caiob\u00e1<\/strong><\/p>\n\n\n\n<p>Endere\u00e7o: Rua Doutor Jos\u00e9 Pinto Rebelo, 91 &#8211; (41) 3452-8818<\/p>\n\n\n\n<p><strong>Maring\u00e1<\/strong><\/p>\n\n\n\n<p>Endere\u00e7o: Av. Colombo, 6225 &#8211; (44) 3218-5100<\/p>\n\n\n\n<p><strong>Foz do Igua\u00e7u<\/strong><\/p>\n\n\n\n<p>Endere\u00e7o: Rua Jo\u00e3o Rouver, 160 &#8211; (45) 3521-6200<\/p>\n\n\n\n<p>Assessoria<\/p>\n","protected":false},"excerpt":{"rendered":"<p>A arte milenar de uma na\u00e7\u00e3o: uma jornada pelos sabores que definem uma cultura O Senac Paran\u00e1 realiza, de 20 a 24 de outubro, a Semana de Estudos e Pesquisas da Gastronomia Coreana, uma imers\u00e3o nos sabores, t\u00e9cnicas e tradi\u00e7\u00f5es culin\u00e1rias da Coreia. A a\u00e7\u00e3o \u00e9 promovida em parceria com o AT Center S\u00e3o Paulo, [&hellip;]<\/p>\n","protected":false},"author":2,"featured_media":73635,"comment_status":"open","ping_status":"open","sticky":false,"template":"","format":"standard","meta":{"advanced_seo_description":"","jetpack_seo_html_title":"","jetpack_seo_noindex":false,"_jetpack_memberships_contains_paid_content":false,"footnotes":""},"categories":[40],"tags":[],"class_list":{"0":"post-73634","1":"post","2":"type-post","3":"status-publish","4":"format-standard","5":"has-post-thumbnail","7":"category-destaques"},"jetpack_featured_media_url":"https:\/\/www.paranapraia.com.br\/wp-content\/uploads\/2025\/10\/Semana-Coreana-e-banner-desktop.jpg","jetpack_sharing_enabled":true,"_links":{"self":[{"href":"https:\/\/www.paranapraia.com.br\/index.php\/wp-json\/wp\/v2\/posts\/73634"}],"collection":[{"href":"https:\/\/www.paranapraia.com.br\/index.php\/wp-json\/wp\/v2\/posts"}],"about":[{"href":"https:\/\/www.paranapraia.com.br\/index.php\/wp-json\/wp\/v2\/types\/post"}],"author":[{"embeddable":true,"href":"https:\/\/www.paranapraia.com.br\/index.php\/wp-json\/wp\/v2\/users\/2"}],"replies":[{"embeddable":true,"href":"https:\/\/www.paranapraia.com.br\/index.php\/wp-json\/wp\/v2\/comments?post=73634"}],"version-history":[{"count":1,"href":"https:\/\/www.paranapraia.com.br\/index.php\/wp-json\/wp\/v2\/posts\/73634\/revisions"}],"predecessor-version":[{"id":73636,"href":"https:\/\/www.paranapraia.com.br\/index.php\/wp-json\/wp\/v2\/posts\/73634\/revisions\/73636"}],"wp:featuredmedia":[{"embeddable":true,"href":"https:\/\/www.paranapraia.com.br\/index.php\/wp-json\/wp\/v2\/media\/73635"}],"wp:attachment":[{"href":"https:\/\/www.paranapraia.com.br\/index.php\/wp-json\/wp\/v2\/media?parent=73634"}],"wp:term":[{"taxonomy":"category","embeddable":true,"href":"https:\/\/www.paranapraia.com.br\/index.php\/wp-json\/wp\/v2\/categories?post=73634"},{"taxonomy":"post_tag","embeddable":true,"href":"https:\/\/www.paranapraia.com.br\/index.php\/wp-json\/wp\/v2\/tags?post=73634"}],"curies":[{"name":"wp","href":"https:\/\/api.w.org\/{rel}","templated":true}]}}