{"id":73628,"date":"2025-10-17T15:17:14","date_gmt":"2025-10-17T18:17:14","guid":{"rendered":"https:\/\/www.paranapraia.com.br\/?p=73628"},"modified":"2025-10-17T15:17:16","modified_gmt":"2025-10-17T18:17:16","slug":"prefeitura-de-morretes-recebe-fomento-parana-para-anunciar-novas-condicoes-de-credito-voltadas-ao-verao-maior","status":"publish","type":"post","link":"https:\/\/www.paranapraia.com.br\/index.php\/2025\/10\/17\/prefeitura-de-morretes-recebe-fomento-parana-para-anunciar-novas-condicoes-de-credito-voltadas-ao-verao-maior\/","title":{"rendered":"Prefeitura de Morretes recebe Fomento Paran\u00e1 para anunciar novas condi\u00e7\u00f5es de cr\u00e9dito voltadas ao Ver\u00e3o Maior"},"content":{"rendered":"\n<p>A Prefeitura de Morretes recebeu nesta sexta-feira (17) uma importante reuni\u00e3o com representantes da Fomento Paran\u00e1, institui\u00e7\u00e3o financeira do Governo do Estado. O encontro, realizado na Sala de Inova\u00e7\u00e3o da Prefeitura, foi organizado pela Amlipa (Associa\u00e7\u00e3o dos Munic\u00edpios do Litoral do Paran\u00e1) e reuniu lideran\u00e7as regionais e empreendedores locais para falar sobre as novas condi\u00e7\u00f5es especiais de cr\u00e9dito voltadas aos munic\u00edpios litor\u00e2neos.<\/p>\n\n\n\n<p>Estiveram presentes o prefeito de Morretes, Junior Brindarolli, o presidente da Adetur Litoral, Rafael Folmann, a prefeita de Antonina, Rozane Osaki, o vice-prefeito Diogo Machado, o prefeito de Pontal do Paran\u00e1 e presidente da Amlipa, Rud\u00e3o Gimenes, o prefeito de Guaratuba, Maur\u00edcio Lense, al\u00e9m de representantes da Prefeitura de Morretes.<\/p>\n\n\n\n<p>Para anunciar as novidades, participaram tamb\u00e9m o presidente da Fomento Paran\u00e1, Claudio Stabile, e o gerente de mercado, Luciano Martins de Oliveira, que explicou detalhadamente as novas condi\u00e7\u00f5es de cr\u00e9dito para o p\u00fablico presente.<\/p>\n\n\n\n<p>A Fomento Paran\u00e1 criou condi\u00e7\u00f5es especiais em duas linhas de cr\u00e9dito com o objetivo de ajudar pequenos neg\u00f3cios a se prepararem para o \u201cVer\u00e3o Maior\u201d, evento que movimenta o turismo e a economia de todo o litoral durante a temporada de ver\u00e3o.<\/p>\n\n\n\n<p>Linhas de cr\u00e9dito com car\u00eancia especial<\/p>\n\n\n\n<p>Os empreendedores dos munic\u00edpios litor\u00e2neos ter\u00e3o acesso a duas linhas de cr\u00e9dito: o Microcr\u00e9dito F\u00e1cil e o Fomento Giro F\u00e1cil. Ambas contam com car\u00eancia de at\u00e9 quatro meses para come\u00e7ar a pagar e foram pensadas para ajudar quem precisa se organizar antes da alta temporada.<\/p>\n\n\n\n<p>O Microcr\u00e9dito F\u00e1cil \u00e9 voltado a empreendedores informais, MEIs e microempresas com faturamento anual de at\u00e9 R$ 360 mil. O limite \u00e9 de R$ 20 mil, com at\u00e9 36 meses para pagar e garantia por avalista ou fundo de aval.<\/p>\n\n\n\n<p>A taxa de juros \u00e9 fixa e acess\u00edvel:<\/p>\n\n\n\n<p>0,82% ao m\u00eas pelo Banco da Mulher Paranaense, que incentiva o empreendedorismo feminino;<\/p>\n\n\n\n<p>0,98% ao m\u00eas pelo Banco do Empreendedor.<\/p>\n\n\n\n<p>J\u00e1 a linha Fomento Giro F\u00e1cil atende empresas de micro, pequeno e m\u00e9dio porte, com faturamento de at\u00e9 R$ 16 milh\u00f5es por ano. O limite de cr\u00e9dito chega a R$ 500 mil, com prazo de at\u00e9 60 meses para pagar e at\u00e9 quatro meses de car\u00eancia. A taxa de juros \u00e9 de 1,15% ao m\u00eas, para quem paga em dia.<\/p>\n\n\n\n<p>Apoio para movimentar o litoral<\/p>\n\n\n\n<p>De acordo com o presidente da Fomento Paran\u00e1, Claudio Stabile, o Governo do Estado fez um aporte de R$ 200 milh\u00f5es para refor\u00e7ar as linhas de cr\u00e9dito e reduzir os juros. \u201cEstamos com \u00f3timas condi\u00e7\u00f5es de financiamento e queremos que os empreendedores do litoral aproveitem esse momento para se preparar para o ver\u00e3o. O Estado tem investido forte em infraestrutura para estimular o turismo\u201d, explicou.<\/p>\n\n\n\n<p>O prefeito de Morretes destacou a for\u00e7a do empreendedorismo local. \u201cTemos muitos empreendedores. Em 2020 t\u00ednhamos mil empresas em Morretes, agora temos mais de 2 mil com CNPJ ou MEI, prova que o empreendedorismo de Morretes \u00e9 forte. E muito disso \u00e9 porque temos um grande apoio do Governo do Estado, com qualifica\u00e7\u00e3o, orienta\u00e7\u00e3o e outros servi\u00e7os.\u201d<\/p>\n\n\n\n<p>Ele refor\u00e7ou que o objetivo \u00e9 garantir que os pequenos neg\u00f3cios tenham capital de giro e tranquilidade para trabalhar durante a temporada de ver\u00e3o que se aproxima.<\/p>\n\n\n\n<p>Ser\u00e3o beneficiados com as novas condi\u00e7\u00f5es de cr\u00e9dito da Fomento Paran\u00e1 os empreendedores de Guaratuba, Matinhos, Pontal do Paran\u00e1, Guaraque\u00e7aba, Morretes, Antonina e Paranagu\u00e1.<\/p>\n\n\n\n<p>Para acessar essas linhas de cr\u00e9dito, o empreendedor pode procurar os agentes de cr\u00e9dito da Prefeitura de Morretes, que realizam o atendimento na Sala da Cidadania, dentro do pr\u00e9dio da Prefeitura de Morretes. Tamb\u00e9m \u00e9 poss\u00edvel fazer o pedido online, diretamente pelo site da Fomento Paran\u00e1: www.fomento.pr.gov.br.<\/p>\n\n\n\n<p>Ver\u00e3o Maior Paran\u00e1<\/p>\n\n\n\n<p>O Ver\u00e3o Maior Paran\u00e1 retorna na temporada 2025\/2026, com uma s\u00e9rie de shows gratuitos, atividades esportivas, recreativas e culturais, como aulas de gin\u00e1stica, dan\u00e7a, caminhadas, torneios esportivos e anima\u00e7\u00f5es infantis.<\/p>\n\n\n\n<p>A programa\u00e7\u00e3o busca envolver toda a fam\u00edlia, integrar turistas e comunidade local e movimentar a economia dos munic\u00edpios litor\u00e2neos.<\/p>\n\n\n\n<p>Com as novas oportunidades de cr\u00e9dito da Fomento Paran\u00e1, Morretes se prepara para receber o ver\u00e3o com mais estrutura e incentivo aos empreendedores locais, fortalecendo o com\u00e9rcio e o turismo da cidade.<\/p>\n\n\n\n<p>Prefeitura de Morretes<\/p>\n","protected":false},"excerpt":{"rendered":"<p>A Prefeitura de Morretes recebeu nesta sexta-feira (17) uma importante reuni\u00e3o com representantes da Fomento Paran\u00e1, institui\u00e7\u00e3o financeira do Governo do Estado. O encontro, realizado na Sala de Inova\u00e7\u00e3o da Prefeitura, foi organizado pela Amlipa (Associa\u00e7\u00e3o dos Munic\u00edpios do Litoral do Paran\u00e1) e reuniu lideran\u00e7as regionais e empreendedores locais para falar sobre as novas condi\u00e7\u00f5es [&hellip;]<\/p>\n","protected":false},"author":2,"featured_media":73629,"comment_status":"open","ping_status":"open","sticky":false,"template":"","format":"standard","meta":{"advanced_seo_description":"","jetpack_seo_html_title":"","jetpack_seo_noindex":false,"_jetpack_memberships_contains_paid_content":false,"footnotes":""},"categories":[125],"tags":[],"class_list":{"0":"post-73628","1":"post","2":"type-post","3":"status-publish","4":"format-standard","5":"has-post-thumbnail","7":"category-morretes"},"jetpack_featured_media_url":"https:\/\/www.paranapraia.com.br\/wp-content\/uploads\/2025\/10\/whatsapp-image-2025-10-17-at-130107.jpg","jetpack_sharing_enabled":true,"_links":{"self":[{"href":"https:\/\/www.paranapraia.com.br\/index.php\/wp-json\/wp\/v2\/posts\/73628"}],"collection":[{"href":"https:\/\/www.paranapraia.com.br\/index.php\/wp-json\/wp\/v2\/posts"}],"about":[{"href":"https:\/\/www.paranapraia.com.br\/index.php\/wp-json\/wp\/v2\/types\/post"}],"author":[{"embeddable":true,"href":"https:\/\/www.paranapraia.com.br\/index.php\/wp-json\/wp\/v2\/users\/2"}],"replies":[{"embeddable":true,"href":"https:\/\/www.paranapraia.com.br\/index.php\/wp-json\/wp\/v2\/comments?post=73628"}],"version-history":[{"count":1,"href":"https:\/\/www.paranapraia.com.br\/index.php\/wp-json\/wp\/v2\/posts\/73628\/revisions"}],"predecessor-version":[{"id":73630,"href":"https:\/\/www.paranapraia.com.br\/index.php\/wp-json\/wp\/v2\/posts\/73628\/revisions\/73630"}],"wp:featuredmedia":[{"embeddable":true,"href":"https:\/\/www.paranapraia.com.br\/index.php\/wp-json\/wp\/v2\/media\/73629"}],"wp:attachment":[{"href":"https:\/\/www.paranapraia.com.br\/index.php\/wp-json\/wp\/v2\/media?parent=73628"}],"wp:term":[{"taxonomy":"category","embeddable":true,"href":"https:\/\/www.paranapraia.com.br\/index.php\/wp-json\/wp\/v2\/categories?post=73628"},{"taxonomy":"post_tag","embeddable":true,"href":"https:\/\/www.paranapraia.com.br\/index.php\/wp-json\/wp\/v2\/tags?post=73628"}],"curies":[{"name":"wp","href":"https:\/\/api.w.org\/{rel}","templated":true}]}}