{"id":73625,"date":"2025-10-17T15:07:25","date_gmt":"2025-10-17T18:07:25","guid":{"rendered":"https:\/\/www.paranapraia.com.br\/?p=73625"},"modified":"2025-10-17T15:07:29","modified_gmt":"2025-10-17T18:07:29","slug":"prefeito-adriano-ramos-recebe-atletas-de-jiu-jitsu-e-destaca-apoio-da-prefeitura-ao-esporte-local","status":"publish","type":"post","link":"https:\/\/www.paranapraia.com.br\/index.php\/2025\/10\/17\/prefeito-adriano-ramos-recebe-atletas-de-jiu-jitsu-e-destaca-apoio-da-prefeitura-ao-esporte-local\/","title":{"rendered":"Prefeito Adriano Ramos recebe atletas de jiu-jitsu e destaca apoio da Prefeitura ao esporte local"},"content":{"rendered":"\n<p>Na manh\u00e3 desta sexta-feira, dia 17, o prefeito Adriano Ramos recebeu em seu gabinete atletas de jiu-jitsu que v\u00eam se destacando em competi\u00e7\u00f5es estaduais, nacionais e internacionais. O encontro teve como objetivo agradecer o apoio da Prefeitura de Paranagu\u00e1, por meio das bolsas aux\u00edlio e de incentivos concedidos pela Secretaria Municipal de Esportes e Juventude (Sespor), que v\u00eam permitindo a participa\u00e7\u00e3o dos atletas em campeonatos dentro e fora do pa\u00eds.<\/p>\n\n\n\n<p>Durante a visita, os esportistas apresentaram suas conquistas e t\u00edtulos recentes, entre eles participa\u00e7\u00f5es em campeonatos europeus e convoca\u00e7\u00f5es para o Mundial Profissional de Jiu-Jitsu de Abu Dhabi, em novembro. O prefeito e a vice-prefeita Fabiana Parro acompanharam os relatos e reafirmaram o compromisso da gest\u00e3o com o fortalecimento das artes marciais e dos projetos sociais esportivos no munic\u00edpio.<\/p>\n\n\n\n<p>\u201c\u00c9 uma alegria enorme ver o talento e a dedica\u00e7\u00e3o desses jovens, que est\u00e3o levando o nome de Paranagu\u00e1 para o mundo. Nosso papel \u00e9 garantir oportunidades e condi\u00e7\u00f5es para que o esporte transforme vidas &#8211; como vem acontecendo com tantos atletas apoiados pela Prefeitura. Vamos continuar investindo e ampliando esse incentivo, porque acreditamos no poder do esporte como ferramenta de inclus\u00e3o e cidadania\u201d, afirmou o prefeito Adriano Ramos.<\/p>\n\n\n\n<p>A vice-prefeita Fabiana Parro tamb\u00e9m destacou o impacto social dos projetos de jiu-jitsu apoiados pela Administra\u00e7\u00e3o Municipal. \u201cEsses projetos v\u00e3o muito al\u00e9m do tatame. Eles resgatam autoestima, disciplina e sonhos. Cada crian\u00e7a e adolescente que hoje treina jiu-jitsu est\u00e1 escolhendo um caminho de valores e de supera\u00e7\u00e3o, e isso \u00e9 resultado de uma pol\u00edtica p\u00fablica constru\u00edda com sensibilidade e compromisso social\u201d, declarou.<\/p>\n\n\n\n<p><strong>Jiu-jitsu em expans\u00e3o: 11 projetos sociais e mais de 450 crian\u00e7as atendidas<\/strong><\/p>\n\n\n\n<p>De acordo com o vereador e faixa-preta M\u00e1rcio Mesquita, o Gigante, a modalidade vive um momento in\u00e9dito em Paranagu\u00e1. \u201cHoje n\u00f3s temos cerca de 11 projetos sociais que envolvem as artes marciais, atendendo de 400 a 450 crian\u00e7as em toda a cidade. Esse crescimento foi poss\u00edvel gra\u00e7as ao apoio da gest\u00e3o Adriano Ramos, que acreditou na import\u00e2ncia do jiu-jitsu como instrumento de transforma\u00e7\u00e3o social. Por muitos anos os atletas ficaram esquecidos, mas nessa gest\u00e3o a gente tem sido visto e valorizado\u201d, disse.<\/p>\n\n\n\n<p>Um dos projetos beneficiados \u00e9 o Gracie Barra Ilha do Mel, coordenado por H\u00e9lder Maximiliano Oliveira de Jesus, que atende 84 crian\u00e7as e adolescentes na comunidade insular. \u201cComecei o projeto em 2017, quando vi muitas crian\u00e7as pegando caminhos errados. Decidi mudar essa realidade pelo esporte, porque crian\u00e7a no esporte \u00e9 crian\u00e7a fora da rua. Hoje temos 84 atletas e contamos com o apoio da Prefeitura e da Secretaria de Esportes. A gest\u00e3o atual abriu portas e revelou talentos que estavam escondidos\u201d, contou o professor.<\/p>\n\n\n\n<p><strong>Jovens talentos de Paranagu\u00e1 conquistam o mundo<\/strong><\/p>\n\n\n\n<p>Entre os destaques est\u00e3o os irm\u00e3os Adrian e Braian Maximiliano Oliveira de Jesus, de 16 e 12 anos, que representar\u00e3o o Brasil no 17\u00ba Campeonato Mundial Profissional de Jiu-Jitsu, em Abu Dhabi, nos Emirados \u00c1rabes Unidos.<\/p>\n\n\n\n<p>\u201cComecei no jiu-jitsu com seis anos, mais por brincadeira. Hoje vejo que \u00e9 um caminho de evolu\u00e7\u00e3o. Em novembro vou disputar o Mundial em Abu Dhabi, com mais de 10 mil atletas. \u00c9 uma honra representar Paranagu\u00e1\u201d, disse Adrian, que soma t\u00edtulos como tricampe\u00e3o do Internacional Kids, tricampe\u00e3o do AJP Tour e oito t\u00edtulos paranaenses.<\/p>\n\n\n\n<p>O irm\u00e3o mais novo, Braian, tamb\u00e9m coleciona conquistas. \u201cTenho t\u00edtulos no Brasileiro, no Internacional Kids e no AJP. A expectativa \u00e9 grande e a gente vai com tudo para buscar mais um t\u00edtulo\u201d, contou.<\/p>\n\n\n\n<p>Outro talento local \u00e9 Davi Leandro Carvalho, de 19 anos, que come\u00e7ou a treinar com o pai, o faixa-preto Everson Chemure de Carvalho, e hoje se prepara para o Campeonato Sul-Americano de Jiu-Jitsu, em Barueri (SP), em novembro. \u201cO apoio da Prefeitura tem sido crucial. Antes, a gente n\u00e3o tinha como viajar ou competir fora do estado. Agora, com as bolsas e o suporte da Sespor, conseguimos representar Paranagu\u00e1 em torneios internacionais. O jiu-jitsu abriu portas que a gente nunca imaginou\u201d, destacou.<\/p>\n\n\n\n<p>Ao lado de Davi, Isabela Lopes de Lima, de 17 anos, tamb\u00e9m se consolidou entre as promessas da modalidade. Campe\u00e3 mundial e paranaense, ela participa dos Jogos Abertos do Paran\u00e1 no pr\u00f3ximo dia 25, em Maring\u00e1. \u201cEsse apoio da Prefeitura mudou tudo. Foi a primeira vez que conseguimos competir fora do pa\u00eds, em Portugal, e isso abriu horizontes. Al\u00e9m disso, o transporte oferecido para as meninas do meu time participar dos campeonatos tem sido fundamental. O esporte \u00e9 caro, e esse suporte faz toda a diferen\u00e7a para que a gente continue acreditando\u201d, disse.<\/p>\n\n\n\n<p><strong>Esporte como transforma\u00e7\u00e3o social<\/strong><\/p>\n\n\n\n<p>Al\u00e9m do impacto competitivo, os projetos t\u00eam transformado realidades em bairros e comunidades de Paranagu\u00e1.<\/p>\n\n\n\n<p>O professor Everson Chemure de Carvalho, respons\u00e1vel pelo projeto de jiu-jitsu no CEU das Artes, no Jardim Igua\u00e7u, explica que o jiu-jitsu \u00e9 mais que um esporte: \u00e9 uma escola de vida. \u201cAtendemos de 15 a 20 crian\u00e7as e \u00e9 emocionante ver como elas mudam. A arte marcial ensina respeito, disciplina e prop\u00f3sito. Muitas delas acabam se tornando parte da nossa fam\u00edlia. A gente planta uma semente de futuro\u201d, refletiu.<\/p>\n\n\n\n<p>Para o prefeito Adriano Ramos, hist\u00f3rias como essas refletem o prop\u00f3sito da atual gest\u00e3o: fazer do esporte um instrumento de oportunidades e cidadania. \u201cQuando olhamos para esses jovens, vemos o resultado de uma pol\u00edtica p\u00fablica que d\u00e1 certo. Paranagu\u00e1 \u00e9 um celeiro de talentos, e nosso dever \u00e9 garantir que cada um tenha a chance de crescer e vencer &#8211; dentro e fora do tatame\u201d, concluiu.<\/p>\n\n\n\n<p>Prefeitura de Paranagu\u00e1<\/p>\n","protected":false},"excerpt":{"rendered":"<p>Na manh\u00e3 desta sexta-feira, dia 17, o prefeito Adriano Ramos recebeu em seu gabinete atletas de jiu-jitsu que v\u00eam se destacando em competi\u00e7\u00f5es estaduais, nacionais e internacionais. O encontro teve como objetivo agradecer o apoio da Prefeitura de Paranagu\u00e1, por meio das bolsas aux\u00edlio e de incentivos concedidos pela Secretaria Municipal de Esportes e Juventude [&hellip;]<\/p>\n","protected":false},"author":2,"featured_media":73626,"comment_status":"open","ping_status":"open","sticky":false,"template":"","format":"standard","meta":{"advanced_seo_description":"","jetpack_seo_html_title":"","jetpack_seo_noindex":false,"_jetpack_memberships_contains_paid_content":false,"footnotes":""},"categories":[77],"tags":[],"class_list":{"0":"post-73625","1":"post","2":"type-post","3":"status-publish","4":"format-standard","5":"has-post-thumbnail","7":"category-paranagua"},"jetpack_featured_media_url":"https:\/\/www.paranapraia.com.br\/wp-content\/uploads\/2025\/10\/19820.jpg","jetpack_sharing_enabled":true,"_links":{"self":[{"href":"https:\/\/www.paranapraia.com.br\/index.php\/wp-json\/wp\/v2\/posts\/73625"}],"collection":[{"href":"https:\/\/www.paranapraia.com.br\/index.php\/wp-json\/wp\/v2\/posts"}],"about":[{"href":"https:\/\/www.paranapraia.com.br\/index.php\/wp-json\/wp\/v2\/types\/post"}],"author":[{"embeddable":true,"href":"https:\/\/www.paranapraia.com.br\/index.php\/wp-json\/wp\/v2\/users\/2"}],"replies":[{"embeddable":true,"href":"https:\/\/www.paranapraia.com.br\/index.php\/wp-json\/wp\/v2\/comments?post=73625"}],"version-history":[{"count":1,"href":"https:\/\/www.paranapraia.com.br\/index.php\/wp-json\/wp\/v2\/posts\/73625\/revisions"}],"predecessor-version":[{"id":73627,"href":"https:\/\/www.paranapraia.com.br\/index.php\/wp-json\/wp\/v2\/posts\/73625\/revisions\/73627"}],"wp:featuredmedia":[{"embeddable":true,"href":"https:\/\/www.paranapraia.com.br\/index.php\/wp-json\/wp\/v2\/media\/73626"}],"wp:attachment":[{"href":"https:\/\/www.paranapraia.com.br\/index.php\/wp-json\/wp\/v2\/media?parent=73625"}],"wp:term":[{"taxonomy":"category","embeddable":true,"href":"https:\/\/www.paranapraia.com.br\/index.php\/wp-json\/wp\/v2\/categories?post=73625"},{"taxonomy":"post_tag","embeddable":true,"href":"https:\/\/www.paranapraia.com.br\/index.php\/wp-json\/wp\/v2\/tags?post=73625"}],"curies":[{"name":"wp","href":"https:\/\/api.w.org\/{rel}","templated":true}]}}