{"id":73539,"date":"2025-10-16T11:47:25","date_gmt":"2025-10-16T14:47:25","guid":{"rendered":"https:\/\/www.paranapraia.com.br\/?p=73539"},"modified":"2025-10-16T11:47:27","modified_gmt":"2025-10-16T14:47:27","slug":"governo-do-estado-reforca-vacinacao-nas-escolas-das-redes-publica-e-privada","status":"publish","type":"post","link":"https:\/\/www.paranapraia.com.br\/index.php\/2025\/10\/16\/governo-do-estado-reforca-vacinacao-nas-escolas-das-redes-publica-e-privada\/","title":{"rendered":"Governo do Estado refor\u00e7a vacina\u00e7\u00e3o nas escolas das redes p\u00fablica e privada"},"content":{"rendered":"\n<p>A Campanha Estadual de Multivacina\u00e7\u00e3o, que segue at\u00e9 31 de outubro, ganha refor\u00e7o nas escolas do Paran\u00e1, que recebem profissionais da sa\u00fade para imunizar crian\u00e7as e jovens nas institui\u00e7\u00f5es. A a\u00e7\u00e3o, coordenada pelas secretarias estaduais da Sa\u00fade e da Educa\u00e7\u00e3o, e feita pelas equipes municipais, envolve 7.392 escolas p\u00fablicas e 500 particulares nos 399 munic\u00edpios paranaenses.<\/p>\n\n\n\n<p>\u201cAs a\u00e7\u00f5es de vacina\u00e7\u00e3o em escolas se estendem durante todo o ano e devem ganhar ainda mais for\u00e7a com a Campanha de Multivacina\u00e7\u00e3o e o per\u00edodo de matr\u00edculas e rematr\u00edculas, j\u00e1 que os pais precisam apresentar a declara\u00e7\u00e3o de atualiza\u00e7\u00e3o vacinal\u201d, disse o secret\u00e1rio de Estado da Sa\u00fade em exerc\u00edcio, C\u00e9sar Neves.<\/p>\n\n\n\n<p>De abril a setembro de 2025 foram aplicadas 198.149 doses em ambiente escolar, sendo 145.970 de influenza, 6.745 vacinas contra a Covid-19 e 45.434 doses de vacinas da rotina.<\/p>\n\n\n\n<p>Foram avaliadas 467.610 cadernetas de vacina\u00e7\u00e3o e realizadas a\u00e7\u00f5es em 169 Associa\u00e7\u00f5es&nbsp;de Pais e Amigos do Excepcionais (APAEs), 1.191Centros Muncipais de Educa\u00e7\u00e3o Infantil (CMEIs), 2.030 escolas municipais, 1.190 escolas estaduais, 85 escolas particulares e 10 universidades.<\/p>\n\n\n\n<p>A meta \u00e9 refor\u00e7ar a imuniza\u00e7\u00e3o para mais de 2,4 milh\u00f5es de estudantes, com aplica\u00e7\u00e3o de vacinas contra influenza, febre amarela, Covid-19 e HPV, assim como atualizar toda a caderneta de vacina\u00e7\u00e3o. Antes de cada aplica\u00e7\u00e3o, as equipes de sa\u00fade avaliam a carteirinha do estudante para determinar quais vacinas ele poder\u00e1 receber.<\/p>\n\n\n\n<p><strong>PROTEGIDOS<\/strong>&nbsp;\u2013 O termo de consentimento, assinado pelos pais, assim como a apresenta\u00e7\u00e3o da caderneta de vacina\u00e7\u00e3o no dia do evento, s\u00e3o obrigat\u00f3rios para a aplica\u00e7\u00e3o das vacinas nas escolas. Os respons\u00e1veis poder\u00e3o acompanhar o processo presencialmente nas institui\u00e7\u00f5es de ensino. Os que n\u00e3o autorizarem a imuniza\u00e7\u00e3o dever\u00e3o apresentar, no prazo de at\u00e9 30 dias, a declara\u00e7\u00e3o de atualiza\u00e7\u00e3o vacinal, emitida por uma unidade de sa\u00fade.<\/p>\n\n\n\n<p>As escolas interessadas em participar devem entrar em contato com a Secretaria da Sa\u00fade de seu munic\u00edpio para agendar a a\u00e7\u00e3o. O Dia D de mobiliza\u00e7\u00e3o ser\u00e1 neste s\u00e1bado (18) em todos os munic\u00edpios do Paran\u00e1.<\/p>\n\n\n\n<p>Al\u00e9m de proteger os estudantes contra doen\u00e7as imunopreven\u00edveis, a campanha fortalece o v\u00ednculo entre escola, fam\u00edlia e comunidade, promovendo o cuidado integral dos estudantes.<\/p>\n\n\n\n<p>AEN\/PR<\/p>\n","protected":false},"excerpt":{"rendered":"<p>A Campanha Estadual de Multivacina\u00e7\u00e3o, que segue at\u00e9 31 de outubro, ganha refor\u00e7o nas escolas do Paran\u00e1, que recebem profissionais da sa\u00fade para imunizar crian\u00e7as e jovens nas institui\u00e7\u00f5es. A a\u00e7\u00e3o, coordenada pelas secretarias estaduais da Sa\u00fade e da Educa\u00e7\u00e3o, e feita pelas equipes municipais, envolve 7.392 escolas p\u00fablicas e 500 particulares nos 399 munic\u00edpios [&hellip;]<\/p>\n","protected":false},"author":2,"featured_media":73540,"comment_status":"open","ping_status":"open","sticky":false,"template":"","format":"standard","meta":{"advanced_seo_description":"","jetpack_seo_html_title":"","jetpack_seo_noindex":false,"_jetpack_memberships_contains_paid_content":false,"footnotes":""},"categories":[40],"tags":[],"class_list":{"0":"post-73539","1":"post","2":"type-post","3":"status-publish","4":"format-standard","5":"has-post-thumbnail","7":"category-destaques"},"jetpack_featured_media_url":"https:\/\/www.paranapraia.com.br\/wp-content\/uploads\/2025\/10\/dsc03983.jpg","jetpack_sharing_enabled":true,"_links":{"self":[{"href":"https:\/\/www.paranapraia.com.br\/index.php\/wp-json\/wp\/v2\/posts\/73539"}],"collection":[{"href":"https:\/\/www.paranapraia.com.br\/index.php\/wp-json\/wp\/v2\/posts"}],"about":[{"href":"https:\/\/www.paranapraia.com.br\/index.php\/wp-json\/wp\/v2\/types\/post"}],"author":[{"embeddable":true,"href":"https:\/\/www.paranapraia.com.br\/index.php\/wp-json\/wp\/v2\/users\/2"}],"replies":[{"embeddable":true,"href":"https:\/\/www.paranapraia.com.br\/index.php\/wp-json\/wp\/v2\/comments?post=73539"}],"version-history":[{"count":1,"href":"https:\/\/www.paranapraia.com.br\/index.php\/wp-json\/wp\/v2\/posts\/73539\/revisions"}],"predecessor-version":[{"id":73541,"href":"https:\/\/www.paranapraia.com.br\/index.php\/wp-json\/wp\/v2\/posts\/73539\/revisions\/73541"}],"wp:featuredmedia":[{"embeddable":true,"href":"https:\/\/www.paranapraia.com.br\/index.php\/wp-json\/wp\/v2\/media\/73540"}],"wp:attachment":[{"href":"https:\/\/www.paranapraia.com.br\/index.php\/wp-json\/wp\/v2\/media?parent=73539"}],"wp:term":[{"taxonomy":"category","embeddable":true,"href":"https:\/\/www.paranapraia.com.br\/index.php\/wp-json\/wp\/v2\/categories?post=73539"},{"taxonomy":"post_tag","embeddable":true,"href":"https:\/\/www.paranapraia.com.br\/index.php\/wp-json\/wp\/v2\/tags?post=73539"}],"curies":[{"name":"wp","href":"https:\/\/api.w.org\/{rel}","templated":true}]}}