{"id":73536,"date":"2025-10-16T10:07:46","date_gmt":"2025-10-16T13:07:46","guid":{"rendered":"https:\/\/www.paranapraia.com.br\/?p=73536"},"modified":"2025-10-16T10:07:48","modified_gmt":"2025-10-16T13:07:48","slug":"operacao-veredito-desarticula-faccao-que-impunha-tribunais-do-crime-em-paranagua-cinco-presos","status":"publish","type":"post","link":"https:\/\/www.paranapraia.com.br\/index.php\/2025\/10\/16\/operacao-veredito-desarticula-faccao-que-impunha-tribunais-do-crime-em-paranagua-cinco-presos\/","title":{"rendered":"Opera\u00e7\u00e3o \u201cVeredito\u201d desarticula fac\u00e7\u00e3o que impunha \u201ctribunais do crime\u201d em Paranagu\u00e1; cinco presos"},"content":{"rendered":"\n<p>A\u00e7\u00e3o conjunta prendeu quatro suspeitos por mandado e um em flagrante; apreens\u00f5es incluem muni\u00e7\u00e3o, drogas e r\u00e1dios usados pelo grupo<\/p>\n\n\n\n<p>Paranagu\u00e1 (PR) \u2014 16 de outubro de 2025 \u2014 Uma ofensiva integrada das for\u00e7as de seguran\u00e7a desarticulou, nesta quinta-feira, uma fac\u00e7\u00e3o criminosa que instaurava \u201ctribunais do crime\u201d na Vila S\u00e3o Jorge, em Paranagu\u00e1, impondo julgamentos e execu\u00e7\u00f5es sum\u00e1rias contra rivais e moradores. Batizada de Opera\u00e7\u00e3o Veredito, a a\u00e7\u00e3o foi coordenada pela Pol\u00edcia Civil do Paran\u00e1, com apoio da Pol\u00edcia Militar, For\u00e7a Nacional e Guarda Civil Municipal.<\/p>\n\n\n\n<h2 class=\"wp-block-heading\">Pris\u00f5es e apreens\u00f5es<\/h2>\n\n\n\n<p>Durante o cumprimento dos mandados, quatro pessoas foram presas preventivamente e uma em flagrante. As equipes tamb\u00e9m recolheram 34 muni\u00e7\u00f5es de calibre 9 mm, 105 buchas de crack, 57 por\u00e7\u00f5es de coca\u00edna, al\u00e9m de por\u00e7\u00f5es maiores de entorpecentes, r\u00e1dios comunicadores e outros equipamentos supostamente empregados na articula\u00e7\u00e3o do grupo.<\/p>\n\n\n\n<h2 class=\"wp-block-heading\">Golpe ao poder paralelo<\/h2>\n\n\n\n<p>De acordo com a Pol\u00edcia Civil, a opera\u00e7\u00e3o representa um golpe contundente ao crime organizado no Litoral do Paran\u00e1, reafirmando o compromisso das corpora\u00e7\u00f5es com a defesa da vida, a manuten\u00e7\u00e3o da ordem p\u00fablica e o enfrentamento a estruturas de poder paralelo que tentam se instalar no munic\u00edpio.<\/p>\n\n\n\n<h2 class=\"wp-block-heading\">Pr\u00f3ximos passos<\/h2>\n\n\n\n<p>Os presos foram encaminhados para unidades de cust\u00f3dia e ficar\u00e3o \u00e0 disposi\u00e7\u00e3o da Justi\u00e7a. O material apreendido ser\u00e1 periciado. As investiga\u00e7\u00f5es prosseguem para identificar poss\u00edveis comparsas, rotas de abastecimento e eventual lavagem de dinheiro associada \u00e0 fac\u00e7\u00e3o.<\/p>\n\n\n\n<p><strong>Servi\u00e7o \u00e0 popula\u00e7\u00e3o:<\/strong> den\u00fancias an\u00f4nimas sobre atividades criminosas podem ser feitas pelos canais oficiais das for\u00e7as de seguran\u00e7a. O sigilo \u00e9 garantido.<\/p>\n\n\n\n<p>Com informa\u00e7\u00f5es de JB Litoral<\/p>\n","protected":false},"excerpt":{"rendered":"<p>A\u00e7\u00e3o conjunta prendeu quatro suspeitos por mandado e um em flagrante; apreens\u00f5es incluem muni\u00e7\u00e3o, drogas e r\u00e1dios usados pelo grupo Paranagu\u00e1 (PR) \u2014 16 de outubro de 2025 \u2014 Uma ofensiva integrada das for\u00e7as de seguran\u00e7a desarticulou, nesta quinta-feira, uma fac\u00e7\u00e3o criminosa que instaurava \u201ctribunais do crime\u201d na Vila S\u00e3o Jorge, em Paranagu\u00e1, impondo julgamentos [&hellip;]<\/p>\n","protected":false},"author":2,"featured_media":73537,"comment_status":"open","ping_status":"open","sticky":false,"template":"","format":"standard","meta":{"advanced_seo_description":"","jetpack_seo_html_title":"","jetpack_seo_noindex":false,"_jetpack_memberships_contains_paid_content":false,"footnotes":""},"categories":[40],"tags":[],"class_list":{"0":"post-73536","1":"post","2":"type-post","3":"status-publish","4":"format-standard","5":"has-post-thumbnail","7":"category-destaques"},"jetpack_featured_media_url":"https:\/\/www.paranapraia.com.br\/wp-content\/uploads\/2025\/10\/image-6.jpg","jetpack_sharing_enabled":true,"_links":{"self":[{"href":"https:\/\/www.paranapraia.com.br\/index.php\/wp-json\/wp\/v2\/posts\/73536"}],"collection":[{"href":"https:\/\/www.paranapraia.com.br\/index.php\/wp-json\/wp\/v2\/posts"}],"about":[{"href":"https:\/\/www.paranapraia.com.br\/index.php\/wp-json\/wp\/v2\/types\/post"}],"author":[{"embeddable":true,"href":"https:\/\/www.paranapraia.com.br\/index.php\/wp-json\/wp\/v2\/users\/2"}],"replies":[{"embeddable":true,"href":"https:\/\/www.paranapraia.com.br\/index.php\/wp-json\/wp\/v2\/comments?post=73536"}],"version-history":[{"count":1,"href":"https:\/\/www.paranapraia.com.br\/index.php\/wp-json\/wp\/v2\/posts\/73536\/revisions"}],"predecessor-version":[{"id":73538,"href":"https:\/\/www.paranapraia.com.br\/index.php\/wp-json\/wp\/v2\/posts\/73536\/revisions\/73538"}],"wp:featuredmedia":[{"embeddable":true,"href":"https:\/\/www.paranapraia.com.br\/index.php\/wp-json\/wp\/v2\/media\/73537"}],"wp:attachment":[{"href":"https:\/\/www.paranapraia.com.br\/index.php\/wp-json\/wp\/v2\/media?parent=73536"}],"wp:term":[{"taxonomy":"category","embeddable":true,"href":"https:\/\/www.paranapraia.com.br\/index.php\/wp-json\/wp\/v2\/categories?post=73536"},{"taxonomy":"post_tag","embeddable":true,"href":"https:\/\/www.paranapraia.com.br\/index.php\/wp-json\/wp\/v2\/tags?post=73536"}],"curies":[{"name":"wp","href":"https:\/\/api.w.org\/{rel}","templated":true}]}}