{"id":73529,"date":"2025-10-16T09:50:12","date_gmt":"2025-10-16T12:50:12","guid":{"rendered":"https:\/\/www.paranapraia.com.br\/?p=73529"},"modified":"2025-10-16T09:50:14","modified_gmt":"2025-10-16T12:50:14","slug":"acao-estadual-leva-servicos-essenciais-a-populacao-na-divisa-entre-antonina-e-guaraquecaba","status":"publish","type":"post","link":"https:\/\/www.paranapraia.com.br\/index.php\/2025\/10\/16\/acao-estadual-leva-servicos-essenciais-a-populacao-na-divisa-entre-antonina-e-guaraquecaba\/","title":{"rendered":"A\u00e7\u00e3o estadual leva servi\u00e7os essenciais \u00e0 popula\u00e7\u00e3o na divisa entre Antonina e Guaraque\u00e7aba \u00a0"},"content":{"rendered":"\n<p>Na \u00faltima ter\u00e7a-feira (14), a divisa entre os munic\u00edpios de Antonina e Guaraque\u00e7aba recebeu a passagem do programa \u201cParan\u00e1 em A\u00e7\u00e3o\u201d, uma iniciativa do Governo do Estado do Paran\u00e1, por meio da Secretaria de Justi\u00e7a e Cidadania (SEJU). O projeto tem como objetivo aproximar o cidad\u00e3o dos servi\u00e7os p\u00fablicos, oferecendo em um \u00fanico espa\u00e7o diversos atendimentos e orienta\u00e7\u00f5es de \u00f3rg\u00e3os estaduais e municipais.<\/p>\n\n\n\n<p>A a\u00e7\u00e3o aconteceu na Aldeia Guarani Kuaray Haxa, localizada na divisa entre os dois munic\u00edpios, e reuniu uma ampla rede de parceiros, entre eles a Ju\u00edza da Comarca de Antonina, Pol\u00edcia Militar (PMPR), Pol\u00edcia Civil (PCPR), Tribunal de Justi\u00e7a do Paran\u00e1 (TJPR), Detran-PR, Promotoria de Justi\u00e7a, Cart\u00f3rio de Registro Civil, Funai, al\u00e9m da Secretaria Municipal de Assist\u00eancia Social, Secretaria Municipal de Meio Ambiente, Defesa Civil e Samae.<\/p>\n\n\n\n<p>Durante todo o dia, moradores da regi\u00e3o puderam acessar servi\u00e7os como emiss\u00e3o de documentos, atendimentos sociais e jur\u00eddicos, orienta\u00e7\u00f5es ambientais e outros benef\u00edcios gratuitos. A a\u00e7\u00e3o refor\u00e7ou o compromisso do Estado e dos munic\u00edpios em garantir cidadania, inclus\u00e3o e o acesso facilitado aos direitos fundamentais.<\/p>\n\n\n\n<p>A realiza\u00e7\u00e3o do \u201cParan\u00e1 em A\u00e7\u00e3o\u201d na divisa entre Antonina e Guaraque\u00e7aba demonstrou a import\u00e2ncia da uni\u00e3o entre as esferas estadual e municipal, proporcionando um atendimento humanizado, acolhedor e voltado \u00e0s necessidades reais da comunidade &nbsp;especialmente das popula\u00e7\u00f5es ind\u00edgenas e rurais que vivem mais distantes dos centros urbanos.<\/p>\n\n\n\n<p>Prefeitura de Antonina<\/p>\n","protected":false},"excerpt":{"rendered":"<p>Na \u00faltima ter\u00e7a-feira (14), a divisa entre os munic\u00edpios de Antonina e Guaraque\u00e7aba recebeu a passagem do programa \u201cParan\u00e1 em A\u00e7\u00e3o\u201d, uma iniciativa do Governo do Estado do Paran\u00e1, por meio da Secretaria de Justi\u00e7a e Cidadania (SEJU). O projeto tem como objetivo aproximar o cidad\u00e3o dos servi\u00e7os p\u00fablicos, oferecendo em um \u00fanico espa\u00e7o diversos [&hellip;]<\/p>\n","protected":false},"author":2,"featured_media":73530,"comment_status":"open","ping_status":"open","sticky":false,"template":"","format":"standard","meta":{"advanced_seo_description":"","jetpack_seo_html_title":"","jetpack_seo_noindex":false,"_jetpack_memberships_contains_paid_content":false,"footnotes":""},"categories":[40],"tags":[],"class_list":{"0":"post-73529","1":"post","2":"type-post","3":"status-publish","4":"format-standard","5":"has-post-thumbnail","7":"category-destaques"},"jetpack_featured_media_url":"https:\/\/www.paranapraia.com.br\/wp-content\/uploads\/2025\/10\/561350717_1259024316256636_3112431822624528596_n-e1760618998904.jpg","jetpack_sharing_enabled":true,"_links":{"self":[{"href":"https:\/\/www.paranapraia.com.br\/index.php\/wp-json\/wp\/v2\/posts\/73529"}],"collection":[{"href":"https:\/\/www.paranapraia.com.br\/index.php\/wp-json\/wp\/v2\/posts"}],"about":[{"href":"https:\/\/www.paranapraia.com.br\/index.php\/wp-json\/wp\/v2\/types\/post"}],"author":[{"embeddable":true,"href":"https:\/\/www.paranapraia.com.br\/index.php\/wp-json\/wp\/v2\/users\/2"}],"replies":[{"embeddable":true,"href":"https:\/\/www.paranapraia.com.br\/index.php\/wp-json\/wp\/v2\/comments?post=73529"}],"version-history":[{"count":1,"href":"https:\/\/www.paranapraia.com.br\/index.php\/wp-json\/wp\/v2\/posts\/73529\/revisions"}],"predecessor-version":[{"id":73531,"href":"https:\/\/www.paranapraia.com.br\/index.php\/wp-json\/wp\/v2\/posts\/73529\/revisions\/73531"}],"wp:featuredmedia":[{"embeddable":true,"href":"https:\/\/www.paranapraia.com.br\/index.php\/wp-json\/wp\/v2\/media\/73530"}],"wp:attachment":[{"href":"https:\/\/www.paranapraia.com.br\/index.php\/wp-json\/wp\/v2\/media?parent=73529"}],"wp:term":[{"taxonomy":"category","embeddable":true,"href":"https:\/\/www.paranapraia.com.br\/index.php\/wp-json\/wp\/v2\/categories?post=73529"},{"taxonomy":"post_tag","embeddable":true,"href":"https:\/\/www.paranapraia.com.br\/index.php\/wp-json\/wp\/v2\/tags?post=73529"}],"curies":[{"name":"wp","href":"https:\/\/api.w.org\/{rel}","templated":true}]}}