{"id":73526,"date":"2025-10-16T09:16:27","date_gmt":"2025-10-16T12:16:27","guid":{"rendered":"https:\/\/www.paranapraia.com.br\/?p=73526"},"modified":"2025-10-16T09:16:29","modified_gmt":"2025-10-16T12:16:29","slug":"tres-paranaenses-sao-finalistas-nacionais-do-premio-sebrae-mulher-de-negocios","status":"publish","type":"post","link":"https:\/\/www.paranapraia.com.br\/index.php\/2025\/10\/16\/tres-paranaenses-sao-finalistas-nacionais-do-premio-sebrae-mulher-de-negocios\/","title":{"rendered":"Tr\u00eas paranaenses s\u00e3o finalistas nacionais do Pr\u00eamio Sebrae Mulher de Neg\u00f3cios"},"content":{"rendered":"\n<p><em>Gelir, de Toledo; Patricia e Lia, ambas de Curitiba, est\u00e3o entre as 35 selecionadas de todo o Brasil<\/em><\/p>\n\n\n\n<p>As trajet\u00f3rias de for\u00e7a e resili\u00eancia de mulheres do Paran\u00e1 seguem conquistando espa\u00e7o pelo Pa\u00eds. Tr\u00eas delas est\u00e3o na grande final do&nbsp;<a href=\"https:\/\/sebrae.com.br\/sites\/PortalSebrae\/empreendedorismofeminino\/premiomulherdenegocios\" target=\"_blank\" rel=\"noreferrer noopener\">Pr\u00eamio Sebrae Mulher de Neg\u00f3cios<\/a>&nbsp;por conta de suas hist\u00f3rias e empreendimentos de sucesso: Gelir Maria Giombelli, de Toledo, na categoria Produtora Rural; Patricia Baudy, de Curitiba, em Pequenos Neg\u00f3cios; e Lia Barros, tamb\u00e9m da capital, em Neg\u00f3cios Internacionais.<\/p>\n\n\n\n<p>A etapa estadual do PSMN contou com 1.102 inscritas, deixando o Paran\u00e1 como o segundo em inscri\u00e7\u00f5es, atr\u00e1s apenas de S\u00e3o Paulo. No Brasil, oPr\u00eamio alcan\u00e7ou a marca de 5.308 empreendedoras inscritas em 2025, aumento de 101% em rela\u00e7\u00e3o ao ano anterior. As grandes vencedoras nacionais do PSMN ser\u00e3o conhecidas durante o&nbsp;<a href=\"https:\/\/delassummit.com.br\/\" target=\"_blank\" rel=\"noreferrer noopener\">Delas Summit<\/a>, evento que acontece em Florian\u00f3polis (SC) entre 30 e 31 de outubro.<\/p>\n\n\n\n<p>Levantamento do Sebrae\/PR com base na Receita Federal indica que existem 878.669 empresas lideradas por mulheres no Paran\u00e1, o que corresponde a 47,9% dos neg\u00f3cios formais do Estado. Elas s\u00e3o maioria nos setores de Servi\u00e7o (51,7%) e Com\u00e9rcio (50,3%). Al\u00e9m disso, no primeiro semestre de 2025, mais de 94 mil empresas foram abertas por mulheres, de acordo com o Cadastro Geral de Empregados e Desempregados<\/p>\n\n\n\n<p>\u201cO Pr\u00eamio refor\u00e7a o papel das mulheres na economia e reconhece o impacto real que elas geram em seus territ\u00f3rios. Ao realizar iniciativas como essa, o Sebrae reafirma seu compromisso em promover igualdade de oportunidades e fortalecer o empreendedorismo feminino\u201d, afirmou Let\u00edcia Monteiro Pimentel, consultora do Sebrae\/PR.<\/p>\n\n\n\n<p><strong>Neg\u00f3cios Internacionais<\/strong><\/p>\n\n\n\n<p>Uma das tr\u00eas paranaenses \u00e9 Lia Barros, de 57 anos e moradora de Curitiba, que carrega no curr\u00edculo uma trajet\u00f3ria marcada por coragem, resili\u00eancia e reinven\u00e7\u00e3o. Ela est\u00e1 entre as finalistas da categoria Neg\u00f3cios Internacionais. Sua hist\u00f3ria como empreendedora come\u00e7ou em 2008, em Buenos Aires (ARG), quando abriu uma escola de idiomas. Depois, em 2014, migrou para o ecoturismo e, em 2018, oficializou na Argentina a Slow &amp;SteadyTravel, empreendimento que chegaria ao Brasil em 2022.<\/p>\n\n\n\n<p>O neg\u00f3cio tem como proposta criar experi\u00eancias de turismo sustent\u00e1velvoltadas \u00e0s pessoas a partir dos 50 anos. S\u00e3o grupos ou viagens pensadas sob medida, que podem incluir bem-estar, expedi\u00e7\u00f5es de fotografia ou roteiros exclusivos para mulheres. Nada disso, por\u00e9m, aconteceu sem obst\u00e1culos.<\/p>\n\n\n\n<p>Lia enfrentou a pandemia com um hotel rec\u00e9m-inaugurado e viu o setor de turismo praticamente parar. Teve de desconstruir e reconstruir, mas sem abrir m\u00e3o dos princ\u00edpios que nortearam sua atua\u00e7\u00e3o: sustentabilidade, diversidade, igualdade e inclus\u00e3o. No meio do caminho, tamb\u00e9m encarou um c\u00e2ncer de mama e os desafios de ser m\u00e3e solo de duas filhas. Agora, sua hist\u00f3ria alcan\u00e7a todo o Brasil.<\/p>\n\n\n\n<p>\u201cEstar na etapa final me emociona e me compromete, especialmente neste ano, t\u00e3o delicado e especial para mim. Sinto que levo comigo a voz de milhares de empreendedoras e mulheres com mais de 50 anos, que recome\u00e7amos muitas vezes e seguimos abrindo caminhos. Para mim \u00e9 um antes e um depois na minha trajet\u00f3ria e a prova de que sim, vale a pena insistir no que a&nbsp;gente&nbsp;acredita\u201d, celebrou.<\/p>\n\n\n\n<p><strong>Produtora Rural<\/strong><\/p>\n\n\n\n<p>Criada em uma fam\u00edlia de agricultores, que se dedicava ao cultivo de gr\u00e3os, Gelir Maria Giombelli, 60 anos, \u00e9 uma das finalistas da categoria Produtora Rural. Moradora da Linha Catua\u00ed, em Toledo, no Oeste do Paran\u00e1, ela conta que, junto com a m\u00e3e, decidiu seguir um novo caminho ao investir na produ\u00e7\u00e3o de leite, atividade que mantiveram por 20 anos.<\/p>\n\n\n\n<p>Ao buscar o Sebrae\/PR, Gelir encontrou for\u00e7as para realizar sonhos e transformar seu trabalho. Hoje, ela administra uma f\u00e1brica de queijos que produzquatro tipos: Tomme Negro D\u2019Oeste (queijo fino), colonial maturado, colonial fresco e Bellagio (\u00e0 base de cidreira), com uma produ\u00e7\u00e3o mensal superior a 500 quilos.<\/p>\n\n\n\n<p>Os produtos s\u00e3o comercializados em todo o Paran\u00e1, gra\u00e7as ao Sistema Unificado Estadual de Sanidade Agroindustrial Familiar, Artesanal e de Pequeno Porte (Susaf). A produtora se emociona ao ver seu nome entre as finalistas nacionais.<\/p>\n\n\n\n<p>\u201c\u00c9 uma emo\u00e7\u00e3o muito grande, estou muito orgulhosa da minha hist\u00f3ria ter sido selecionada e estar representando todas as mulheres do agro, a alegria que n\u00e3o me cabe dentro de mim\u201d, destacou.<\/p>\n\n\n\n<p><strong>Pequenos Neg\u00f3cios<\/strong><\/p>\n\n\n\n<p>Outra moradora da capital paranaense que se destaca nacionalmente \u00e9 Patricia do Rocio Baudy, de 44 anos.Ela fundou a Confidence Semijoias e tem a trajet\u00f3ria marcada pela resili\u00eancia. Foi m\u00e3e jovem, sobrevivente de um relacionamento abusivo e portadora de uma doen\u00e7a autoimune. Ela construiu um neg\u00f3cio de impacto que, por meio de um modelo de consigna\u00e7\u00e3o, oferece a centenas de mulheres a oportunidade de empreender sem investimento inicial, para conquistar independ\u00eancia financeira e autoestima.<\/p>\n\n\n\n<p>A motiva\u00e7\u00e3o de Patricia veio da necessidade de recome\u00e7ar sua vida com dignidade e liberdade. Com apenas R$ 5.000, ela identificou no modelo de consigna\u00e7\u00e3o a chave para resolver uma dor comum: a falta de capital para mulheres come\u00e7arem a empreender. A Confidence nasceu como um movimento que transforma dificuldades em oportunidades.<\/p>\n\n\n\n<p>Mais do que vender semijoias, ela conta que busca entregar pertencimento e uma rede de apoio. O modelo permite que revendedoras gerem renda imediata, enquanto a empresa amplia seu alcance para mais de 4.200 pontos de venda no pa\u00eds, um quiosque f\u00edsico e um e-commerce. O impacto extrapola as vendas,com apoio a projetos como o Instituto Batom e a comunidades vulner\u00e1veis.Chegar \u00e0 final \u00e9 a confirma\u00e7\u00e3o de sua trajet\u00f3ria iniciada em 2014, marcada por dedica\u00e7\u00e3o, prop\u00f3sito e muito foco.<\/p>\n\n\n\n<p>\u201cO legado que quero deixar \u00e9 o de mostrar que somos mulheres capazes de vencer e de transformar o mundo em um lugar ainda melhor. Para mim, esse reconhecimento representa n\u00e3o apenas a minha hist\u00f3ria, mas a for\u00e7a de milhares de mulheres empreendedoras que, assim como eu, transformam desafios em oportunidades e neg\u00f3cios em liberdade\u201d, comemorou.<\/p>\n\n\n\n<p><strong>An\u00fancio<\/strong><\/p>\n\n\n\n<p>As grandes vencedoras do PSMN ser\u00e3o conhecidas durante o&nbsp;<a href=\"https:\/\/delassummit.com.br\/\" target=\"_blank\" rel=\"noreferrer noopener\">Delas Summit<\/a>, evento que reunir\u00e1 hist\u00f3rias inspiradoras e debates sobre lideran\u00e7a feminina e empreendedorismo. Em sua terceira edi\u00e7\u00e3o, o evento acontece em 30 e 31 de outubro de 2025, das 11h \u00e0s 20h, no CentroSul, localizado na Av. Gov. Gustavo Richard, 850, Centro, Florian\u00f3polis (SC). A premia\u00e7\u00e3o est\u00e1 prevista para quinta-feira (30), \u00e0s 16h20.<\/p>\n\n\n\n<p>Na grande final, at\u00e9 15 participantes ser\u00e3o coroadas vencedoras entre cerca de 35 finalistas distribu\u00eddas nas categorias Pequenos Neg\u00f3cios, Produtora Rural, MEI, Ci\u00eancia e Tecnologia e Neg\u00f3cios Internacionais. Ser\u00e3o premiadas as tr\u00eas melhores colocadas de cada categoria, com os selos Ouro (1\u00ba lugar), Prata (2\u00ba lugar) e Bronze (3\u00ba lugar). As premiadas receber\u00e3o capacita\u00e7\u00e3o, miss\u00e3o t\u00e9cnica, mentoria on-line, custeio para participa\u00e7\u00e3o na final e premia\u00e7\u00e3o&nbsp;em&nbsp;dinheiro.<\/p>\n\n\n\n<p>Assessoria<\/p>\n","protected":false},"excerpt":{"rendered":"<p>Gelir, de Toledo; Patricia e Lia, ambas de Curitiba, est\u00e3o entre as 35 selecionadas de todo o Brasil As trajet\u00f3rias de for\u00e7a e resili\u00eancia de mulheres do Paran\u00e1 seguem conquistando espa\u00e7o pelo Pa\u00eds. Tr\u00eas delas est\u00e3o na grande final do&nbsp;Pr\u00eamio Sebrae Mulher de Neg\u00f3cios&nbsp;por conta de suas hist\u00f3rias e empreendimentos de sucesso: Gelir Maria Giombelli, [&hellip;]<\/p>\n","protected":false},"author":2,"featured_media":73527,"comment_status":"open","ping_status":"open","sticky":false,"template":"","format":"standard","meta":{"advanced_seo_description":"","jetpack_seo_html_title":"","jetpack_seo_noindex":false,"_jetpack_memberships_contains_paid_content":false,"footnotes":""},"categories":[40],"tags":[],"class_list":{"0":"post-73526","1":"post","2":"type-post","3":"status-publish","4":"format-standard","5":"has-post-thumbnail","7":"category-destaques"},"jetpack_featured_media_url":"https:\/\/www.paranapraia.com.br\/wp-content\/uploads\/2025\/10\/Gelir-e-Piana-Produtora-Rural-PSMN.jpg","jetpack_sharing_enabled":true,"_links":{"self":[{"href":"https:\/\/www.paranapraia.com.br\/index.php\/wp-json\/wp\/v2\/posts\/73526"}],"collection":[{"href":"https:\/\/www.paranapraia.com.br\/index.php\/wp-json\/wp\/v2\/posts"}],"about":[{"href":"https:\/\/www.paranapraia.com.br\/index.php\/wp-json\/wp\/v2\/types\/post"}],"author":[{"embeddable":true,"href":"https:\/\/www.paranapraia.com.br\/index.php\/wp-json\/wp\/v2\/users\/2"}],"replies":[{"embeddable":true,"href":"https:\/\/www.paranapraia.com.br\/index.php\/wp-json\/wp\/v2\/comments?post=73526"}],"version-history":[{"count":1,"href":"https:\/\/www.paranapraia.com.br\/index.php\/wp-json\/wp\/v2\/posts\/73526\/revisions"}],"predecessor-version":[{"id":73528,"href":"https:\/\/www.paranapraia.com.br\/index.php\/wp-json\/wp\/v2\/posts\/73526\/revisions\/73528"}],"wp:featuredmedia":[{"embeddable":true,"href":"https:\/\/www.paranapraia.com.br\/index.php\/wp-json\/wp\/v2\/media\/73527"}],"wp:attachment":[{"href":"https:\/\/www.paranapraia.com.br\/index.php\/wp-json\/wp\/v2\/media?parent=73526"}],"wp:term":[{"taxonomy":"category","embeddable":true,"href":"https:\/\/www.paranapraia.com.br\/index.php\/wp-json\/wp\/v2\/categories?post=73526"},{"taxonomy":"post_tag","embeddable":true,"href":"https:\/\/www.paranapraia.com.br\/index.php\/wp-json\/wp\/v2\/tags?post=73526"}],"curies":[{"name":"wp","href":"https:\/\/api.w.org\/{rel}","templated":true}]}}