{"id":73405,"date":"2025-10-13T16:29:39","date_gmt":"2025-10-13T19:29:39","guid":{"rendered":"https:\/\/www.paranapraia.com.br\/?p=73405"},"modified":"2025-10-13T16:29:41","modified_gmt":"2025-10-13T19:29:41","slug":"litoral-do-parana-encerra-participacao-na-fitpar-com-convite-para-integrar-o-comite-descubra-brasil","status":"publish","type":"post","link":"https:\/\/www.paranapraia.com.br\/index.php\/2025\/10\/13\/litoral-do-parana-encerra-participacao-na-fitpar-com-convite-para-integrar-o-comite-descubra-brasil\/","title":{"rendered":"Litoral do Paran\u00e1 encerra participa\u00e7\u00e3o na FITPAR com convite para integrar o Comit\u00ea Descubra Brasil"},"content":{"rendered":"\n<p><a><\/a>Durante os tr\u00eas dias da Feira Internacional de Turismo do Paraguai, o litoral paranaense apresentou seus destinos, participou de reuni\u00f5es estrat\u00e9gicas e recebeu o convite da Embaixada do Brasil para integrar o comit\u00ea que promove o pa\u00eds no mercado paraguaio.<\/p>\n\n\n\n<p>A participa\u00e7\u00e3o do litoral do Paran\u00e1 na FITPAR 2025, realizada em Assun\u00e7\u00e3o entre os dias 10 e 12 de outubro, consolidou uma s\u00e9rie de agendas voltadas \u00e0 promo\u00e7\u00e3o tur\u00edstica da regi\u00e3o. A comitiva paranaense apresentou os sete munic\u00edpios do litoral, recebeu o convite para integrar o Comit\u00ea Descubra Brasil e participou de encontros com autoridades e operadores do setor.<\/p>\n\n\n\n<p>A comitiva oficial de Pontal do Paran\u00e1 foi composta pelo prefeito Rud\u00e3o Gimenes, a secret\u00e1ria de Turismo e Desenvolvimento Econ\u00f4mico, Luciana Goldschmidt Costa, pela diretora de Turismo, Nathalia Centurion Franzoi, pelo superintendente de Comunica\u00e7\u00e3o, Marcelo Elisio, e por Dona Cida Gimenes, presidente de honra do Provopar, que acompanhou a equipe. Tamb\u00e9m integrou o grupo a turism\u00f3loga Maria Carolina Gon\u00e7alves, da Turismo Sambaqui, empresa operadora de passeios em Pontal do Paran\u00e1.<\/p>\n\n\n\n<p>Participaram ainda o secret\u00e1rio de Turismo de Morretes, Gilton Dias J\u00fanior, e, por Matinhos, a secret\u00e1ria de Turismo K\u00e1ssia Novochadlo, a diretora de Turismo Ana Cinthia e a chefe de Marketing e Propaganda, Suelen Afonso. Pela Adetur Litoral, estiveram presentes o presidente Rafael Folman e as dirigentes Patr\u00edcia Assis e Allana Araujo.<\/p>\n\n\n\n<p>Durante a feira, o embaixador do Brasil no Paraguai, Jos\u00e9 Antonio Marcondes de Carvalho, acompanhado do diplomata Henri Yves Pinal Carri\u00e8res, respons\u00e1vel pelo Setor de Promo\u00e7\u00e3o de Com\u00e9rcio, Investimentos e Turismo (SECOM) do Itamaraty, convidou os munic\u00edpios litor\u00e2neos a integrarem o Comit\u00ea Descubra Brasil. A iniciativa articula a\u00e7\u00f5es conjuntas entre o poder p\u00fablico e o setor privado para ampliar a presen\u00e7a dos destinos brasileiros no mercado paraguaio.<\/p>\n\n\n\n<p>O presidente da Adetur Litoral, Rafael Folman, agradeceu a receptividade e convidou o embaixador a conhecer o litoral do Paran\u00e1. \u201cO litoral tem um conjunto de destinos integrados e preparados para o visitante paraguaio. A aproxima\u00e7\u00e3o com o comit\u00ea amplia as oportunidades de divulga\u00e7\u00e3o regional\u201d, afirmou.<\/p>\n\n\n\n<p>O prefeito de Pontal do Paran\u00e1, Rud\u00e3o Gimenes, que representou o litoral na programa\u00e7\u00e3o t\u00e9cnica da feira, apresentou no s\u00e1bado (11), \u00e0s 16h, uma palestra sobre os sete munic\u00edpios que comp\u00f5em a regi\u00e3o. Em sua fala, destacou a import\u00e2ncia da coopera\u00e7\u00e3o entre as cidades para potencializar o turismo regional e ampliar a presen\u00e7a do litoral paranaense em mercados internacionais.<\/p>\n\n\n\n<p>\u201cEstar na FITPAR \u00e9 abrir espa\u00e7o para que o litoral do Paran\u00e1 seja conhecido de forma conjunta, com identidade e objetivos comuns. Essa integra\u00e7\u00e3o \u00e9 essencial para atrair novos visitantes e fortalecer nossa economia local\u201d, disse.<\/p>\n\n\n\n<p>A FITPAR 2025 reuniu mais de 200 expositores nacionais e internacionais, representando 350 marcas e destinos tur\u00edsticos no Centro de Convenciones Mariscal, em Assun\u00e7\u00e3o. O evento reafirmou a relev\u00e2ncia do Paraguai como parceiro estrat\u00e9gico para o turismo brasileiro e abriu novas perspectivas de coopera\u00e7\u00e3o entre os destinos do litoral do Paran\u00e1 e o mercado paraguaio.<\/p>\n\n\n\n<p>Prefeitura de Pontal do Paran\u00e1<\/p>\n","protected":false},"excerpt":{"rendered":"<p>Durante os tr\u00eas dias da Feira Internacional de Turismo do Paraguai, o litoral paranaense apresentou seus destinos, participou de reuni\u00f5es estrat\u00e9gicas e recebeu o convite da Embaixada do Brasil para integrar o comit\u00ea que promove o pa\u00eds no mercado paraguaio. A participa\u00e7\u00e3o do litoral do Paran\u00e1 na FITPAR 2025, realizada em Assun\u00e7\u00e3o entre os dias [&hellip;]<\/p>\n","protected":false},"author":2,"featured_media":73406,"comment_status":"open","ping_status":"open","sticky":false,"template":"","format":"standard","meta":{"advanced_seo_description":"","jetpack_seo_html_title":"","jetpack_seo_noindex":false,"_jetpack_memberships_contains_paid_content":false,"footnotes":""},"categories":[65],"tags":[],"class_list":{"0":"post-73405","1":"post","2":"type-post","3":"status-publish","4":"format-standard","5":"has-post-thumbnail","7":"category-pontal-do-parana"},"jetpack_featured_media_url":"https:\/\/www.paranapraia.com.br\/wp-content\/uploads\/2025\/10\/559074250_1156983866530569_3115852031519659403_n.jpg","jetpack_sharing_enabled":true,"_links":{"self":[{"href":"https:\/\/www.paranapraia.com.br\/index.php\/wp-json\/wp\/v2\/posts\/73405"}],"collection":[{"href":"https:\/\/www.paranapraia.com.br\/index.php\/wp-json\/wp\/v2\/posts"}],"about":[{"href":"https:\/\/www.paranapraia.com.br\/index.php\/wp-json\/wp\/v2\/types\/post"}],"author":[{"embeddable":true,"href":"https:\/\/www.paranapraia.com.br\/index.php\/wp-json\/wp\/v2\/users\/2"}],"replies":[{"embeddable":true,"href":"https:\/\/www.paranapraia.com.br\/index.php\/wp-json\/wp\/v2\/comments?post=73405"}],"version-history":[{"count":1,"href":"https:\/\/www.paranapraia.com.br\/index.php\/wp-json\/wp\/v2\/posts\/73405\/revisions"}],"predecessor-version":[{"id":73407,"href":"https:\/\/www.paranapraia.com.br\/index.php\/wp-json\/wp\/v2\/posts\/73405\/revisions\/73407"}],"wp:featuredmedia":[{"embeddable":true,"href":"https:\/\/www.paranapraia.com.br\/index.php\/wp-json\/wp\/v2\/media\/73406"}],"wp:attachment":[{"href":"https:\/\/www.paranapraia.com.br\/index.php\/wp-json\/wp\/v2\/media?parent=73405"}],"wp:term":[{"taxonomy":"category","embeddable":true,"href":"https:\/\/www.paranapraia.com.br\/index.php\/wp-json\/wp\/v2\/categories?post=73405"},{"taxonomy":"post_tag","embeddable":true,"href":"https:\/\/www.paranapraia.com.br\/index.php\/wp-json\/wp\/v2\/tags?post=73405"}],"curies":[{"name":"wp","href":"https:\/\/api.w.org\/{rel}","templated":true}]}}