{"id":73402,"date":"2025-10-13T16:27:02","date_gmt":"2025-10-13T19:27:02","guid":{"rendered":"https:\/\/www.paranapraia.com.br\/?p=73402"},"modified":"2025-10-13T16:27:04","modified_gmt":"2025-10-13T19:27:04","slug":"jovens-de-pontal-do-parana-recebem-certificados-de-dispensa-de-incorporacao-em-cerimonia-civica","status":"publish","type":"post","link":"https:\/\/www.paranapraia.com.br\/index.php\/2025\/10\/13\/jovens-de-pontal-do-parana-recebem-certificados-de-dispensa-de-incorporacao-em-cerimonia-civica\/","title":{"rendered":"Jovens de Pontal do Paran\u00e1 recebem Certificados de Dispensa de Incorpora\u00e7\u00e3o em cerim\u00f4nia c\u00edvica"},"content":{"rendered":"\n<p>Na <a><\/a>manh\u00e3 desta segunda-feira (13), a Escola Municipal C\u00edvico-Militar Ezequiel Pinto da Silva sediou a cerim\u00f4nia de entrega dos Certificados de Dispensa de Incorpora\u00e7\u00e3o (CDI) e do juramento \u00e0 Bandeira Nacional.<\/p>\n\n\n\n<p>O evento reuniu mais de 80 jovens da classe de 2007, dispensados do servi\u00e7o militar inicial no munic\u00edpio, conforme o \u00a76\u00ba do artigo 107 e os artigos 216 e 217 do Regulamento da Lei do Servi\u00e7o Militar.<\/p>\n\n\n\n<p>Durante a solenidade, os participantes realizaram o juramento \u00e0 Bandeira, ato que simboliza o dever c\u00edvico e o respeito aos valores da p\u00e1tria. Essa cerim\u00f4nia \u00e9 realizada uma vez por ano em Pontal do Paran\u00e1.<\/p>\n\n\n\n<p>Entre as autoridades presentes estavam o prefeito e presidente da Junta de Servi\u00e7o Militar, Rud\u00e3o Gimenes; o tenente-coronel Alexandre Gomes Pinh\u00e3o da Silveira, chefe do Posto de Recrutamento e Mobiliza\u00e7\u00e3o da 5\u00aa Regi\u00e3o Militar; a vice-prefeita Patr\u00edcia Millo Marcomini; o 1\u00ba tenente Giovani Pereira Nunes, delegado do Servi\u00e7o Militar; a presidente da C\u00e2mara Municipal, vereadora Elinete Guimar\u00e3es Rocha; o secret\u00e1rio da Junta de Servi\u00e7o Militar, Ciltomir Mendes; a secret\u00e1ria de Turismo e Desenvolvimento Econ\u00f4mico, Luciana Goldschmidt Costa; o gerente da Ag\u00eancia do Trabalhador, Albor Neto; o secret\u00e1rio de Governo, Fabio de Oliveira; o subtenente PM Andr\u00e9 Luiz de Almeida Figueiredo, diretor militar do Col\u00e9gio C\u00edvico-Militar H\u00e9lio Ant\u00f4nio de Souza; as vereadoras Any Messina e Elinete Guimar\u00e3es Rocha; o subtenente Sami Martins Cardozo; o comandante da Guarda Municipal, Giovani do Ros\u00e1rio; o delegado da Pol\u00edcia Civil, Jader Roberto Ferreira; o tenente do Corpo de Bombeiros, Lucas dos Santos; e o subtenente Antunes, da escola anfitri\u00e3.<\/p>\n\n\n\n<p>Em seu discurso, o prefeito Rud\u00e3o Gimenes destacou a import\u00e2ncia do momento:<\/p>\n\n\n\n<p>\u201c\u00c9 uma alegria acompanhar este momento t\u00e3o importante na vida de nossos jovens. Receber o Certificado de Dispensa de Incorpora\u00e7\u00e3o e jurar \u00e0 Bandeira Nacional \u00e9 assumir responsabilidade e respeito \u00e0 p\u00e1tria. Parab\u00e9ns a cada um de voc\u00eas e \u00e0s fam\u00edlias que os acompanham. Que este seja o in\u00edcio de uma trajet\u00f3ria de conquistas e dedica\u00e7\u00e3o \u00e0 nossa sociedade.\u201d<\/p>\n\n\n\n<p>O Certificado de Dispensa de Incorpora\u00e7\u00e3o \u00e9 um documento essencial para o cidad\u00e3o brasileiro, pois garante o acesso a diversos direitos civis. Sem ele, n\u00e3o \u00e9 poss\u00edvel emitir documentos como o T\u00edtulo de Eleitor, entre outros que exigem a quita\u00e7\u00e3o com o servi\u00e7o militar.<\/p>\n\n\n\n<p>O alistamento \u00e9 obrigat\u00f3rio e, sem realiz\u00e1-lo, o cidad\u00e3o fica impedido de obter passaporte, ingressar no servi\u00e7o p\u00fablico ou matricular-se em institui\u00e7\u00f5es de ensino, inclusive universidades. O atraso no prazo pode gerar multa, com valor vari\u00e1vel conforme o tempo decorrido.<\/p>\n\n\n\n<p>Para os jovens e suas fam\u00edlias, a cerim\u00f4nia \u00e9 um momento marcante, que simboliza o in\u00edcio da vida adulta e o cumprimento de um importante dever com o pa\u00eds.<\/p>\n\n\n\n<p>Prefeitura de Pontal do Paran\u00e1<\/p>\n","protected":false},"excerpt":{"rendered":"<p>Na manh\u00e3 desta segunda-feira (13), a Escola Municipal C\u00edvico-Militar Ezequiel Pinto da Silva sediou a cerim\u00f4nia de entrega dos Certificados de Dispensa de Incorpora\u00e7\u00e3o (CDI) e do juramento \u00e0 Bandeira Nacional. O evento reuniu mais de 80 jovens da classe de 2007, dispensados do servi\u00e7o militar inicial no munic\u00edpio, conforme o \u00a76\u00ba do artigo 107 [&hellip;]<\/p>\n","protected":false},"author":2,"featured_media":73403,"comment_status":"open","ping_status":"open","sticky":false,"template":"","format":"standard","meta":{"advanced_seo_description":"","jetpack_seo_html_title":"","jetpack_seo_noindex":false,"_jetpack_memberships_contains_paid_content":false,"footnotes":""},"categories":[65],"tags":[],"class_list":{"0":"post-73402","1":"post","2":"type-post","3":"status-publish","4":"format-standard","5":"has-post-thumbnail","7":"category-pontal-do-parana"},"jetpack_featured_media_url":"https:\/\/www.paranapraia.com.br\/wp-content\/uploads\/2025\/10\/563108727_1157150289847260_5732969060224275710_n.jpg","jetpack_sharing_enabled":true,"_links":{"self":[{"href":"https:\/\/www.paranapraia.com.br\/index.php\/wp-json\/wp\/v2\/posts\/73402"}],"collection":[{"href":"https:\/\/www.paranapraia.com.br\/index.php\/wp-json\/wp\/v2\/posts"}],"about":[{"href":"https:\/\/www.paranapraia.com.br\/index.php\/wp-json\/wp\/v2\/types\/post"}],"author":[{"embeddable":true,"href":"https:\/\/www.paranapraia.com.br\/index.php\/wp-json\/wp\/v2\/users\/2"}],"replies":[{"embeddable":true,"href":"https:\/\/www.paranapraia.com.br\/index.php\/wp-json\/wp\/v2\/comments?post=73402"}],"version-history":[{"count":1,"href":"https:\/\/www.paranapraia.com.br\/index.php\/wp-json\/wp\/v2\/posts\/73402\/revisions"}],"predecessor-version":[{"id":73404,"href":"https:\/\/www.paranapraia.com.br\/index.php\/wp-json\/wp\/v2\/posts\/73402\/revisions\/73404"}],"wp:featuredmedia":[{"embeddable":true,"href":"https:\/\/www.paranapraia.com.br\/index.php\/wp-json\/wp\/v2\/media\/73403"}],"wp:attachment":[{"href":"https:\/\/www.paranapraia.com.br\/index.php\/wp-json\/wp\/v2\/media?parent=73402"}],"wp:term":[{"taxonomy":"category","embeddable":true,"href":"https:\/\/www.paranapraia.com.br\/index.php\/wp-json\/wp\/v2\/categories?post=73402"},{"taxonomy":"post_tag","embeddable":true,"href":"https:\/\/www.paranapraia.com.br\/index.php\/wp-json\/wp\/v2\/tags?post=73402"}],"curies":[{"name":"wp","href":"https:\/\/api.w.org\/{rel}","templated":true}]}}