{"id":73399,"date":"2025-10-13T16:23:09","date_gmt":"2025-10-13T19:23:09","guid":{"rendered":"https:\/\/www.paranapraia.com.br\/?p=73399"},"modified":"2025-10-13T16:23:11","modified_gmt":"2025-10-13T19:23:11","slug":"praca-em-alexandra-e-revitalizada-apos-22-anos-pela-prefeitura-de-paranagua","status":"publish","type":"post","link":"https:\/\/www.paranapraia.com.br\/index.php\/2025\/10\/13\/praca-em-alexandra-e-revitalizada-apos-22-anos-pela-prefeitura-de-paranagua\/","title":{"rendered":"Pra\u00e7a em Alexandra \u00e9 revitalizada ap\u00f3s 22 anos pela Prefeitura de Paranagu\u00e1"},"content":{"rendered":"\n<p>A Prefeitura de Paranagu\u00e1 concluiu a revitaliza\u00e7\u00e3o da Pra\u00e7a Gersy de Almeida Fran\u00e7a, localizada no Rio das Pedras, em Alexandra.<\/p>\n\n\n\n<p>O espa\u00e7o comunit\u00e1rio estava abandonado h\u00e1 22 anos e voltou a ganhar vida com a instala\u00e7\u00e3o de paralelep\u00edpedos e bancos.<\/p>\n\n\n\n<p>Segundo Marcio Vega, secret\u00e1rio da Secretaria Municipal de Meio Ambiente, Desenvolvimento Rural e Pesca, as obras atendem o pedido dos moradores, que h\u00e1 anos aguardam por melhorias no local.&nbsp; &nbsp; &nbsp; &nbsp; &nbsp; &nbsp; &nbsp; &nbsp; &nbsp;<\/p>\n\n\n\n<p>\u201cConversando com alguns moradores daquela regi\u00e3o, eles me pediram que o local recebesse uma aten\u00e7\u00e3o especial e foi o que fizemos. No lugar do mato, colocamos paralelep\u00edpedos e bancos e com isso mudamos a cara do local\u201d, destacou o secret\u00e1rio.<\/p>\n\n\n\n<p>Para o morador Giovanni Chader Sim\u00f5es, que vive h\u00e1 sete anos na comunidade, a revitaliza\u00e7\u00e3o chegou em boa hora.<\/p>\n\n\n\n<p>\u201c\u00c9 a primeira melhoria que vejo aqui desde que me mudei. Apesar de simples, deu outra vis\u00e3o para o bairro e at\u00e9 ajudou no com\u00e9rcio local. J\u00e1 recebemos visitantes que acharam o espa\u00e7o muito bacana\u201d, afirmou.<\/p>\n\n\n\n<p>Com a obra, a expectativa \u00e9 que a pra\u00e7a seja melhor aproveitada pela popula\u00e7\u00e3o, servindo como ponto de encontro e lazer para os moradores em Alexandra e regi\u00e3o.<\/p>\n\n\n\n<p>Prefeitura de Paranagu\u00e1<\/p>\n","protected":false},"excerpt":{"rendered":"<p>A Prefeitura de Paranagu\u00e1 concluiu a revitaliza\u00e7\u00e3o da Pra\u00e7a Gersy de Almeida Fran\u00e7a, localizada no Rio das Pedras, em Alexandra. O espa\u00e7o comunit\u00e1rio estava abandonado h\u00e1 22 anos e voltou a ganhar vida com a instala\u00e7\u00e3o de paralelep\u00edpedos e bancos. Segundo Marcio Vega, secret\u00e1rio da Secretaria Municipal de Meio Ambiente, Desenvolvimento Rural e Pesca, as [&hellip;]<\/p>\n","protected":false},"author":2,"featured_media":73400,"comment_status":"open","ping_status":"open","sticky":false,"template":"","format":"standard","meta":{"advanced_seo_description":"","jetpack_seo_html_title":"","jetpack_seo_noindex":false,"_jetpack_memberships_contains_paid_content":false,"footnotes":""},"categories":[77],"tags":[],"class_list":{"0":"post-73399","1":"post","2":"type-post","3":"status-publish","4":"format-standard","5":"has-post-thumbnail","7":"category-paranagua"},"jetpack_featured_media_url":"https:\/\/www.paranapraia.com.br\/wp-content\/uploads\/2025\/10\/19578-scaled.jpg","jetpack_sharing_enabled":true,"_links":{"self":[{"href":"https:\/\/www.paranapraia.com.br\/index.php\/wp-json\/wp\/v2\/posts\/73399"}],"collection":[{"href":"https:\/\/www.paranapraia.com.br\/index.php\/wp-json\/wp\/v2\/posts"}],"about":[{"href":"https:\/\/www.paranapraia.com.br\/index.php\/wp-json\/wp\/v2\/types\/post"}],"author":[{"embeddable":true,"href":"https:\/\/www.paranapraia.com.br\/index.php\/wp-json\/wp\/v2\/users\/2"}],"replies":[{"embeddable":true,"href":"https:\/\/www.paranapraia.com.br\/index.php\/wp-json\/wp\/v2\/comments?post=73399"}],"version-history":[{"count":1,"href":"https:\/\/www.paranapraia.com.br\/index.php\/wp-json\/wp\/v2\/posts\/73399\/revisions"}],"predecessor-version":[{"id":73401,"href":"https:\/\/www.paranapraia.com.br\/index.php\/wp-json\/wp\/v2\/posts\/73399\/revisions\/73401"}],"wp:featuredmedia":[{"embeddable":true,"href":"https:\/\/www.paranapraia.com.br\/index.php\/wp-json\/wp\/v2\/media\/73400"}],"wp:attachment":[{"href":"https:\/\/www.paranapraia.com.br\/index.php\/wp-json\/wp\/v2\/media?parent=73399"}],"wp:term":[{"taxonomy":"category","embeddable":true,"href":"https:\/\/www.paranapraia.com.br\/index.php\/wp-json\/wp\/v2\/categories?post=73399"},{"taxonomy":"post_tag","embeddable":true,"href":"https:\/\/www.paranapraia.com.br\/index.php\/wp-json\/wp\/v2\/tags?post=73399"}],"curies":[{"name":"wp","href":"https:\/\/api.w.org\/{rel}","templated":true}]}}