{"id":73396,"date":"2025-10-13T16:07:47","date_gmt":"2025-10-13T19:07:47","guid":{"rendered":"https:\/\/www.paranapraia.com.br\/?p=73396"},"modified":"2025-10-13T16:07:49","modified_gmt":"2025-10-13T19:07:49","slug":"feira-de-adocao-garante-novos-lares-para-caes-e-gatos-em-paranagua","status":"publish","type":"post","link":"https:\/\/www.paranapraia.com.br\/index.php\/2025\/10\/13\/feira-de-adocao-garante-novos-lares-para-caes-e-gatos-em-paranagua\/","title":{"rendered":"Feira de Ado\u00e7\u00e3o garante novos lares para c\u00e3es e gatos em Paranagu\u00e1"},"content":{"rendered":"\n<p>A vida de Roseli de Lima de Oliveira, estagi\u00e1ria na Prefeitura de Paranagu\u00e1, ganhou mais alegria em maio deste ano. Ela \u00e9 uma das 200 pessoas que, nos \u00faltimos nove meses, abriram suas portas para c\u00e3es e gatos resgatados pela Secretaria Municipal de Servi\u00e7os Urbanos (Semsu), que j\u00e1 garantiu o resgate de mais de 320 animais neste per\u00edodo.<\/p>\n\n\n\n<p>Foi em uma feira de ado\u00e7\u00e3o promovida pela Semsu no Canil Municipal, no Aeroparque, que Roseli encontrou sua nova companheira para quem deu o nome Piricica, uma cadela de 3 anos.<\/p>\n\n\n\n<p>\u201cAdotei porque amo animais. J\u00e1 tenho uma cadela e um gato no meu quintal e se pudesse, adotava mais\u201d, confirmou a nova tutora.<\/p>\n\n\n\n<p>Muitas fam\u00edlias hesitam em adotar um segundo ou terceiro pet por preocupa\u00e7\u00e3o com a adapta\u00e7\u00e3o. No entanto, Roseli garante que \u00e9 uma quest\u00e3o de tempo e paci\u00eancia. \u201cEla se adaptou muito bem com eles e correu tudo bem\u201d, disse, provando que o amor supera as diferen\u00e7as.<\/p>\n\n\n\n<p><strong>Ado\u00e7\u00e3o e Sa\u00fade Felina<\/strong><\/p>\n\n\n\n<p>Inspirada por hist\u00f3rias como a de Roseli, a Prefeitura convida a popula\u00e7\u00e3o para uma nova Feira de Ado\u00e7\u00e3o de C\u00e3es e Gatos no pr\u00f3ximo s\u00e1bado, dia 18 de outubro, no Canil Municipal, localizado no Aeroparque.<\/p>\n\n\n\n<p>A feira oferece a chance de adotar animais de todas as idades e com diversas necessidades \u2013 o Canil possui, inclusive, pets com necessidades especiais a espera de um lar.<\/p>\n\n\n\n<p>O evento ter\u00e1 um diferencial importante para quem j\u00e1 tem felinos em casa: a vacina\u00e7\u00e3o gratuita de gatos. A Feira ocorrer\u00e1 das 9h \u00e0s 15h e a vacina\u00e7\u00e3o de gatos ser\u00e1 feita de 11h \u00e0s 13h. Quem tem um gatinho que precisa atualizar a tabela de vacinas, esta \u00e9 a oportunidade perfeita. Basta ter aten\u00e7\u00e3o ao hor\u00e1rio espec\u00edfico para a vacina\u00e7\u00e3o.<\/p>\n\n\n\n<p>Prefeitura de Paranagu\u00e1<\/p>\n","protected":false},"excerpt":{"rendered":"<p>A vida de Roseli de Lima de Oliveira, estagi\u00e1ria na Prefeitura de Paranagu\u00e1, ganhou mais alegria em maio deste ano. Ela \u00e9 uma das 200 pessoas que, nos \u00faltimos nove meses, abriram suas portas para c\u00e3es e gatos resgatados pela Secretaria Municipal de Servi\u00e7os Urbanos (Semsu), que j\u00e1 garantiu o resgate de mais de 320 [&hellip;]<\/p>\n","protected":false},"author":2,"featured_media":73397,"comment_status":"open","ping_status":"open","sticky":false,"template":"","format":"standard","meta":{"advanced_seo_description":"","jetpack_seo_html_title":"","jetpack_seo_noindex":false,"_jetpack_memberships_contains_paid_content":false,"footnotes":""},"categories":[77],"tags":[],"class_list":{"0":"post-73396","1":"post","2":"type-post","3":"status-publish","4":"format-standard","5":"has-post-thumbnail","7":"category-paranagua"},"jetpack_featured_media_url":"https:\/\/www.paranapraia.com.br\/wp-content\/uploads\/2025\/10\/561256875_1129172896059158_2927749482730663387_n.jpg","jetpack_sharing_enabled":true,"_links":{"self":[{"href":"https:\/\/www.paranapraia.com.br\/index.php\/wp-json\/wp\/v2\/posts\/73396"}],"collection":[{"href":"https:\/\/www.paranapraia.com.br\/index.php\/wp-json\/wp\/v2\/posts"}],"about":[{"href":"https:\/\/www.paranapraia.com.br\/index.php\/wp-json\/wp\/v2\/types\/post"}],"author":[{"embeddable":true,"href":"https:\/\/www.paranapraia.com.br\/index.php\/wp-json\/wp\/v2\/users\/2"}],"replies":[{"embeddable":true,"href":"https:\/\/www.paranapraia.com.br\/index.php\/wp-json\/wp\/v2\/comments?post=73396"}],"version-history":[{"count":1,"href":"https:\/\/www.paranapraia.com.br\/index.php\/wp-json\/wp\/v2\/posts\/73396\/revisions"}],"predecessor-version":[{"id":73398,"href":"https:\/\/www.paranapraia.com.br\/index.php\/wp-json\/wp\/v2\/posts\/73396\/revisions\/73398"}],"wp:featuredmedia":[{"embeddable":true,"href":"https:\/\/www.paranapraia.com.br\/index.php\/wp-json\/wp\/v2\/media\/73397"}],"wp:attachment":[{"href":"https:\/\/www.paranapraia.com.br\/index.php\/wp-json\/wp\/v2\/media?parent=73396"}],"wp:term":[{"taxonomy":"category","embeddable":true,"href":"https:\/\/www.paranapraia.com.br\/index.php\/wp-json\/wp\/v2\/categories?post=73396"},{"taxonomy":"post_tag","embeddable":true,"href":"https:\/\/www.paranapraia.com.br\/index.php\/wp-json\/wp\/v2\/tags?post=73396"}],"curies":[{"name":"wp","href":"https:\/\/api.w.org\/{rel}","templated":true}]}}