{"id":73393,"date":"2025-10-13T16:05:20","date_gmt":"2025-10-13T19:05:20","guid":{"rendered":"https:\/\/www.paranapraia.com.br\/?p=73393"},"modified":"2025-10-13T16:05:21","modified_gmt":"2025-10-13T19:05:21","slug":"portos-do-parana-promove-acoes-de-solidariedade-e-prevencao-no-outubro-rosa","status":"publish","type":"post","link":"https:\/\/www.paranapraia.com.br\/index.php\/2025\/10\/13\/portos-do-parana-promove-acoes-de-solidariedade-e-prevencao-no-outubro-rosa\/","title":{"rendered":"Portos do Paran\u00e1 promove a\u00e7\u00f5es de solidariedade e preven\u00e7\u00e3o no Outubro Rosa"},"content":{"rendered":"\n<p>A Portos do Paran\u00e1 realiza a partir desta quarta-feira (15) um s\u00e9rie de atividades para marcar o Outubro Rosa, que celebra o m\u00eas dedicado \u00e0 campanha internacional de conscientiza\u00e7\u00e3o sobre a preven\u00e7\u00e3o e o diagn\u00f3stico precoce do c\u00e2ncer de mama. A primeira a\u00e7\u00e3o&nbsp;ser\u00e1 uma roda de conversa reunindo as portu\u00e1rias, uma representante da Rede Feminina de Combate ao C\u00e2ncer e uma volunt\u00e1ria, tamb\u00e9m vinculada \u00e0 entidade e que est\u00e1 em fase de tratamento doen\u00e7a. Ser\u00e1 \u00e0s 9h30, no audit\u00f3rio do Pal\u00e1cio Taguar\u00e9.<\/p>\n\n\n\n<p>No mesmo dia, todos os funcion\u00e1rios poder\u00e3o doar len\u00e7os ao Hospital Erasto Gaertner, especializado no tratamento cl\u00ednico e cir\u00fargico de pacientes com doen\u00e7as oncol\u00f3gicas. Os len\u00e7os ser\u00e3o destinados a mulheres que tiveram de raspar a cabe\u00e7a por causa do tratamento por quimio e radioterapia. Haver\u00e1, ainda, um espa\u00e7o dedicado \u00e0 doa\u00e7\u00e3o de mechas de cabelo para a Rede Feminina de Combate ao C\u00e2ncer. O material coletado ser\u00e1 transformado em pr\u00f3teses capilares utilizadas por pacientes que passam pelo tratamento.<\/p>\n\n\n\n<p>\u201cO Outubro Rosa \u00e9 um convite \u00e0 conscientiza\u00e7\u00e3o de todas as portu\u00e1rias, pois cuidar da sa\u00fade tamb\u00e9m \u00e9 cuidar do nosso futuro e das pessoas que fazem parte da nossa hist\u00f3ria\u201d, afirmou o diretor-presidente da Portos do Paran\u00e1, Luiz Fernando Garcia.<\/p>\n\n\n\n<p>\u201cSer\u00e1 uma manh\u00e3 muito especial, um momento de acolhimento no ambiente de trabalho para estimular o cuidado com a sa\u00fade das colaboradoras. A preven\u00e7\u00e3o e o diagn\u00f3stico precoce salvam vidas\u201d, destacou a presidente da Rede Feminina, Luciana Pican\u00e7o Prunzel.<\/p>\n\n\n\n<p><strong>SOLIDARIEDADE<\/strong>&nbsp;&#8211;&nbsp;Em 2024, a Portos do Paran\u00e1 tamb\u00e9m realizou uma campanha de doa\u00e7\u00e3o de cabelos. As mechas foram entregues ao Instituto Peito Aberto, que produziu perucas destinadas a, pelo menos, seis pacientes.&nbsp;\u201cToda a\u00e7\u00e3o \u00e9 bem-vinda, mas a doa\u00e7\u00e3o de cabelo \u00e9 muito especial porque conseguimos fazer as perucas juntando mechas semelhantes, e elas trazem esperan\u00e7a para as nossas pacientes\u201d, explicou Jiseli Pirelli, volunt\u00e1ria h\u00e1 seis anos do Instituto Peito Aberto, respons\u00e1vel pela administra\u00e7\u00e3o e eventos da institui\u00e7\u00e3o.<\/p>\n\n\n\n<p>Uma das beneficiadas foi a cabeleireira Lorayne Miranda, que, aos 33 anos, descobriu um n\u00f3dulo no seio. \u201cForam seis meses de tratamento, e eu j\u00e1 sabia que meu cabelo ia cair, n\u00e9? Para n\u00e3o ter o trauma de sentir a queda dos fios, eu raspei tudo e me adorei carequinha. Agora, no final do meu tratamento, estou sentindo falta do meu cabelo\u201d, comentou.<\/p>\n\n\n\n<p>Lorayne recebeu duas perucas da institui\u00e7\u00e3o. \u201cAo me olhar no espelho e me ver de peruquinha, consegui puxar um pouquinho da minha identidade perdida quando raspei a cabe\u00e7a. Consegui me olhar no espelho e saber que um pouquinho daquele \u2018eu\u2019 perdido l\u00e1 atr\u00e1s ainda existia.\u201d<\/p>\n\n\n\n<p>O tratamento do c\u00e2ncer pode envolver cirurgia e tamb\u00e9m procedimentos como radioterapia e quimioterapia, que possuem efeitos colaterais \u2014 entre eles, a queda de cabelo. Isso ocorre porque os tratamentos matam as c\u00e9lulas cancer\u00edgenas, mas tamb\u00e9m podem afetar outras c\u00e9lulas, como as respons\u00e1veis pela forma\u00e7\u00e3o e crescimento do cabelo (fol\u00edculos pilosos).<\/p>\n\n\n\n<p>\u201cComo cabeleireira, vejo o quanto o cabelo \u00e9 importante para a mulher em geral, para se olhar no espelho e se achar bonita. N\u00e3o vou dizer pra voc\u00ea que raspar o meu cabelo n\u00e3o foi doloroso, pois o cabelo \u00e9 uma coisa que a gente cuida todo dia\u201d, desabafou Lorayne.<\/p>\n\n\n\n<p>No m\u00eas do Outubro Rosa, Lorayne deixa um recado para as mulheres: \u201cA minha mensagem vai al\u00e9m do cabelo. Hoje, o meu autocuidado \u00e9 muito maior. A gente, que \u00e9 mulher, tem essa de querer abra\u00e7ar o mundo e acaba se deixando de lado. Por isso, n\u00e3o tenha medo de ir ao m\u00e9dico, pois o diagn\u00f3stico precoce \u00e9 muito importante.\u201d<\/p>\n\n\n\n<p>Al\u00e9m da doa\u00e7\u00e3o de mechas, a Portos do Paran\u00e1 realizou outras a\u00e7\u00f5es em prol do Outubro Rosa em 2024, como a Feijoada Rosa \u2014 encontro beneficente que reuniu 250 colaboradoras da empresa e da comunidade portu\u00e1ria de Paranagu\u00e1. A feijoada arrecadou R$ 31.431,12 com a venda de ingressos e bebidas, valor doado integralmente \u00e0 Rede Feminina de Combate ao C\u00e2ncer de Paranagu\u00e1 e ao Instituto Peito Aberto.<\/p>\n\n\n\n<p>AEN\/PR<\/p>\n","protected":false},"excerpt":{"rendered":"<p>A Portos do Paran\u00e1 realiza a partir desta quarta-feira (15) um s\u00e9rie de atividades para marcar o Outubro Rosa, que celebra o m\u00eas dedicado \u00e0 campanha internacional de conscientiza\u00e7\u00e3o sobre a preven\u00e7\u00e3o e o diagn\u00f3stico precoce do c\u00e2ncer de mama. A primeira a\u00e7\u00e3o&nbsp;ser\u00e1 uma roda de conversa reunindo as portu\u00e1rias, uma representante da Rede Feminina [&hellip;]<\/p>\n","protected":false},"author":2,"featured_media":73394,"comment_status":"open","ping_status":"open","sticky":false,"template":"","format":"standard","meta":{"advanced_seo_description":"","jetpack_seo_html_title":"","jetpack_seo_noindex":false,"_jetpack_memberships_contains_paid_content":false,"footnotes":""},"categories":[40],"tags":[],"class_list":{"0":"post-73393","1":"post","2":"type-post","3":"status-publish","4":"format-standard","5":"has-post-thumbnail","7":"category-destaques"},"jetpack_featured_media_url":"https:\/\/www.paranapraia.com.br\/wp-content\/uploads\/2025\/10\/img_7854_1-scaled.jpg","jetpack_sharing_enabled":true,"_links":{"self":[{"href":"https:\/\/www.paranapraia.com.br\/index.php\/wp-json\/wp\/v2\/posts\/73393"}],"collection":[{"href":"https:\/\/www.paranapraia.com.br\/index.php\/wp-json\/wp\/v2\/posts"}],"about":[{"href":"https:\/\/www.paranapraia.com.br\/index.php\/wp-json\/wp\/v2\/types\/post"}],"author":[{"embeddable":true,"href":"https:\/\/www.paranapraia.com.br\/index.php\/wp-json\/wp\/v2\/users\/2"}],"replies":[{"embeddable":true,"href":"https:\/\/www.paranapraia.com.br\/index.php\/wp-json\/wp\/v2\/comments?post=73393"}],"version-history":[{"count":1,"href":"https:\/\/www.paranapraia.com.br\/index.php\/wp-json\/wp\/v2\/posts\/73393\/revisions"}],"predecessor-version":[{"id":73395,"href":"https:\/\/www.paranapraia.com.br\/index.php\/wp-json\/wp\/v2\/posts\/73393\/revisions\/73395"}],"wp:featuredmedia":[{"embeddable":true,"href":"https:\/\/www.paranapraia.com.br\/index.php\/wp-json\/wp\/v2\/media\/73394"}],"wp:attachment":[{"href":"https:\/\/www.paranapraia.com.br\/index.php\/wp-json\/wp\/v2\/media?parent=73393"}],"wp:term":[{"taxonomy":"category","embeddable":true,"href":"https:\/\/www.paranapraia.com.br\/index.php\/wp-json\/wp\/v2\/categories?post=73393"},{"taxonomy":"post_tag","embeddable":true,"href":"https:\/\/www.paranapraia.com.br\/index.php\/wp-json\/wp\/v2\/tags?post=73393"}],"curies":[{"name":"wp","href":"https:\/\/api.w.org\/{rel}","templated":true}]}}