{"id":73379,"date":"2025-10-13T11:14:29","date_gmt":"2025-10-13T14:14:29","guid":{"rendered":"https:\/\/www.paranapraia.com.br\/?p=73379"},"modified":"2025-10-13T11:14:31","modified_gmt":"2025-10-13T14:14:31","slug":"quando-a-mente-adoece-os-dentes-sofrem-o-impacto-invisivel-do-estresse","status":"publish","type":"post","link":"https:\/\/www.paranapraia.com.br\/index.php\/2025\/10\/13\/quando-a-mente-adoece-os-dentes-sofrem-o-impacto-invisivel-do-estresse\/","title":{"rendered":"Quando a mente adoece, os dentes sofrem: o impacto invis\u00edvel do estresse"},"content":{"rendered":"\n<p><em>Fatores f\u00edsicos e emocionais podem afetar diversas regi\u00f5es da boca<\/em><\/p>\n\n\n\n<p>Dados do Institut Public de Soundage d&#8217;Opinion Secteur (IPSO) ranquearam o Brasil em 4\u00ba lugar entre os pa\u00edses com a popula\u00e7\u00e3o que mais se estressa. Na frente do Brasil est\u00e3o Su\u00e9cia, Turquia e Pol\u00f4nia, de acordo com o relat\u00f3rio do Global World Mental Health Day. Como o estresse tem impacto no organismo como um todo, a sa\u00fade bucal tamb\u00e9m \u00e9 afetada.&nbsp;&nbsp;<\/p>\n\n\n\n<p>A integrante da C\u00e2mara T\u00e9cnica de Periodontia do Conselho Regional de Odontologia de S\u00e3o Paulo (CROSP), Dra. Luciana Scaff Vianna, explica que s\u00e3o muitas situa\u00e7\u00f5es que podem gerar estresse e desencadear altera\u00e7\u00f5es no organismo, inclusive na cavidade bucal. Entre os grupos que mais s\u00e3o atingidos pelo estresse, segundo a profissional, est\u00e3o os estudantes em momento de vestibular, profissionais com grande carga de responsabilidade, mulheres gr\u00e1vidas e pessoas acometidas de doen\u00e7as graves.&nbsp;<\/p>\n\n\n\n<p><em>\u201cPrevenir o estresse \u00e9 uma tarefa bem dif\u00edcil atualmente, por\u00e9m, uma vida saud\u00e1vel, com boa alimenta\u00e7\u00e3o, horas suficientes de sono, atividade f\u00edsica, lazer e medita\u00e7\u00e3o, pode auxiliar na preven\u00e7\u00e3o. Terapias podem ser necess\u00e1rias com profissional especializado, terapeuta, psic\u00f3logo, pr\u00e1ticas de relaxamento.\u201d,&nbsp;<\/em>orienta a Dra. Luciana Scaff.&nbsp;<\/p>\n\n\n\n<p>Uma das consequ\u00eancias do estresse para a sa\u00fade bucal \u00e9 o bruxismo. A presidente da C\u00e2mara T\u00e9cnica de Disfun\u00e7\u00e3o Temporomandibular e Dor Orofacial do CROSP, Dra. Maria de Lourdes Accorinte, esclarece que o bruxismo tem duas classifica\u00e7\u00f5es: o de vig\u00edlia, que fazemos quando acordados, e o do sono, que fazemos quando dormimos. O bruxismo de vig\u00edlia apresenta mais evid\u00eancias cient\u00edficas relacionadas com fatores emocionais.&nbsp;<\/p>\n\n\n\n<p>De acordo com a profissional, uma das caracter\u00edsticas do bruxismo \u00e9 o atrito e a press\u00e3o dos dentes, mas tamb\u00e9m pode ocorrer tens\u00e3o e movimenta\u00e7\u00e3o da mand\u00edbula mesmo que os dentes n\u00e3o se encostem. Esse transtorno pode causar desgastes dent\u00e1rios, fraturas de restaura\u00e7\u00f5es, de pr\u00f3teses e at\u00e9 de implantes. Tamb\u00e9m aumenta o risco de disfun\u00e7\u00e3o temporomandibular (DTM), que afeta a articula\u00e7\u00e3o que fica \u00e0 frente do ouvido, respons\u00e1vel pela movimenta\u00e7\u00e3o da boca, o que pode promover estalos articulares, dores para mastigar ou abrir a boca, al\u00e9m de dores irradiadas na face, na cabe\u00e7a e\/ou na regi\u00e3o cervical.<\/p>\n\n\n\n<p>Dra. Maria de Lourdes explica que o especialista em Disfun\u00e7\u00e3o Temporomandibular e Dor Orofacial possui um papel importante na manuten\u00e7\u00e3o da sa\u00fade bucal de pacientes com estresse, visto que est\u00e3o capacitados para analisar os fatores f\u00edsicos e os fatores emocionais correlacionados ao problema. O profissional pode diagnosticar e tratar as altera\u00e7\u00f5es f\u00edsicas ocorridas e avaliar a possibilidade para tratamento multidisciplinar com profissionais da sa\u00fade mental, psic\u00f3logos e psiquiatras.&nbsp;<\/p>\n\n\n\n<p><em>\u201cOs dispositivos interoclusais, como a placa de bruxismo, podem ser indicados para o controle dos efeitos delet\u00e9rios sobre as estruturas da cavidade bucal, dentes, osso alveolar, gengiva e&nbsp;<\/em><em>articula\u00e7\u00e3o temporomandibular (<\/em><em>ATM). Encontramos na literatura cient\u00edfica que esses dispositivos apresentam-se como terapia&nbsp; eficaz&nbsp; para o controle do transtorno, contudo o especialista pode individualizar a terapia&nbsp; para cada caso\u201d,&nbsp;<\/em>afirma a presidente da C\u00e2mara T\u00e9cnica de DTM e DOF do CROSP.&nbsp;<\/p>\n\n\n\n<p>A especialista ressaltou que nem toda disfun\u00e7\u00e3o temporomandibular \u00e9 causada pelo bruxismo, podendo ser originada de traumas, maus h\u00e1bitos, fatores reum\u00e1ticos e outras condi\u00e7\u00f5es.&nbsp;<\/p>\n\n\n\n<p>O estresse tamb\u00e9m atinge os idosos e pode causar efeitos na sa\u00fade bucal desses pacientes. A presidente da C\u00e2mara T\u00e9cnica de Odontogeriatria do CROSP, Dra. Denise Tib\u00e9rio, relata que o estresse em excesso, de modo frequente e intenso, causa comprometimento \u00e0 sa\u00fade. Artigos afirmam que, por meio do estresse, h\u00e1 acelera\u00e7\u00e3o do envelhecimento imunol\u00f3gico e cognitivo.&nbsp;<em>\u201cH\u00e1 uma diminui\u00e7\u00e3o na defesa org\u00e2nica do idoso frente \u00e0s bact\u00e9rias agressivas da cavidade oral e um risco maior de exacerbar o d\u00e9ficit cognitivo\u201d<\/em>, afirma a cirurgi\u00e3-dentista.&nbsp;<\/p>\n\n\n\n<p>A falta de cuidado da sa\u00fade bucal em idosos reflete o descuido que pode ocorrer no processo de envelhecimento. Se o idoso diminui a higiene bucal, h\u00e1 um maior risco de inflama\u00e7\u00e3o na gengiva e, com a inflama\u00e7\u00e3o cr\u00f4nica exacerbada e o decl\u00ednio cognitivo, as toxinas caem na circula\u00e7\u00e3o, atingindo o c\u00e9rebro.&nbsp;<\/p>\n\n\n\n<p>O Odontogeriatra possui conhecimento sobre o envelhecer em suas diversas fases. Inclusive, tamb\u00e9m possui base de conhecimento em rela\u00e7\u00e3o aos efeitos da polifarm\u00e1cia na cavidade oral, diminui\u00e7\u00e3o da nitidez visual e agilidade visual, dificuldade auditiva, mudan\u00e7a de paladar, altera\u00e7\u00e3o na for\u00e7a muscular e endurecimento das articula\u00e7\u00f5es.&nbsp;<\/p>\n\n\n\n<p>O Odontogeriatra \u00e9 o profissional com as habilidades necess\u00e1rias para lidar com os idosos, atrav\u00e9s dos procedimentos de preven\u00e7\u00e3o, reabilita\u00e7\u00e3o e manuten\u00e7\u00e3o da sa\u00fade. Tamb\u00e9m realiza o acompanhamento dos quadros de sa\u00fade em que o paciente se apresenta. Al\u00e9m disso, com o aux\u00edlio de pastas de dente diferenciadas, enxaguat\u00f3rios, escovas dent\u00e1rias modificadas, os profissionais realizam a orienta\u00e7\u00e3o e fazem o atendimento mais adequado.&nbsp;<\/p>\n\n\n\n<p>Entre as principais doen\u00e7as bucais que o estresse pode causar est\u00e3o doen\u00e7as periodontais, c\u00e1rie, les\u00f5es de mucosa (principalmente em idosos que fazem uso de polifarm\u00e1cia e o impacto na imunidade) e transtornos como o de bruxismo, resultando em dor orofacial e fratura nos dentes.&nbsp;&nbsp;<\/p>\n\n\n\n<p><strong>Sobre o CROSP<\/strong><\/p>\n\n\n\n<p>O&nbsp;<strong>Conselho Regional de Odontologia de S\u00e3o Paulo (CROSP)<\/strong>&nbsp;\u00e9 uma autarquia federal dotada de personalidade jur\u00eddica e de direito p\u00fablico com a finalidade de fiscalizar e supervisionar a \u00e9tica profissional em todo o Estado de S\u00e3o Paulo, cabendo-lhe zelar pelo perfeito desempenho \u00e9tico da Odontologia e pelo prest\u00edgio e bom conceito da profiss\u00e3o e dos que a exercem legalmente.<\/p>\n\n\n\n<p>Hoje, o&nbsp;<strong>CROSP<\/strong>&nbsp;conta com mais de 175 mil profissionais inscritos. Al\u00e9m dos cirurgi\u00f5es-dentistas, o CROSP det\u00e9m compet\u00eancia tamb\u00e9m para fiscalizar o exerc\u00edcio profissional e a conduta \u00e9tica dos T\u00e9cnicos em Pr\u00f3tese Dent\u00e1ria, T\u00e9cnicos em Sa\u00fade Bucal, Auxiliares em Sa\u00fade Bucal e Auxiliares em Pr\u00f3tese Dent\u00e1ria.<\/p>\n\n\n\n<p>Assessoria<\/p>\n\n\n\n<p><\/p>\n","protected":false},"excerpt":{"rendered":"<p>Fatores f\u00edsicos e emocionais podem afetar diversas regi\u00f5es da boca Dados do Institut Public de Soundage d&#8217;Opinion Secteur (IPSO) ranquearam o Brasil em 4\u00ba lugar entre os pa\u00edses com a popula\u00e7\u00e3o que mais se estressa. Na frente do Brasil est\u00e3o Su\u00e9cia, Turquia e Pol\u00f4nia, de acordo com o relat\u00f3rio do Global World Mental Health Day. [&hellip;]<\/p>\n","protected":false},"author":2,"featured_media":73380,"comment_status":"open","ping_status":"open","sticky":false,"template":"","format":"standard","meta":{"advanced_seo_description":"","jetpack_seo_html_title":"","jetpack_seo_noindex":false,"_jetpack_memberships_contains_paid_content":false,"footnotes":""},"categories":[50],"tags":[],"class_list":{"0":"post-73379","1":"post","2":"type-post","3":"status-publish","4":"format-standard","5":"has-post-thumbnail","7":"category-saude"},"jetpack_featured_media_url":"https:\/\/www.paranapraia.com.br\/wp-content\/uploads\/2025\/10\/iStock-2171190437.jpg","jetpack_sharing_enabled":true,"_links":{"self":[{"href":"https:\/\/www.paranapraia.com.br\/index.php\/wp-json\/wp\/v2\/posts\/73379"}],"collection":[{"href":"https:\/\/www.paranapraia.com.br\/index.php\/wp-json\/wp\/v2\/posts"}],"about":[{"href":"https:\/\/www.paranapraia.com.br\/index.php\/wp-json\/wp\/v2\/types\/post"}],"author":[{"embeddable":true,"href":"https:\/\/www.paranapraia.com.br\/index.php\/wp-json\/wp\/v2\/users\/2"}],"replies":[{"embeddable":true,"href":"https:\/\/www.paranapraia.com.br\/index.php\/wp-json\/wp\/v2\/comments?post=73379"}],"version-history":[{"count":1,"href":"https:\/\/www.paranapraia.com.br\/index.php\/wp-json\/wp\/v2\/posts\/73379\/revisions"}],"predecessor-version":[{"id":73381,"href":"https:\/\/www.paranapraia.com.br\/index.php\/wp-json\/wp\/v2\/posts\/73379\/revisions\/73381"}],"wp:featuredmedia":[{"embeddable":true,"href":"https:\/\/www.paranapraia.com.br\/index.php\/wp-json\/wp\/v2\/media\/73380"}],"wp:attachment":[{"href":"https:\/\/www.paranapraia.com.br\/index.php\/wp-json\/wp\/v2\/media?parent=73379"}],"wp:term":[{"taxonomy":"category","embeddable":true,"href":"https:\/\/www.paranapraia.com.br\/index.php\/wp-json\/wp\/v2\/categories?post=73379"},{"taxonomy":"post_tag","embeddable":true,"href":"https:\/\/www.paranapraia.com.br\/index.php\/wp-json\/wp\/v2\/tags?post=73379"}],"curies":[{"name":"wp","href":"https:\/\/api.w.org\/{rel}","templated":true}]}}