{"id":73375,"date":"2025-10-13T11:07:38","date_gmt":"2025-10-13T14:07:38","guid":{"rendered":"https:\/\/www.paranapraia.com.br\/?p=73375"},"modified":"2025-10-13T11:07:40","modified_gmt":"2025-10-13T14:07:40","slug":"prefeitura-de-paranagua-realiza-acao-de-pequenas-cirurgias-e-reduz-fila-de-espera","status":"publish","type":"post","link":"https:\/\/www.paranapraia.com.br\/index.php\/2025\/10\/13\/prefeitura-de-paranagua-realiza-acao-de-pequenas-cirurgias-e-reduz-fila-de-espera\/","title":{"rendered":"Prefeitura de Paranagu\u00e1 realiza a\u00e7\u00e3o de pequenas cirurgias e reduz fila de espera"},"content":{"rendered":"\n<p>A Prefeitura de Paranagu\u00e1 realizou neste s\u00e1bado, 11, uma a\u00e7\u00e3o especial para reduzir a fila de pequenas cirurgias ambulatoriais. A iniciativa aconteceu no Centro de Especialidades Jo\u00e3o Paulo II, na regi\u00e3o sul da cidade.<\/p>\n\n\n\n<p>Ao todo, 25 pacientes foram atendidos, passando por procedimentos como remo\u00e7\u00e3o de verrugas e pequenas interven\u00e7\u00f5es dermatol\u00f3gicas.<\/p>\n\n\n\n<p>O prefeito Adriano Ramos destacou que essas a\u00e7\u00f5es fazem parte das determina\u00e7\u00f5es da gest\u00e3o para reduzir filas e ampliar o acesso aos servi\u00e7os de sa\u00fade. \u201cEssa a\u00e7\u00e3o reduz filas, d\u00e1 maior qualidade de vida aos cidad\u00e3os que aguardavam na fila para realizar estes pequenos procedimentos. Estamos trabalhando para realizar novas a\u00e7\u00f5es como estas&#8221;, afirmou o prefeito.<\/p>\n\n\n\n<p>O secret\u00e1rio municipal de Sa\u00fade, Daniel Fangueiro, falou sobre a a\u00e7\u00e3o. \u201cA\u00e7\u00f5es como estas s\u00e3o fundamentais para agilizar os atendimentos e melhorar a qualidade de vida da popula\u00e7\u00e3o\u201d, declarou.<\/p>\n\n\n\n<p>Efic\u00e1cia nos resultados<\/p>\n\n\n\n<p>Um dos atendidos foi Ricardo Moura, que realizou a remo\u00e7\u00e3o de uma verruga no nariz. Segundo ele, o inc\u00f4modo j\u00e1 o acompanhava h\u00e1 anos. \u201cFazia muito tempo que essa verruga me incomodava. Fiquei muito satisfeito com o atendimento e feliz por ser atendido. Acredito que essas a\u00e7\u00f5es s\u00e3o muito importantes para o cidad\u00e3o\u201d, afirmou.<\/p>\n\n\n\n<p>A paciente Bianca Rodrigues, realizou a remo\u00e7\u00e3o de cistos no couro cabeludo e tamb\u00e9m elogiou o atendimento. \u201cFui muito bem atendida aqui hoje. O m\u00e9dico e toda a equipe foram simp\u00e1ticos e atenciosos. Estava h\u00e1 muito tempo na fila, desde o ano passado, e estou indo embora satisfeita\u201d, contou.<\/p>\n\n\n\n<p>Prefeitura de Paranagu\u00e1<\/p>\n","protected":false},"excerpt":{"rendered":"<p>A Prefeitura de Paranagu\u00e1 realizou neste s\u00e1bado, 11, uma a\u00e7\u00e3o especial para reduzir a fila de pequenas cirurgias ambulatoriais. A iniciativa aconteceu no Centro de Especialidades Jo\u00e3o Paulo II, na regi\u00e3o sul da cidade. Ao todo, 25 pacientes foram atendidos, passando por procedimentos como remo\u00e7\u00e3o de verrugas e pequenas interven\u00e7\u00f5es dermatol\u00f3gicas. O prefeito Adriano Ramos [&hellip;]<\/p>\n","protected":false},"author":2,"featured_media":73377,"comment_status":"open","ping_status":"open","sticky":false,"template":"","format":"standard","meta":{"advanced_seo_description":"","jetpack_seo_html_title":"","jetpack_seo_noindex":false,"_jetpack_memberships_contains_paid_content":false,"footnotes":""},"categories":[77],"tags":[],"class_list":{"0":"post-73375","1":"post","2":"type-post","3":"status-publish","4":"format-standard","5":"has-post-thumbnail","7":"category-paranagua"},"jetpack_featured_media_url":"https:\/\/www.paranapraia.com.br\/wp-content\/uploads\/2025\/10\/19565-scaled.jpg","jetpack_sharing_enabled":true,"_links":{"self":[{"href":"https:\/\/www.paranapraia.com.br\/index.php\/wp-json\/wp\/v2\/posts\/73375"}],"collection":[{"href":"https:\/\/www.paranapraia.com.br\/index.php\/wp-json\/wp\/v2\/posts"}],"about":[{"href":"https:\/\/www.paranapraia.com.br\/index.php\/wp-json\/wp\/v2\/types\/post"}],"author":[{"embeddable":true,"href":"https:\/\/www.paranapraia.com.br\/index.php\/wp-json\/wp\/v2\/users\/2"}],"replies":[{"embeddable":true,"href":"https:\/\/www.paranapraia.com.br\/index.php\/wp-json\/wp\/v2\/comments?post=73375"}],"version-history":[{"count":1,"href":"https:\/\/www.paranapraia.com.br\/index.php\/wp-json\/wp\/v2\/posts\/73375\/revisions"}],"predecessor-version":[{"id":73378,"href":"https:\/\/www.paranapraia.com.br\/index.php\/wp-json\/wp\/v2\/posts\/73375\/revisions\/73378"}],"wp:featuredmedia":[{"embeddable":true,"href":"https:\/\/www.paranapraia.com.br\/index.php\/wp-json\/wp\/v2\/media\/73377"}],"wp:attachment":[{"href":"https:\/\/www.paranapraia.com.br\/index.php\/wp-json\/wp\/v2\/media?parent=73375"}],"wp:term":[{"taxonomy":"category","embeddable":true,"href":"https:\/\/www.paranapraia.com.br\/index.php\/wp-json\/wp\/v2\/categories?post=73375"},{"taxonomy":"post_tag","embeddable":true,"href":"https:\/\/www.paranapraia.com.br\/index.php\/wp-json\/wp\/v2\/tags?post=73375"}],"curies":[{"name":"wp","href":"https:\/\/api.w.org\/{rel}","templated":true}]}}