{"id":73274,"date":"2025-10-10T10:18:47","date_gmt":"2025-10-10T13:18:47","guid":{"rendered":"https:\/\/www.paranapraia.com.br\/?p=73274"},"modified":"2025-10-10T10:18:50","modified_gmt":"2025-10-10T13:18:50","slug":"pontal-do-parana-integra-comitiva-brasileira-em-encontro-na-embaixada-do-brasil-no-paraguai","status":"publish","type":"post","link":"https:\/\/www.paranapraia.com.br\/index.php\/2025\/10\/10\/pontal-do-parana-integra-comitiva-brasileira-em-encontro-na-embaixada-do-brasil-no-paraguai\/","title":{"rendered":"Pontal do Paran\u00e1 integra comitiva brasileira em encontro na Embaixada do Brasil no Paraguai"},"content":{"rendered":"\n<p><a><\/a>Primeiro dia da agenda da FITPAR 2025 reuniu representantes do turismo do Brasil e do Paraguai para ampliar oportunidades de neg\u00f3cios e coopera\u00e7\u00e3o entre os dois pa\u00edses.<\/p>\n\n\n\n<p>O prefeito de Pontal do Paran\u00e1, Rud\u00e3o Gimenes, participou nesta quinta-feira (10) de um encontro na Embaixada do Brasil em Assun\u00e7\u00e3o, que abriu as atividades da Feira Internacional de Turismo do Paraguai (FITPAR 2025). A reuni\u00e3o contou com representantes de secretarias estaduais e municipais de turismo de v\u00e1rias regi\u00f5es do Brasil, agentes do setor e redes hoteleiras, com foco em fortalecer o ambiente de neg\u00f3cios e ampliar o interc\u00e2mbio tur\u00edstico entre os pa\u00edses.<\/p>\n\n\n\n<p>A comitiva de Pontal do Paran\u00e1 foi formada pela secret\u00e1ria de Turismo e Desenvolvimento Econ\u00f4mico, Luciana Goldschmidt Costa , pela diretora de Turismo, Nathalia Centurion Franzoi, pelo superintendente de Comunica\u00e7\u00e3o, Marcelo Elisio, e por Dona Cida Gimenes, presidente de honra do Provopar que acompanha a equipe.<\/p>\n\n\n\n<p>Tamb\u00e9m participaram representantes das cidades de Matinhos e Morretes, al\u00e9m do presidente da Adetur Litoral, Rafael Folman, e demais dirigentes da entidade. <\/p>\n\n\n\n<p>O encontro foi conduzido pelo embaixador do Brasil no Paraguai, Jos\u00e9 Antonio Marcondes de Carvalho, e contou com a recep\u00e7\u00e3o do Setor de Promo\u00e7\u00e3o de Com\u00e9rcio, Investimentos e Turismo (SECOM), vinculado ao Minist\u00e9rio das Rela\u00e7\u00f5es Exteriores. O diplomata Henri Yves Pinal Carri\u00e8res, respons\u00e1vel pelo setor, recepcionou a comitiva e acompanhou a reuni\u00e3o realizada na sede da Embaixada. <\/p>\n\n\n\n<p>\u201cEste tipo de encontro abre espa\u00e7o para o di\u00e1logo direto entre gestores p\u00fablicos e o setor privado, criando oportunidades reais de neg\u00f3cios e coopera\u00e7\u00e3o em turismo, cultura e servi\u00e7os. O Paraguai \u00e9 hoje um parceiro estrat\u00e9gico para o Brasil, e essa integra\u00e7\u00e3o regional fortalece ambas as economias\u201d, afirmou o embaixador.<\/p>\n\n\n\n<p>Durante o evento, o prefeito Rud\u00e3o Gimenes ressaltou o papel do litoral do Paran\u00e1 no contexto tur\u00edstico da regi\u00e3o sul.<\/p>\n\n\n\n<p>\u201cParticipar da FITPAR nos permite mostrar o potencial do nosso litoral e construir parcerias que possam gerar resultados concretos para o desenvolvimento do turismo local. Estamos aqui para apresentar Pontal do Paran\u00e1 e o litoral do Paran\u00e1 como um destino conectado com o futuro do turismo sustent\u00e1vel e integrado\u201d, disse o prefeito.<\/p>\n\n\n\n<p>A secret\u00e1ria Luciana Costa refor\u00e7ou que a participa\u00e7\u00e3o de Pontal do Paran\u00e1 na feira \u00e9 resultado de um trabalho cont\u00ednuo de articula\u00e7\u00e3o com os munic\u00edpios vizinhos e entidades regionais.<\/p>\n\n\n\n<p>\u201cO turismo \u00e9 uma atividade que depende de coopera\u00e7\u00e3o e presen\u00e7a institucional. Estar na FITPAR \u00e9 uma forma de posicionar Pontal e o litoral do Paran\u00e1 em um cen\u00e1rio internacional, dialogando com operadores e investidores interessados em novos destinos\u201d, afirmou Luciana.<\/p>\n\n\n\n<p>A FITPAR 2025 segue at\u00e9 s\u00e1bado (12), no Centro de Convenciones Mariscal, em Assun\u00e7\u00e3o. O evento re\u00fane mais de 200 expositores nacionais e internacionais, representando cerca de 350 marcas e destinos tur\u00edsticos. O Paraguai abriga a terceira maior comunidade de brasileiros no exterior, atr\u00e1s apenas dos Estados Unidos e de Portugal, o que refor\u00e7a o potencial de integra\u00e7\u00e3o entre os dois pa\u00edses no setor tur\u00edstico. <\/p>\n\n\n\n<p>Prefeitura Municipal Pontal do Paran\u00e1<\/p>\n\n\n\n<p><\/p>\n","protected":false},"excerpt":{"rendered":"<p>Primeiro dia da agenda da FITPAR 2025 reuniu representantes do turismo do Brasil e do Paraguai para ampliar oportunidades de neg\u00f3cios e coopera\u00e7\u00e3o entre os dois pa\u00edses. O prefeito de Pontal do Paran\u00e1, Rud\u00e3o Gimenes, participou nesta quinta-feira (10) de um encontro na Embaixada do Brasil em Assun\u00e7\u00e3o, que abriu as atividades da Feira Internacional [&hellip;]<\/p>\n","protected":false},"author":2,"featured_media":73275,"comment_status":"open","ping_status":"open","sticky":false,"template":"","format":"standard","meta":{"advanced_seo_description":"","jetpack_seo_html_title":"","jetpack_seo_noindex":false,"_jetpack_memberships_contains_paid_content":false,"footnotes":""},"categories":[65],"tags":[],"class_list":{"0":"post-73274","1":"post","2":"type-post","3":"status-publish","4":"format-standard","5":"has-post-thumbnail","7":"category-pontal-do-parana"},"jetpack_featured_media_url":"https:\/\/www.paranapraia.com.br\/wp-content\/uploads\/2025\/10\/558877489_1154126640149625_1519385056846323662_n.jpg","jetpack_sharing_enabled":true,"_links":{"self":[{"href":"https:\/\/www.paranapraia.com.br\/index.php\/wp-json\/wp\/v2\/posts\/73274"}],"collection":[{"href":"https:\/\/www.paranapraia.com.br\/index.php\/wp-json\/wp\/v2\/posts"}],"about":[{"href":"https:\/\/www.paranapraia.com.br\/index.php\/wp-json\/wp\/v2\/types\/post"}],"author":[{"embeddable":true,"href":"https:\/\/www.paranapraia.com.br\/index.php\/wp-json\/wp\/v2\/users\/2"}],"replies":[{"embeddable":true,"href":"https:\/\/www.paranapraia.com.br\/index.php\/wp-json\/wp\/v2\/comments?post=73274"}],"version-history":[{"count":1,"href":"https:\/\/www.paranapraia.com.br\/index.php\/wp-json\/wp\/v2\/posts\/73274\/revisions"}],"predecessor-version":[{"id":73276,"href":"https:\/\/www.paranapraia.com.br\/index.php\/wp-json\/wp\/v2\/posts\/73274\/revisions\/73276"}],"wp:featuredmedia":[{"embeddable":true,"href":"https:\/\/www.paranapraia.com.br\/index.php\/wp-json\/wp\/v2\/media\/73275"}],"wp:attachment":[{"href":"https:\/\/www.paranapraia.com.br\/index.php\/wp-json\/wp\/v2\/media?parent=73274"}],"wp:term":[{"taxonomy":"category","embeddable":true,"href":"https:\/\/www.paranapraia.com.br\/index.php\/wp-json\/wp\/v2\/categories?post=73274"},{"taxonomy":"post_tag","embeddable":true,"href":"https:\/\/www.paranapraia.com.br\/index.php\/wp-json\/wp\/v2\/tags?post=73274"}],"curies":[{"name":"wp","href":"https:\/\/api.w.org\/{rel}","templated":true}]}}