{"id":73265,"date":"2025-10-09T17:08:03","date_gmt":"2025-10-09T20:08:03","guid":{"rendered":"https:\/\/www.paranapraia.com.br\/?p=73265"},"modified":"2025-10-09T17:08:06","modified_gmt":"2025-10-09T20:08:06","slug":"caderneta-em-dia-saude-reforca-importancia-da-cobertura-vacinal-contra-o-sarampo","status":"publish","type":"post","link":"https:\/\/www.paranapraia.com.br\/index.php\/2025\/10\/09\/caderneta-em-dia-saude-reforca-importancia-da-cobertura-vacinal-contra-o-sarampo\/","title":{"rendered":"Caderneta em dia: Sa\u00fade refor\u00e7a import\u00e2ncia da cobertura vacinal contra o sarampo"},"content":{"rendered":"\n<p>A Secret\u00e1ria de Estado da Sa\u00fade (Sesa-PR) refor\u00e7a a import\u00e2ncia da vacina\u00e7\u00e3o para preven\u00e7\u00e3o do sarampo diante do alerta da Organiza\u00e7\u00e3o Pan-Americana da Sa\u00fade (Opas), que reportou um aumento de 34 vezes no n\u00famero de casos da doen\u00e7a nas Am\u00e9ricas, em 2025, em compara\u00e7\u00e3o com o ano anterior.<\/p>\n\n\n\n<p>\u201cNossa vigil\u00e2ncia precisa ser constante. O sarampo est\u00e1 circulando em pa\u00edses vizinhos e a \u00fanica barreira efetiva que temos \u00e9 a vacina. Fazemos um apelo especial aos pais e respons\u00e1veis que verifiquem a caderneta de vacina\u00e7\u00e3o de seus filhos e, se houver doses em atraso, procurem a unidade de sa\u00fade mais pr\u00f3xima\u201d, disse o secret\u00e1rio de Estado da Sa\u00fade, Beto Preto.<\/p>\n\n\n\n<p>\u201cAos nossos jovens e adultos, que t\u00eam d\u00favidas sobre estar ou n\u00e3o com a imuniza\u00e7\u00e3o em dia, a vacina\u00e7\u00e3o est\u00e1 dispon\u00edvel em todas as Unidades B\u00e1sicas de Sa\u00fade. A vacina \u00e9 um ato de prote\u00e7\u00e3o individual e coletiva\u201d, acrescentou.<\/p>\n\n\n\n<p>De acordo com o levantamento da Sesa, a cobertura vacinal no Estado para a primeira dose da vacina tr\u00edplice viral, que protege crian\u00e7as menores de dois anos contra sarampo, caxumba e rub\u00e9ola, est\u00e1 em 93,03%. A segunda dose, essencial para garantir a imuniza\u00e7\u00e3o completa, alcan\u00e7a 82,48% deste p\u00fablico.<\/p>\n\n\n\n<p>Com exce\u00e7\u00e3o das regionais de sa\u00fade de Paranagu\u00e1 e Foz do Igua\u00e7u, todas as demais registram m\u00e9dias de segunda dose aplicada entre 70% e 95%.<\/p>\n\n\n\n<p>O sarampo \u00e9 uma doen\u00e7a viral aguda, extremamente contagiosa e que pode levar a complica\u00e7\u00f5es graves, como pneumonia, encefalite e at\u00e9 \u00e0 morte. Uma pessoa infectada pode transmitir o v\u00edrus para at\u00e9 outras 18 que n\u00e3o estejam imunizadas, um \u00edndice de transmiss\u00e3o superior ao de doen\u00e7as como coqueluche, rub\u00e9ola e gripe. N\u00e3o h\u00e1 casos de sarampo no Paran\u00e1 desde 2020.<\/p>\n\n\n\n<p><strong>ESQUEMA VACINAL<\/strong>&nbsp;\u2013 A vacina\u00e7\u00e3o contra o sarampo \u00e9 oferecida gratuitamente em todas as Unidades B\u00e1sicas de Sa\u00fade (UBS) do Estado.<\/p>\n\n\n\n<p>Para crian\u00e7as, o Paran\u00e1 fortaleceu o esquema de vacina\u00e7\u00e3o com aplica\u00e7\u00e3o da &#8220;dose zero&#8221; para beb\u00eas de 6 meses a menores de 1 ano de idade e aplicou mais de 22.298 doses de vacinas nessa faixa et\u00e1ria.<\/p>\n\n\n\n<p>A necessidade de imunizar os beb\u00eas atende uma recomenda\u00e7\u00e3o do Minist\u00e9rio da Sa\u00fade e ocorre em fun\u00e7\u00e3o da proximidade do Paran\u00e1 de pa\u00edses que j\u00e1 possuem casos registrados, como a Bol\u00edvia, a Argentina e o Paraguai. O calend\u00e1rio regular \u00e9 com a primeira dose aos 12 meses e a segunda aos 15 meses.<\/p>\n\n\n\n<p>Em jovens e adultos at\u00e9 29 anos, o esquema vacinal \u00e9 de duas doses da tr\u00edplice viral. Em adultos entre 30 e 59 anos, o esquema recomendado \u00e9 de uma dose. Trabalhadores de sa\u00fade, independente da idade, necessitam receber duas doses.<\/p>\n\n\n\n<p><strong>REFOR\u00c7O EM ADULTOS<\/strong>&nbsp;\u2013 Na in\u00edcio do m\u00eas, o Governo do Estado, por meio da Secretaria da Sa\u00fade (Sesa), promoveu uma a\u00e7\u00e3o no Porto Seco de Foz do Igua\u00e7u que vacinou cerca de 200 motoristas contra sarampo, caxumba, rub\u00e9ola, febre amarela, hepatite B, difteria e t\u00e9tano.<\/p>\n\n\n\n<p>As a\u00e7\u00f5es externas t\u00eam como objetivo levar a sa\u00fade at\u00e9 locais de grande circula\u00e7\u00e3o ou de dif\u00edcil acesso, aproximando os servi\u00e7os da popula\u00e7\u00e3o e garantindo que todos tenham a oportunidade de se vacinar, mesmo fora dos hor\u00e1rios e unidades tradicionais de atendimento.<\/p>\n\n\n\n<p>A iniciativa integra o conjunto de estrat\u00e9gias do Governo do Estado para ampliar a cobertura vacinal e fortalecer a preven\u00e7\u00e3o de doen\u00e7as entre diferentes p\u00fablicos, refor\u00e7ando a imuniza\u00e7\u00e3o como uma das medidas mais eficazes de prote\u00e7\u00e3o \u00e0 sa\u00fade.<\/p>\n\n\n\n<p><strong>CASOS CONFIRMADOS<\/strong>&nbsp;\u2013 De acordo com a Organiza\u00e7\u00e3o Pan-Americana da Sa\u00fade (Opas), at\u00e9 12 de setembro, foram confirmados 11.313 casos e 23 mortes em 10 pa\u00edses. Canad\u00e1, M\u00e9xico e Estados Unidos representam 96% dos casos confirmados na Am\u00e9rica.<\/p>\n\n\n\n<p>Bol\u00edvia, Argentina, Belize, Paraguai, Peru e Costa Rica tamb\u00e9m reportaram casos, embora em n\u00fameros mais reduzidos. No Brasil, foram registrados cinco casos, sendo dois no Rio de Janeiro, um em S\u00e3o Paulo, um no Rio Grande do Sul e um no Distrito Federal.<\/p>\n\n\n\n<p><strong>CAMPANHA NACIONAL<\/strong>&nbsp;\u2013 O Minist\u00e9rio da Sa\u00fade iniciou nesta semana a Campanha Nacional de Multivacina\u00e7\u00e3o, que ocorre de 6 a 31 de outubro, com um &#8220;Dia D&#8221; de mobiliza\u00e7\u00e3o em 18 de outubro. A campanha visa atualizar a caderneta de vacina\u00e7\u00e3o de crian\u00e7as e adolescentes menores de 15 anos e refor\u00e7ar a imuniza\u00e7\u00e3o contra o sarampo em diversas faixas et\u00e1rias.<\/p>\n\n\n\n<p>AEN\/PR<\/p>\n","protected":false},"excerpt":{"rendered":"<p>A Secret\u00e1ria de Estado da Sa\u00fade (Sesa-PR) refor\u00e7a a import\u00e2ncia da vacina\u00e7\u00e3o para preven\u00e7\u00e3o do sarampo diante do alerta da Organiza\u00e7\u00e3o Pan-Americana da Sa\u00fade (Opas), que reportou um aumento de 34 vezes no n\u00famero de casos da doen\u00e7a nas Am\u00e9ricas, em 2025, em compara\u00e7\u00e3o com o ano anterior. \u201cNossa vigil\u00e2ncia precisa ser constante. O sarampo [&hellip;]<\/p>\n","protected":false},"author":2,"featured_media":73266,"comment_status":"open","ping_status":"open","sticky":false,"template":"","format":"standard","meta":{"advanced_seo_description":"","jetpack_seo_html_title":"","jetpack_seo_noindex":false,"_jetpack_memberships_contains_paid_content":false,"footnotes":""},"categories":[50],"tags":[],"class_list":{"0":"post-73265","1":"post","2":"type-post","3":"status-publish","4":"format-standard","5":"has-post-thumbnail","7":"category-saude"},"jetpack_featured_media_url":"https:\/\/www.paranapraia.com.br\/wp-content\/uploads\/2025\/10\/vac_sarampo.jpg","jetpack_sharing_enabled":true,"_links":{"self":[{"href":"https:\/\/www.paranapraia.com.br\/index.php\/wp-json\/wp\/v2\/posts\/73265"}],"collection":[{"href":"https:\/\/www.paranapraia.com.br\/index.php\/wp-json\/wp\/v2\/posts"}],"about":[{"href":"https:\/\/www.paranapraia.com.br\/index.php\/wp-json\/wp\/v2\/types\/post"}],"author":[{"embeddable":true,"href":"https:\/\/www.paranapraia.com.br\/index.php\/wp-json\/wp\/v2\/users\/2"}],"replies":[{"embeddable":true,"href":"https:\/\/www.paranapraia.com.br\/index.php\/wp-json\/wp\/v2\/comments?post=73265"}],"version-history":[{"count":1,"href":"https:\/\/www.paranapraia.com.br\/index.php\/wp-json\/wp\/v2\/posts\/73265\/revisions"}],"predecessor-version":[{"id":73267,"href":"https:\/\/www.paranapraia.com.br\/index.php\/wp-json\/wp\/v2\/posts\/73265\/revisions\/73267"}],"wp:featuredmedia":[{"embeddable":true,"href":"https:\/\/www.paranapraia.com.br\/index.php\/wp-json\/wp\/v2\/media\/73266"}],"wp:attachment":[{"href":"https:\/\/www.paranapraia.com.br\/index.php\/wp-json\/wp\/v2\/media?parent=73265"}],"wp:term":[{"taxonomy":"category","embeddable":true,"href":"https:\/\/www.paranapraia.com.br\/index.php\/wp-json\/wp\/v2\/categories?post=73265"},{"taxonomy":"post_tag","embeddable":true,"href":"https:\/\/www.paranapraia.com.br\/index.php\/wp-json\/wp\/v2\/tags?post=73265"}],"curies":[{"name":"wp","href":"https:\/\/api.w.org\/{rel}","templated":true}]}}